{"id":3437,"date":"2011-04-13T02:24:32","date_gmt":"2011-04-13T02:24:32","guid":{"rendered":"http:\/\/www.hoymercedes.com.ar\/principal\/?p=3437"},"modified":"2011-04-13T02:24:32","modified_gmt":"2011-04-13T02:24:32","slug":"se-registraron-cambios-de-autoridades-en-la-unidad-5-y-en-el-complejo-penitenciario-norte","status":"publish","type":"post","link":"https:\/\/www.hoymercedes.com.ar\/principal\/2011\/04\/13\/se-registraron-cambios-de-autoridades-en-la-unidad-5-y-en-el-complejo-penitenciario-norte\/","title":{"rendered":"Se registraron cambios de autoridades en la Unidad 5  y en el Complejo Penitenciario Norte"},"content":{"rendered":"<p>En las \u00faltimas horas por disposici\u00f3n de las autoridades del Servicio Penitenciario Bonaerense se llev\u00f3 a cabo el acto en el cual fue puesto en funciones el nuevo titular del Penal, Prefecto Mayor Melit\u00f3n Gines qui\u00e9n reemplaza al mercedino , Inspector Mayor Rafael Barbatto qui\u00e9n a su vez fue designado Jefe del Complejo Penitenciario Norte.<\/p>\n<p><a href=\"https:\/\/www.hoymercedes.com.ar\/principal\/wp-content\/uploads\/2011\/04\/asuncionesU5.jpg\"><img loading=\"lazy\" decoding=\"async\" data-attachment-id=\"3439\" data-permalink=\"https:\/\/www.hoymercedes.com.ar\/principal\/2011\/04\/13\/se-registraron-cambios-de-autoridades-en-la-unidad-5-y-en-el-complejo-penitenciario-norte\/asuncionesu5\/#main\" data-orig-file=\"https:\/\/www.hoymercedes.com.ar\/principal\/wp-content\/uploads\/2011\/04\/asuncionesU5.jpg\" data-orig-size=\"500,375\" data-comments-opened=\"1\" data-image-meta=\"{&quot;aperture&quot;:&quot;4&quot;,&quot;credit&quot;:&quot;&quot;,&quot;camera&quot;:&quot;KODAK EASYSHARE V1003 ZOOM DIGITAL CAMERA&quot;,&quot;caption&quot;:&quot;&quot;,&quot;created_timestamp&quot;:&quot;1255752659&quot;,&quot;copyright&quot;:&quot;&quot;,&quot;focal_length&quot;:&quot;14.1&quot;,&quot;iso&quot;:&quot;80&quot;,&quot;shutter_speed&quot;:&quot;0.001&quot;,&quot;title&quot;:&quot;&quot;}\" data-image-title=\"asuncionesU5\" data-image-description=\"\" data-image-caption=\"\" data-large-file=\"https:\/\/www.hoymercedes.com.ar\/principal\/wp-content\/uploads\/2011\/04\/asuncionesU5.jpg\" class=\"aligncenter size-full wp-image-3439\" title=\"asuncionesU5\" src=\"https:\/\/www.hoymercedes.com.ar\/principal\/wp-content\/uploads\/2011\/04\/asuncionesU5.jpg\" alt=\"\" width=\"500\" height=\"375\" \/><\/a><\/p>\n<p>El acto cont\u00f3 con la presencia de las siguientes autoridades:<\/p>\n<p>JUEZ DE EJECUCION PENAL N 1 DRA. MARCELA OTERMIN<\/p>\n<p>&#8211;          DIRECTOR GRAL DE COORDINACION  INSP. GRAL. RUBEN BORZANI<\/p>\n<p>&#8211;          DIRECTOR GRAL DE SEGURIDAD  INSP. MAYOR  MARIO  MAZEO<\/p>\n<p>&#8211;          SUPERVISOR DEL MINISTERIO DE JUSTICIA Y SEGURIDAD ALBERTO MORASSO<\/p>\n<p>&#8211;          DIRECTOR ASUNTOS LEGALES DE LA MUNICIPALIDAD DE MERCEDES, DR. HORACIO DELUCA<\/p>\n<p>&#8211;          JEFE DE COMPLEJO ZONA NORTE SALIENTE INSP. MYR  GUILLERMO PANIAGUA<\/p>\n<p>&#8211;          DIRECTOR DE LA UNIDAD 3 DE SAN NICOLAS PREFECTO MAYOR ANDRES ALMIRON<\/p>\n<p>&#8211;          DIRECTOR DE LA UNIDAD  11 BARADERO PREFECTO MAYO CARLOS VARGAS<\/p>\n<p>&#8211;          DIRECTOR DE LA UNIDAD 16 JUNIN PREFECTO MAYOR ABEL LOPEZ<\/p>\n<p>&#8211;          SUBDIRECTOR DE LA ALCAIDIA  49 JUNIN PREFECTO (EG) JUAN LOBERA<\/p>\n<p>&#8211;          DIRECTOR DE LA UNIDAD 13 JUNIN PREFECTO MAYOR MELITON GINES<\/p>\n<p>&#8211;          PERSONAL DE LA UNIDAD 5, E INVITADOS<\/p>\n<p>&nbsp;<\/p>\n<p>POR RESOLUCION N\u00ba 1587 DEL 8 DE ABRIL DE 2011, DE LA JEFATURA DEL SERVICIO PENITENCIARIO BONAERENSE:<\/p>\n<p>ARTICULO 1\u00ba: EFECTUENSE LAS DESIGNACIONES Y LOS TRASLADOS DEL PERSONAL QUE A CONTINUACION SE DETALLA:<\/p>\n<p>-COMPLEJO PENITENCIARIO NORTE JEFE: INSPECTOR MAYOR (E.G.) BARBATTO RAFAEL.<\/p>\n<p>&#8211; DIRECTOR DE LA UNIDAD 5 DE MERCEDES, PREFECTO MAYOR MELITON GINES DE LA UNIDAD 13 DE JUNIN<\/p>\n<p>FIRMA DR. JAVIER GUSTAVO MENDOZA JEFE DEL SERVICIO PENITENCIARIO BONAERENSE<\/p>\n<p><a href=\"https:\/\/www.hoymercedes.com.ar\/principal\/wp-content\/uploads\/2011\/04\/asuncionesU531.jpg\"><img loading=\"lazy\" decoding=\"async\" data-attachment-id=\"3442\" data-permalink=\"https:\/\/www.hoymercedes.com.ar\/principal\/2011\/04\/13\/se-registraron-cambios-de-autoridades-en-la-unidad-5-y-en-el-complejo-penitenciario-norte\/asuncionesu53-2\/#main\" data-orig-file=\"https:\/\/www.hoymercedes.com.ar\/principal\/wp-content\/uploads\/2011\/04\/asuncionesU531.jpg\" data-orig-size=\"500,375\" data-comments-opened=\"1\" data-image-meta=\"{&quot;aperture&quot;:&quot;3.4&quot;,&quot;credit&quot;:&quot;&quot;,&quot;camera&quot;:&quot;KODAK EASYSHARE V1003 ZOOM DIGITAL CAMERA&quot;,&quot;caption&quot;:&quot;&quot;,&quot;created_timestamp&quot;:&quot;1255752067&quot;,&quot;copyright&quot;:&quot;&quot;,&quot;focal_length&quot;:&quot;11.7&quot;,&quot;iso&quot;:&quot;80&quot;,&quot;shutter_speed&quot;:&quot;0.00625&quot;,&quot;title&quot;:&quot;&quot;}\" data-image-title=\"asuncionesU53\" data-image-description=\"\" data-image-caption=\"\" data-large-file=\"https:\/\/www.hoymercedes.com.ar\/principal\/wp-content\/uploads\/2011\/04\/asuncionesU531.jpg\" class=\"aligncenter size-full wp-image-3442\" title=\"asuncionesU53\" src=\"https:\/\/www.hoymercedes.com.ar\/principal\/wp-content\/uploads\/2011\/04\/asuncionesU531.jpg\" alt=\"\" width=\"500\" height=\"375\" srcset=\"https:\/\/www.hoymercedes.com.ar\/principal\/wp-content\/uploads\/2011\/04\/asuncionesU531.jpg 500w, https:\/\/www.hoymercedes.com.ar\/principal\/wp-content\/uploads\/2011\/04\/asuncionesU531-300x225.jpg 300w\" sizes=\"auto, (max-width: 500px) 100vw, 500px\" \/><\/a><\/p>\n<p>SEGUIDAMENTE EL CAPELLAN DE LA UNIDAD 5 NORBERTO CHIRIGLIANO REALIZO UNA ORACION DE GRACIAS.<\/p>\n<p>EL DIRECTOR GENERAL DE COORDINACION INSP. GRAL RUBEN BORZANI PUSO EN FUNCIONES AL NUEVO JEFE DEL COMPLEJO PENITENCIARIO INSP. MYR RAFAEL BARBATTO, Y EL NUEVO JEFE DEL COMPLEJO PENITENCIARIO, ZONA NORTE INSP. MYR. RAFAEL BARBATTO  PUSO EN FUNCIONES AL NUEVO DIRECTOR DE LA UNIDAD N 5 DE MERCEDES PREFECTO MAYOR MELITON GINES.<\/p>\n<p>SIGUIENDO CON LA CEREMONIA EL PREFECTO MAYOR MELITON GINES FLAMANTE TITULAR DE LA UNIDAD 5, ENTREGO AL DIRECTOR SALIENTE INSPECTOR MAYOR RAFAEL BARBATTO DE LA BADEROLA DE HONOR CORRESPONDIENTE A SU PERIODO DE GESTION.<\/p>\n<p>EL JEFE DE COMPLEJO ZONA NORTE INSPECTOR MAYOR RAFAEL BARABTTO SE DIRIIGIO A LOS PRESENTES, AGRADECIENDO SU NUEVA DESIGNACION, EL ACOMPA\u00d1AMIENTO CONSTANTE DE JEFATURA DEL SERVICIO PENITENCIARIO, DEL PODER JUDICIAL LOCAL, DE LAS AREAS EDUCATIVAS CON SEDE EN LA UNIDAD, Y DEL PERSONAL SIN DISTINCION DE JERARQUIAS DE LA UNIDAD. 5<\/p>\n<p><a href=\"https:\/\/www.hoymercedes.com.ar\/principal\/wp-content\/uploads\/2011\/04\/asuncionesU52.jpg\"><img loading=\"lazy\" decoding=\"async\" data-attachment-id=\"3440\" data-permalink=\"https:\/\/www.hoymercedes.com.ar\/principal\/2011\/04\/13\/se-registraron-cambios-de-autoridades-en-la-unidad-5-y-en-el-complejo-penitenciario-norte\/asuncionesu52\/#main\" data-orig-file=\"https:\/\/www.hoymercedes.com.ar\/principal\/wp-content\/uploads\/2011\/04\/asuncionesU52.jpg\" data-orig-size=\"500,375\" data-comments-opened=\"1\" data-image-meta=\"{&quot;aperture&quot;:&quot;4&quot;,&quot;credit&quot;:&quot;&quot;,&quot;camera&quot;:&quot;KODAK EASYSHARE V1003 ZOOM DIGITAL CAMERA&quot;,&quot;caption&quot;:&quot;&quot;,&quot;created_timestamp&quot;:&quot;1255752332&quot;,&quot;copyright&quot;:&quot;&quot;,&quot;focal_length&quot;:&quot;14.1&quot;,&quot;iso&quot;:&quot;80&quot;,&quot;shutter_speed&quot;:&quot;0.00125&quot;,&quot;title&quot;:&quot;&quot;}\" data-image-title=\"asuncionesU52\" data-image-description=\"\" data-image-caption=\"\" data-large-file=\"https:\/\/www.hoymercedes.com.ar\/principal\/wp-content\/uploads\/2011\/04\/asuncionesU52.jpg\" class=\"aligncenter size-full wp-image-3440\" title=\"asuncionesU52\" src=\"https:\/\/www.hoymercedes.com.ar\/principal\/wp-content\/uploads\/2011\/04\/asuncionesU52.jpg\" alt=\"\" width=\"500\" height=\"375\" srcset=\"https:\/\/www.hoymercedes.com.ar\/principal\/wp-content\/uploads\/2011\/04\/asuncionesU52.jpg 500w, https:\/\/www.hoymercedes.com.ar\/principal\/wp-content\/uploads\/2011\/04\/asuncionesU52-300x225.jpg 300w\" sizes=\"auto, (max-width: 500px) 100vw, 500px\" \/><\/a><\/p>\n<p>&nbsp;<\/p>\n","protected":false},"excerpt":{"rendered":"<p>En las \u00faltimas horas por disposici\u00f3n de las autoridades del Servicio Penitenciario Bonaerense se llev\u00f3 a cabo el acto en &#8230; <a title=\"Se registraron cambios de autoridades en la Unidad 5  y en el Complejo Penitenciario Norte\" class=\"read-more\" href=\"https:\/\/www.hoymercedes.com.ar\/principal\/2011\/04\/13\/se-registraron-cambios-de-autoridades-en-la-unidad-5-y-en-el-complejo-penitenciario-norte\/\" aria-label=\"Leer m\u00e1s sobre Se registraron cambios de autoridades en la Unidad 5  y en el Complejo Penitenciario Norte\">Leer m\u00e1s<\/a><\/p>\n","protected":false},"author":1,"featured_media":0,"comment_status":"open","ping_status":"open","sticky":false,"template":"","format":"standard","meta":{"_monsterinsights_skip_tracking":false,"_monsterinsights_sitenote_active":false,"_monsterinsights_sitenote_note":"","_monsterinsights_sitenote_category":0,"jetpack_post_was_ever_published":false,"_jetpack_newsletter_access":"","_jetpack_dont_email_post_to_subs":false,"_jetpack_newsletter_tier_id":0,"_jetpack_memberships_contains_paywalled_content":false,"_jetpack_memberships_contains_paid_content":false,"footnotes":"","jetpack_publicize_message":"","jetpack_publicize_feature_enabled":true,"jetpack_social_post_already_shared":false,"jetpack_social_options":{"image_generator_settings":{"template":"highway","default_image_id":0,"font":"","enabled":false},"version":2},"_wpas_customize_per_network":false},"categories":[8],"tags":[113],"class_list":["post-3437","post","type-post","status-publish","format-standard","hentry","category-sociedad","tag-unidad-5","generate-columns","tablet-grid-50","mobile-grid-100","grid-parent","grid-50"],"jetpack_publicize_connections":[],"jetpack_featured_media_url":"","wps_subtitle":"","jetpack_sharing_enabled":true,"_links":{"self":[{"href":"https:\/\/www.hoymercedes.com.ar\/principal\/wp-json\/wp\/v2\/posts\/3437","targetHints":{"allow":["GET"]}}],"collection":[{"href":"https:\/\/www.hoymercedes.com.ar\/principal\/wp-json\/wp\/v2\/posts"}],"about":[{"href":"https:\/\/www.hoymercedes.com.ar\/principal\/wp-json\/wp\/v2\/types\/post"}],"author":[{"embeddable":true,"href":"https:\/\/www.hoymercedes.com.ar\/principal\/wp-json\/wp\/v2\/users\/1"}],"replies":[{"embeddable":true,"href":"https:\/\/www.hoymercedes.com.ar\/principal\/wp-json\/wp\/v2\/comments?post=3437"}],"version-history":[{"count":0,"href":"https:\/\/www.hoymercedes.com.ar\/principal\/wp-json\/wp\/v2\/posts\/3437\/revisions"}],"wp:attachment":[{"href":"https:\/\/www.hoymercedes.com.ar\/principal\/wp-json\/wp\/v2\/media?parent=3437"}],"wp:term":[{"taxonomy":"category","embeddable":true,"href":"https:\/\/www.hoymercedes.com.ar\/principal\/wp-json\/wp\/v2\/categories?post=3437"},{"taxonomy":"post_tag","embeddable":true,"href":"https:\/\/www.hoymercedes.com.ar\/principal\/wp-json\/wp\/v2\/tags?post=3437"}],"curies":[{"name":"wp","href":"https:\/\/api.w.org\/{rel}","templated":true}]}}