{"id":34398,"date":"2014-07-02T23:02:49","date_gmt":"2014-07-03T02:02:49","guid":{"rendered":"http:\/\/www.hoymercedes.com.ar\/principal\/?p=34398"},"modified":"2014-07-02T23:09:52","modified_gmt":"2014-07-03T02:09:52","slug":"mic-el-estacionamiento-medido-y-pago-concesionado-en-mercede","status":"publish","type":"post","link":"https:\/\/www.hoymercedes.com.ar\/principal\/2014\/07\/02\/mic-el-estacionamiento-medido-y-pago-concesionado-en-mercede\/","title":{"rendered":"MIC: el estacionamiento Medido y Pago Concesionado en Mercedes"},"content":{"rendered":"<p><a href=\"https:\/\/www.hoymercedes.com.ar\/principal\/wp-content\/uploads\/2014\/07\/Cestari-Badano.jpg\"><img loading=\"lazy\" decoding=\"async\" data-attachment-id=\"34399\" data-permalink=\"https:\/\/www.hoymercedes.com.ar\/principal\/2014\/07\/02\/mic-el-estacionamiento-medido-y-pago-concesionado-en-mercede\/cestari-badano\/#main\" data-orig-file=\"https:\/\/www.hoymercedes.com.ar\/principal\/wp-content\/uploads\/2014\/07\/Cestari-Badano.jpg\" data-orig-size=\"620,413\" data-comments-opened=\"1\" data-image-meta=\"{&quot;aperture&quot;:&quot;0&quot;,&quot;credit&quot;:&quot;&quot;,&quot;camera&quot;:&quot;&quot;,&quot;caption&quot;:&quot;&quot;,&quot;created_timestamp&quot;:&quot;0&quot;,&quot;copyright&quot;:&quot;&quot;,&quot;focal_length&quot;:&quot;0&quot;,&quot;iso&quot;:&quot;0&quot;,&quot;shutter_speed&quot;:&quot;0&quot;,&quot;title&quot;:&quot;&quot;}\" data-image-title=\"Cestari-Badano\" data-image-description=\"\" data-image-caption=\"\" data-large-file=\"https:\/\/www.hoymercedes.com.ar\/principal\/wp-content\/uploads\/2014\/07\/Cestari-Badano.jpg\" class=\"aligncenter size-full wp-image-34399\" src=\"https:\/\/www.hoymercedes.com.ar\/principal\/wp-content\/uploads\/2014\/07\/Cestari-Badano.jpg\" alt=\"Cestari-Badano\" width=\"620\" height=\"413\" \/><\/a><\/p>\n<p><em><strong>Por MIC Mercedes \/\/ Se sabe que se implement\u00f3 la Ordenanza 7186\/12 (Del Estacionamiento Medido y Pago). Que el Departamento Ejecutivo opt\u00f3 (seg\u00fan el art\u00edculo 4\u00b0) por el cobr\u00f3 del sistema por terceros cobrando un canon (23 % de lo recaudado por la Empresa). Que a trav\u00e9s de la Ordenanza 7406\/13 el HCD aprob\u00f3, por mayor\u00eda, el contrato de concesi\u00f3n del servicio de administraci\u00f3n del sistema de estacionamiento medido en la v\u00eda p\u00fablica suscripto entre el Municipio y la empresa Elimpar S.A.\u00a0<\/strong><\/em><\/p>\n<p>La puesta en marcha efectiva del estacionamiento medido comenz\u00f3 el 25 de marzo de 2014. La Ordenanza 7186\/12, en su art\u00edculo 24 dice \u201cEstablecer los primeros tres (3) meses del funcionamiento del estacionamiento medido a partir de la sanci\u00f3n de la presente Ordenanza, como prueba piloto, debiendo conformarse, cumplido el plazo, una comisi\u00f3n integrada por tres miembros del Honorable Concejo Deliberante y tres representantes del Departamento Ejecutivo Municipal a efectos de realizar una evaluaci\u00f3n de la aplicaci\u00f3n del estacionamiento medido\u201d.<\/p>\n<p>La reglamentaci\u00f3n de la Ordenanza, para evitar incumplimientos, es responsabilidad del Intendente, a la fecha no lo ha realizado. Se lo pediremos a trav\u00e9s de una Resoluci\u00f3n pero \u00bfseguir\u00e1 el intendente ninguneando al Poder Legislativo Mercedino?<\/p>\n<p>Algunas conclusiones despu\u00e9s de 90 d\u00edas del estacionamiento medido concesionado:<\/p>\n<p>Lo que queremos mejorar en Mercedes es el tr\u00e1nsito y la implementaci\u00f3n del estacionamiento medido y pago concesionado no lo ha logrado por su deficiente implementaci\u00f3n, asimismo en un momento coyuntural inoportuno.<\/p>\n<p>Mercedes cuenta con un parque automotor (Seg\u00fan registros) de 26.000 motos y 25.000 autom\u00f3viles aproximadamente. Tambi\u00e9n posee pocas playas de estacionamiento privado y los servicios p\u00fablicos locales de pasajeros no alcanzan para satisfacer la demanda. No creemos que disminuyendo las d\u00e1rsenas de estacionamiento en la v\u00eda p\u00fablica mejore el tr\u00e1nsito vial.<\/p>\n<p>El control del Ejecutivo debe apuntar a pol\u00edticas de Estado que perduren en el tiempo. El uso del casco, el exceso de las velocidades, el n\u00famero de pasajeros por ciclomotor, el control del consumo de alcohol para conducir, el circular sin luces, el cumplimiento de las normas de tr\u00e1nsito mejorar\u00e1n el tr\u00e1nsito y por supuesto salvar\u00e1n vidas.<\/p>\n<p>Los empleados p\u00fablicos y privados que se concentran en la zona de estacionamiento medido tienen derecho a venir a sus trabajos en veh\u00edculo. La prohibici\u00f3n de estacionar sobre mano izquierda en la zona en cuesti\u00f3n no surgi\u00f3 de ninguna Ordenanza como lo establecen la legislaci\u00f3n nacional y provincial.<\/p>\n<p>Para los comerciantes y clientes la actividad del d\u00eda s\u00e1bado tiene caracter\u00edsticas particulares. En ese d\u00eda, mucha gente que trabaja durante la semana aprovecha para salir distendida y con m\u00e1s tiempo para realizar sus compras. Adem\u00e1s es importante destacar que se sale en familia, sobre todo las madres que deben salir con sus hijos (que ese d\u00eda no van a la escuela), para efectuar las adquisiciones necesarias, y tambi\u00e9n para disfrutar. Por supuesto esto demanda un mayor tiempo de estad\u00eda en el \u00e1rea en cuesti\u00f3n, por lo que resulta injusto penalizar a un sector se la sociedad que motoriza a una actividad econ\u00f3mica tan importante para Mercedes como lo es el comercio.<\/p>\n<p>En la Ordenanza 7186\/12 no se proh\u00edbe el estacionamiento sobre mano izquierda, en el \u00e1rea de estacionamiento medido y pago, por tal motivo no sabemos porque se cobran multas por esa supuesta infracci\u00f3n de tr\u00e1nsito. No incitamos a una\u00a0\u00a0rebeli\u00f3n fiscal caprichosa, tambi\u00e9n es cierto que la se\u00f1alizaci\u00f3n (tanto vertical, como horizontal) deben estar sustentadas por Ordenanzas Municipales (como lo enuncia la legislaci\u00f3n nacional y provincial de tr\u00e1nsito cuando mencionan a la autoridad local).<\/p>\n<p>A nuestro criterio no existe una planificaci\u00f3n integral y sostenible a mediano plazo, creemos que para dar el ejemplo y generar confianza el Intendente debe hacer cumplir la legislaci\u00f3n vigente, espec\u00edficamente las Ordenanzas promulgadas y en vigencia.<\/p>\n<p>Concejales del Bloque MIC<\/p>\n<p>Jos\u00e9 Cestari<\/p>\n<p>Juan Carlos Badano<\/p>\n<p>&nbsp;<\/p>\n<p>&nbsp;<\/p>\n<p>&nbsp;<\/p>\n<p>&nbsp;<\/p>\n","protected":false},"excerpt":{"rendered":"<p>Por MIC Mercedes \/\/ Se sabe que se implement\u00f3 la Ordenanza 7186\/12 (Del Estacionamiento Medido y Pago). Que el Departamento &#8230; <a title=\"MIC: el estacionamiento Medido y Pago Concesionado en Mercedes\" class=\"read-more\" href=\"https:\/\/www.hoymercedes.com.ar\/principal\/2014\/07\/02\/mic-el-estacionamiento-medido-y-pago-concesionado-en-mercede\/\" aria-label=\"Leer m\u00e1s sobre MIC: el estacionamiento Medido y Pago Concesionado en Mercedes\">Leer m\u00e1s<\/a><\/p>\n","protected":false},"author":1,"featured_media":0,"comment_status":"open","ping_status":"open","sticky":false,"template":"","format":"standard","meta":{"_monsterinsights_skip_tracking":false,"_monsterinsights_sitenote_active":false,"_monsterinsights_sitenote_note":"","_monsterinsights_sitenote_category":0,"jetpack_post_was_ever_published":false,"_jetpack_newsletter_access":"","_jetpack_dont_email_post_to_subs":false,"_jetpack_newsletter_tier_id":0,"_jetpack_memberships_contains_paywalled_content":false,"_jetpack_memberships_contains_paid_content":false,"footnotes":"","jetpack_publicize_message":"","jetpack_publicize_feature_enabled":true,"jetpack_social_post_already_shared":false,"jetpack_social_options":{"image_generator_settings":{"template":"highway","default_image_id":0,"font":"","enabled":false},"version":2},"_wpas_customize_per_network":false},"categories":[5],"tags":[321,4098,1956,5562],"class_list":["post-34398","post","type-post","status-publish","format-standard","hentry","category-politica","tag-jose-cestari","tag-juan-carlos-badano","tag-mic-mercedes","tag-mic-y-el-estacionamiento-medido-y-pago-concesionado-en-mercedes","generate-columns","tablet-grid-50","mobile-grid-100","grid-parent","grid-50"],"jetpack_publicize_connections":[],"jetpack_featured_media_url":"","wps_subtitle":"Contin\u00faa la pol\u00e9mica ","jetpack_sharing_enabled":true,"_links":{"self":[{"href":"https:\/\/www.hoymercedes.com.ar\/principal\/wp-json\/wp\/v2\/posts\/34398","targetHints":{"allow":["GET"]}}],"collection":[{"href":"https:\/\/www.hoymercedes.com.ar\/principal\/wp-json\/wp\/v2\/posts"}],"about":[{"href":"https:\/\/www.hoymercedes.com.ar\/principal\/wp-json\/wp\/v2\/types\/post"}],"author":[{"embeddable":true,"href":"https:\/\/www.hoymercedes.com.ar\/principal\/wp-json\/wp\/v2\/users\/1"}],"replies":[{"embeddable":true,"href":"https:\/\/www.hoymercedes.com.ar\/principal\/wp-json\/wp\/v2\/comments?post=34398"}],"version-history":[{"count":0,"href":"https:\/\/www.hoymercedes.com.ar\/principal\/wp-json\/wp\/v2\/posts\/34398\/revisions"}],"wp:attachment":[{"href":"https:\/\/www.hoymercedes.com.ar\/principal\/wp-json\/wp\/v2\/media?parent=34398"}],"wp:term":[{"taxonomy":"category","embeddable":true,"href":"https:\/\/www.hoymercedes.com.ar\/principal\/wp-json\/wp\/v2\/categories?post=34398"},{"taxonomy":"post_tag","embeddable":true,"href":"https:\/\/www.hoymercedes.com.ar\/principal\/wp-json\/wp\/v2\/tags?post=34398"}],"curies":[{"name":"wp","href":"https:\/\/api.w.org\/{rel}","templated":true}]}}