{"id":34403,"date":"2014-07-02T23:06:43","date_gmt":"2014-07-03T02:06:43","guid":{"rendered":"http:\/\/www.hoymercedes.com.ar\/principal\/?p=34403"},"modified":"2014-07-05T19:14:59","modified_gmt":"2014-07-05T22:14:59","slug":"frente-mercedino-pedira-declarar-patrimonio-historico-y-cultural-para-20-edificios","status":"publish","type":"post","link":"https:\/\/www.hoymercedes.com.ar\/principal\/2014\/07\/02\/frente-mercedino-pedira-declarar-patrimonio-historico-y-cultural-para-20-edificios\/","title":{"rendered":"Frente Mercedino pedir\u00e1 declarar \u00abPatrimonio hist\u00f3rico y cultural\u00bb para 20 edificios"},"content":{"rendered":"<p><a href=\"https:\/\/www.hoymercedes.com.ar\/principal\/wp-content\/uploads\/2014\/07\/Mercedes-Antig\u00fca.jpg\"><img loading=\"lazy\" decoding=\"async\" data-attachment-id=\"34404\" data-permalink=\"https:\/\/www.hoymercedes.com.ar\/principal\/2014\/07\/02\/frente-mercedino-pedira-declarar-patrimonio-historico-y-cultural-para-20-edificios\/mercedes-antigua-2\/#main\" data-orig-file=\"https:\/\/www.hoymercedes.com.ar\/principal\/wp-content\/uploads\/2014\/07\/Mercedes-Antig\u00fca.jpg\" data-orig-size=\"620,700\" data-comments-opened=\"1\" data-image-meta=\"{&quot;aperture&quot;:&quot;0&quot;,&quot;credit&quot;:&quot;&quot;,&quot;camera&quot;:&quot;&quot;,&quot;caption&quot;:&quot;&quot;,&quot;created_timestamp&quot;:&quot;0&quot;,&quot;copyright&quot;:&quot;&quot;,&quot;focal_length&quot;:&quot;0&quot;,&quot;iso&quot;:&quot;0&quot;,&quot;shutter_speed&quot;:&quot;0&quot;,&quot;title&quot;:&quot;&quot;}\" data-image-title=\"Mercedes-Antig\u00fca\" data-image-description=\"\" data-image-caption=\"\" data-large-file=\"https:\/\/www.hoymercedes.com.ar\/principal\/wp-content\/uploads\/2014\/07\/Mercedes-Antig\u00fca.jpg\" class=\"Img2014 aligncenter wp-image-34404 size-medium\" src=\"https:\/\/www.hoymercedes.com.ar\/principal\/wp-content\/uploads\/2014\/07\/Mercedes-Antig\u00fca-549x620.jpg\" alt=\"Mercedes-Antig\u00fca\" width=\"549\" height=\"620\" srcset=\"https:\/\/www.hoymercedes.com.ar\/principal\/wp-content\/uploads\/2014\/07\/Mercedes-Antig\u00fca-549x620.jpg 549w, https:\/\/www.hoymercedes.com.ar\/principal\/wp-content\/uploads\/2014\/07\/Mercedes-Antig\u00fca.jpg 620w\" sizes=\"auto, (max-width: 549px) 100vw, 549px\" \/><\/a><\/p>\n<p><em><strong>(FM) El Frente Mercedino para la Victoria, a trav\u00e9s de un trabajo de campo de sus equipos t\u00e9cnicos, identific\u00f3 y pedir\u00e1 la declaraci\u00f3n de \u201cpatrimonio hist\u00f3rico y cultural\u201d para 20 edificios de la ciudad, entre ellos el Palacio Municipal, los colegios Normal y Nacional, la Catedral, la iglesia San Patricio, los Tribunales, el Teatro Argentino y el Museo M\u00edguez.<\/strong><\/em><\/p>\n<p>\u201cNosotros venimos advirtiendo sobre la necesidad de preservar nuestra identidad y esto es un paso inicial muy importante en ese sentido. En esta primera etapa del proyecto, por eso, pedimos la declaraci\u00f3n de \u2018patrimonio hist\u00f3rico y cultural\u2019 para 20 edificios de Mercedes, y la idea es seguir con el trabajo de campo para identificar todas y cada una de las construcciones que deber\u00edan entrar tambi\u00e9n en esta lista\u201d, manifest\u00f3 Juan Ignacio Ustarroz, presidente del bloque de concejales del Frente Mercedino para la Victoria.<\/p>\n<p>\u201cEn el relevamiento vamos incluyendo edificios que tienen valor arquitect\u00f3nico, cultural y hasta afectivo, siempre en relaci\u00f3n a lo que fue, a lo largo de los a\u00f1os, la construcci\u00f3n de nuestra identidad como Mercedes. Hace tiempo que venimos desarrollando este proyecto y esperamos poder avanzar\u201d, agreg\u00f3 el principal referente del Frente Mercedino.<\/p>\n<p>Los equipos t\u00e9cnicos del FMpV sostienen la\u00a0iniciativa de relevar aquellos bienes muebles o inmuebles p\u00fablicos o privados considerados componentes del patrimonio hist\u00f3rico, cultural, arquitect\u00f3nico, urban\u00edstico, paisaj\u00edstico y ambiental del partido de Mercedes.<\/p>\n<p>La ordenanza N\u00b0 6984\/ 2011 define el andamiaje normativo para poder comenzar a elaborar un registro de inmuebles y espacios a ser protegidos como Patrimonio Hist\u00f3rico y Cultural del Partido de Mercedes.\u00a0Esta norma tambi\u00e9n crea un fondo para la preservaci\u00f3n patrimonial.\u00a0\u00a0Luego\u00a0de casi tres a\u00f1os\u00a0de mucho trabajo e insistencia, se logro conformar, a fines de 2013, la autoridad de aplicaci\u00f3n que reglamenta la ordenanza y que ser\u00e1 la encargada de evaluar e incorporar inmuebles al registro de protecci\u00f3n patrimonial.<\/p>\n<p>En esta primera etapa, el bloque que conduce Ustarroz presentar\u00e1 una lista con 20 edificios para incorporar en el registro Patrimonio Hist\u00f3rico y Cultural de Mercedes: Palacio Municipal (20 entre 26 y 28), anexo Palacio Municipal (29 y 26), Correo (28 y 29), Biblioteca Domingo Faustino Sarmiento, Escuela Normal Justo Jos\u00e9 de Urquiza, Colegio Nacional Florentino Ameghino, Palacio de Tribunales, Teatro Argentino.<\/p>\n<p>La lista sigue con el ex Colegio de Escribanos (29 entre 18 y 20), C\u00edrculo Italiano (22 entre 21 y 23), Club Progreso, Museo M\u00edguez, Escuela Parroquial Padre Ansaldo, Obras Sanitarias (110 y 109), Banco Naci\u00f3n, Banco de la Provincia de Buenos Aires, Bas\u00edlica Catedral, Bas\u00edlica San Patricio, Iglesia Metodista (26 y 31) y Colegio San Patricio.<\/p>\n<p>\u201cLa incorporaci\u00f3n de estos bienes al Patrimonio Hist\u00f3rico y Cultural de la Ciudad posibilita la preservaci\u00f3n, conservaci\u00f3n, restauraci\u00f3n, refuncionalizaci\u00f3n y la revalorizaci\u00f3n de estos inmuebles\u201d, explic\u00f3 Juani Ustarroz.<\/p>\n<p>A fines de 2013,\u00a0un equipo del FMPV\u00a0viaj\u00f3 a San Antonio de Areco para interiorizarse sobre los trabajos que hace la Municipalidad para la conservaci\u00f3n de su patrimonio hist\u00f3rico y cultural, y su posterior aprovechamiento en la explotaci\u00f3n de\u00a0turismo cultural sustentable, \u00e1reas en las que la ciudad vecina tiene m\u00faltiples reconocimientos.<\/p>\n<p>El rescate del patrimonio es un largo proceso cultural y colectivo, en donde todos los actores de la poblaci\u00f3n deben comprometerse a lo largo de muchos a\u00f1os, por lo que la educaci\u00f3n es un punto clave de este proceso. Es por esto que en conjunto con la incorporaci\u00f3n de inmuebles al registro, la comisi\u00f3n de patrimonio hist\u00f3rico y cultural del FMPV trabaj\u00f3 los \u00faltimos dos a\u00f1os en un proyecto escolar titulado \u201cConocer para valorar\u201d con exposici\u00f3n de trabajos en la biblioteca Domingo Faustino Sarmiento.<\/p>\n<p>\u201cEl objetivo es involucrar\u00a0m\u00e1s a los j\u00f3venes en este proceso de recuperaci\u00f3n,\u00a0\u00a0generando mayor conocimiento sobre nuestra historia y cultura, y fortaleciendo nuestra identidad como mercedinos. Este proyecto ser\u00e1 propuesto en el Concejo Deliberante para ser declarado de inter\u00e9s municipal, con el fin de que los j\u00f3venes tambi\u00e9n puedan proponer y continuar transitando este largo proceso colectivo\u201d, cerr\u00f3 Ustarroz.<\/p>\n<p><span style=\"color: #999999;\">Fuente: Frente Mercedino<\/span><\/p>\n","protected":false},"excerpt":{"rendered":"<p>(FM) El Frente Mercedino para la Victoria, a trav\u00e9s de un trabajo de campo de sus equipos t\u00e9cnicos, identific\u00f3 y &#8230; <a title=\"Frente Mercedino pedir\u00e1 declarar \u00abPatrimonio hist\u00f3rico y cultural\u00bb para 20 edificios\" class=\"read-more\" href=\"https:\/\/www.hoymercedes.com.ar\/principal\/2014\/07\/02\/frente-mercedino-pedira-declarar-patrimonio-historico-y-cultural-para-20-edificios\/\" aria-label=\"Leer m\u00e1s sobre Frente Mercedino pedir\u00e1 declarar \u00abPatrimonio hist\u00f3rico y cultural\u00bb para 20 edificios\">Leer m\u00e1s<\/a><\/p>\n","protected":false},"author":1,"featured_media":0,"comment_status":"open","ping_status":"open","sticky":false,"template":"","format":"standard","meta":{"_monsterinsights_skip_tracking":false,"_monsterinsights_sitenote_active":false,"_monsterinsights_sitenote_note":"","_monsterinsights_sitenote_category":0,"jetpack_post_was_ever_published":false,"_jetpack_newsletter_access":"","_jetpack_dont_email_post_to_subs":false,"_jetpack_newsletter_tier_id":0,"_jetpack_memberships_contains_paywalled_content":false,"_jetpack_memberships_contains_paid_content":false,"footnotes":"","jetpack_publicize_message":"","jetpack_publicize_feature_enabled":true,"jetpack_social_post_already_shared":false,"jetpack_social_options":{"image_generator_settings":{"template":"highway","default_image_id":0,"font":"","enabled":false},"version":2},"_wpas_customize_per_network":false},"categories":[5],"tags":[1007,5563],"class_list":["post-34403","post","type-post","status-publish","format-standard","hentry","category-politica","tag-frente-mercedino","tag-patrimonio-historico-mercedes","generate-columns","tablet-grid-50","mobile-grid-100","grid-parent","grid-50"],"jetpack_publicize_connections":[],"jetpack_featured_media_url":"","wps_subtitle":"","jetpack_sharing_enabled":true,"_links":{"self":[{"href":"https:\/\/www.hoymercedes.com.ar\/principal\/wp-json\/wp\/v2\/posts\/34403","targetHints":{"allow":["GET"]}}],"collection":[{"href":"https:\/\/www.hoymercedes.com.ar\/principal\/wp-json\/wp\/v2\/posts"}],"about":[{"href":"https:\/\/www.hoymercedes.com.ar\/principal\/wp-json\/wp\/v2\/types\/post"}],"author":[{"embeddable":true,"href":"https:\/\/www.hoymercedes.com.ar\/principal\/wp-json\/wp\/v2\/users\/1"}],"replies":[{"embeddable":true,"href":"https:\/\/www.hoymercedes.com.ar\/principal\/wp-json\/wp\/v2\/comments?post=34403"}],"version-history":[{"count":0,"href":"https:\/\/www.hoymercedes.com.ar\/principal\/wp-json\/wp\/v2\/posts\/34403\/revisions"}],"wp:attachment":[{"href":"https:\/\/www.hoymercedes.com.ar\/principal\/wp-json\/wp\/v2\/media?parent=34403"}],"wp:term":[{"taxonomy":"category","embeddable":true,"href":"https:\/\/www.hoymercedes.com.ar\/principal\/wp-json\/wp\/v2\/categories?post=34403"},{"taxonomy":"post_tag","embeddable":true,"href":"https:\/\/www.hoymercedes.com.ar\/principal\/wp-json\/wp\/v2\/tags?post=34403"}],"curies":[{"name":"wp","href":"https:\/\/api.w.org\/{rel}","templated":true}]}}