{"id":34408,"date":"2014-07-02T23:22:47","date_gmt":"2014-07-03T02:22:47","guid":{"rendered":"http:\/\/www.hoymercedes.com.ar\/principal\/?p=34408"},"modified":"2014-07-02T23:22:47","modified_gmt":"2014-07-03T02:22:47","slug":"aprueban-ley-promovida-por-wado-de-pedro-sobre-victimas-de-fabrica-militar-de-rio-tercero","status":"publish","type":"post","link":"https:\/\/www.hoymercedes.com.ar\/principal\/2014\/07\/02\/aprueban-ley-promovida-por-wado-de-pedro-sobre-victimas-de-fabrica-militar-de-rio-tercero\/","title":{"rendered":"Aprueban ley promovida por Wado De Pedro sobre v\u00edctimas de F\u00e1brica Militar de R\u00edo Tercero"},"content":{"rendered":"<p><a href=\"https:\/\/www.hoymercedes.com.ar\/principal\/wp-content\/uploads\/2014\/07\/WadoDePedro.jpg\"><img loading=\"lazy\" decoding=\"async\" data-attachment-id=\"34409\" data-permalink=\"https:\/\/www.hoymercedes.com.ar\/principal\/2014\/07\/02\/aprueban-ley-promovida-por-wado-de-pedro-sobre-victimas-de-fabrica-militar-de-rio-tercero\/wadodepedro-8\/#main\" data-orig-file=\"https:\/\/www.hoymercedes.com.ar\/principal\/wp-content\/uploads\/2014\/07\/WadoDePedro.jpg\" data-orig-size=\"620,382\" data-comments-opened=\"1\" data-image-meta=\"{&quot;aperture&quot;:&quot;0&quot;,&quot;credit&quot;:&quot;&quot;,&quot;camera&quot;:&quot;&quot;,&quot;caption&quot;:&quot;&quot;,&quot;created_timestamp&quot;:&quot;0&quot;,&quot;copyright&quot;:&quot;&quot;,&quot;focal_length&quot;:&quot;0&quot;,&quot;iso&quot;:&quot;0&quot;,&quot;shutter_speed&quot;:&quot;0&quot;,&quot;title&quot;:&quot;&quot;}\" data-image-title=\"WadoDePedro\" data-image-description=\"\" data-image-caption=\"\" data-large-file=\"https:\/\/www.hoymercedes.com.ar\/principal\/wp-content\/uploads\/2014\/07\/WadoDePedro.jpg\" class=\"Img2014 aligncenter wp-image-34409 size-full\" src=\"https:\/\/www.hoymercedes.com.ar\/principal\/wp-content\/uploads\/2014\/07\/WadoDePedro.jpg\" alt=\"WadoDePedro\" width=\"620\" height=\"382\" \/><\/a><\/p>\n<p><em><strong>Se trata de una importante ley que permitir\u00e1 indemnizar a las v\u00edctimas de R\u00edo Tercero donde vol\u00f3 una f\u00e1brica militar hace casi dos d\u00e9cadas. El proyecto y promoci\u00f3n fue realizada por el mercedino Eduardo \u201cWado\u201d De Pedro.<\/strong><\/em><\/p>\n<p>Al respecto De Pedro mencion\u00f3 que: <em>\u201cNo habr\u00e1 reparaci\u00f3n completa si la Justicia no condena a los culpables\u00bb<\/em>. La ley fue aprobada con amplia mayor\u00eda.<\/p>\n<p>La voladura de la f\u00e1brica militar de R\u00edo Cuarto, durante la d\u00e9cada del noventa, estuvo siembre bajo la mirada social y de la justicia por hallarse vinculada a la venta ilegal de armas que en aquel per\u00edodo hizo nuestro pa\u00eds a naciones en guerra o con conflictos militares. Fue en forma ilegal.<\/p>\n<p>La Agencia Telam expuso que De Pedro sostuvo: \u00ablos habitantes de la ciudad saben muy bien que con esta ley y con la reapertura de la f\u00e1brica no basta, porque no habr\u00e1 reparaci\u00f3n completa y paz para las v\u00edctimas si la Justicia no condena a los responsables de la voladura de la f\u00e1brica\u00bb. As\u00ed como que: <em>\u201cEl Gobierno viene dando discusiones sobre tragedias que ya no tienen que discutirse m\u00e1s. Venimos dando la discusi\u00f3n porque pensamos que sin odio, sin rencor, los argentinos tenemos que empezar, o mejor a\u00fan, terminar de resolver esos hechos que son lamentables para todos los argentinos. Y estoy convencido que todos los que est\u00e1n presentes quieren que nunca m\u00e1s vuelvan a suceder\u201d.<\/em><\/p>\n<p>\u00abEste gobierno viene tratando de recuperar la productividad de R\u00edo Tercero, ya se han hecho fuertes inversiones y han vuelto a trabajar m\u00e1s de 700 trabajadores\u00bb y finalizando su exposici\u00f3n sosteniendo que: \u00absaldar esta deuda es el camino y as\u00ed lo estamos haciendo para hacer feliz a nuestro pueblo y grande a la Naci\u00f3n\u00bb.<\/p>\n<p>En su perfil de Facebook, Wado de Pedro manifest\u00f3 a todos sus seguidores:<em> \u201cHoy aprobamos en Diputados el proyecto para indemnizar a las v\u00edctimas de la voladura de la F\u00e1brica Militar de R\u00edo Tercero. Tras 19 a\u00f1os, con esta ley que se enmarca dentro de las pol\u00edticas de reparaci\u00f3n integral que hemos abordado hace once a\u00f1os, el Estado salda una deuda con m\u00e1s de 13 mil v\u00edctimas. Estamos convencidos que la mejor forma de construir un futuro mejor es saldando las grandes injusticias que ha sufrido nuestro pueblo. Cristina Fern\u00e1ndez de Kirchner\u201d<\/em><\/p>\n<p>&nbsp;<\/p>\n<p>&nbsp;<\/p>\n<p>&nbsp;<\/p>\n<p>&nbsp;<\/p>\n<p>&nbsp;<\/p>\n<p>&nbsp;<\/p>\n<p>&nbsp;<\/p>\n","protected":false},"excerpt":{"rendered":"<p>Se trata de una importante ley que permitir\u00e1 indemnizar a las v\u00edctimas de R\u00edo Tercero donde vol\u00f3 una f\u00e1brica militar &#8230; <a title=\"Aprueban ley promovida por Wado De Pedro sobre v\u00edctimas de F\u00e1brica Militar de R\u00edo Tercero\" class=\"read-more\" href=\"https:\/\/www.hoymercedes.com.ar\/principal\/2014\/07\/02\/aprueban-ley-promovida-por-wado-de-pedro-sobre-victimas-de-fabrica-militar-de-rio-tercero\/\" aria-label=\"Leer m\u00e1s sobre Aprueban ley promovida por Wado De Pedro sobre v\u00edctimas de F\u00e1brica Militar de R\u00edo Tercero\">Leer m\u00e1s<\/a><\/p>\n","protected":false},"author":1,"featured_media":0,"comment_status":"open","ping_status":"open","sticky":false,"template":"","format":"standard","meta":{"_monsterinsights_skip_tracking":false,"_monsterinsights_sitenote_active":false,"_monsterinsights_sitenote_note":"","_monsterinsights_sitenote_category":0,"jetpack_post_was_ever_published":false,"_jetpack_newsletter_access":"","_jetpack_dont_email_post_to_subs":false,"_jetpack_newsletter_tier_id":0,"_jetpack_memberships_contains_paywalled_content":false,"_jetpack_memberships_contains_paid_content":false,"footnotes":"","jetpack_publicize_message":"","jetpack_publicize_feature_enabled":true,"jetpack_social_post_already_shared":false,"jetpack_social_options":{"image_generator_settings":{"template":"highway","default_image_id":0,"font":"","enabled":false},"version":2},"_wpas_customize_per_network":false},"categories":[5],"tags":[5564,281],"class_list":["post-34408","post","type-post","status-publish","format-standard","hentry","category-politica","tag-aprueban-ley-promovida-por-wado-de-pedro-sobre-victimas-de-fabrica-militar-de-rio-tercero","tag-wado-de-pedro","generate-columns","tablet-grid-50","mobile-grid-100","grid-parent","grid-50"],"jetpack_publicize_connections":[],"jetpack_featured_media_url":"","wps_subtitle":"","jetpack_sharing_enabled":true,"_links":{"self":[{"href":"https:\/\/www.hoymercedes.com.ar\/principal\/wp-json\/wp\/v2\/posts\/34408","targetHints":{"allow":["GET"]}}],"collection":[{"href":"https:\/\/www.hoymercedes.com.ar\/principal\/wp-json\/wp\/v2\/posts"}],"about":[{"href":"https:\/\/www.hoymercedes.com.ar\/principal\/wp-json\/wp\/v2\/types\/post"}],"author":[{"embeddable":true,"href":"https:\/\/www.hoymercedes.com.ar\/principal\/wp-json\/wp\/v2\/users\/1"}],"replies":[{"embeddable":true,"href":"https:\/\/www.hoymercedes.com.ar\/principal\/wp-json\/wp\/v2\/comments?post=34408"}],"version-history":[{"count":0,"href":"https:\/\/www.hoymercedes.com.ar\/principal\/wp-json\/wp\/v2\/posts\/34408\/revisions"}],"wp:attachment":[{"href":"https:\/\/www.hoymercedes.com.ar\/principal\/wp-json\/wp\/v2\/media?parent=34408"}],"wp:term":[{"taxonomy":"category","embeddable":true,"href":"https:\/\/www.hoymercedes.com.ar\/principal\/wp-json\/wp\/v2\/categories?post=34408"},{"taxonomy":"post_tag","embeddable":true,"href":"https:\/\/www.hoymercedes.com.ar\/principal\/wp-json\/wp\/v2\/tags?post=34408"}],"curies":[{"name":"wp","href":"https:\/\/api.w.org\/{rel}","templated":true}]}}