{"id":3448,"date":"2011-04-13T04:11:15","date_gmt":"2011-04-13T04:11:15","guid":{"rendered":"http:\/\/www.hoymercedes.com.ar\/principal\/?p=3448"},"modified":"2011-04-13T04:11:15","modified_gmt":"2011-04-13T04:11:15","slug":"paciente-trabajo-de-la-delegacion-policial-de-delitos-complejos-dio-buenos-resultados","status":"publish","type":"post","link":"https:\/\/www.hoymercedes.com.ar\/principal\/2011\/04\/13\/paciente-trabajo-de-la-delegacion-policial-de-delitos-complejos-dio-buenos-resultados\/","title":{"rendered":"Paciente Trabajo de la Delegaci\u00f3n Policial de Delitos Complejos dio buenos resultados"},"content":{"rendered":"<p>A nadie escapa que el \u00faltimo robo perpetrado en la Tesorer\u00eda de la Municipalidad en el mes de febrero de 2010 no solo preocupo a las autoridades comunales sino tambi\u00e9n a los vecinos en general.<\/p>\n<p>Como se recordar\u00e1  el d\u00eda 5 del mencionado mes dos personas a cara descubierta y armados ingresaron a poco de concretarse la apertura del municipio dirigi\u00e9ndose directamente a la Tesorer\u00eda de donde sustrajeron una suma aproximada a los Sesenta Mil pesos.<\/p>\n<p>Si bien la polic\u00eda local efectu\u00f3 varios procedimientos logrando la detenci\u00f3n de cuatro personas que finalmente fueron procesadas nunca m\u00e1s se supo acerca de las dos personas que como dijimos fueron los autores materiales del robo.<\/p>\n<p>Sin embargo con la asistencia del titular de la UFI 1 de nuestra ciudad Dr. Juan Bidone, la delegaci\u00f3n de Delitos Complejos con asiento en Vicente L\u00f3pez sigui+o trabajando en procura de dar con el paradero de las dos personas pr\u00f3fugas hasta que finalmente el viernes pudo concretar la detenci\u00f3n de Carlos Alberto Alves en las proximidades del Partido de Pilar mientras transitaba a bordo de un autom\u00f3vil por la Ruta 8.<\/p>\n<p>Ahora seguramente se abrir\u00e1  una nueva instancia en el accionar de la Justicia que como se sabe ha elevado el pedido a Juicio Oral de las cuatro personas imputadas de haber participado en el robo siendo ellas Enrique Manriquez, Alberto Panessi, Jorge Pasuchi y Manuel Ram\u00edrez te3niendo en cuenta que todo indica que Alves fue el cerebro del grupo que produjo el robo y que actu\u00f3 acompa\u00f1ado de por lo menos otras dos personas que por el momento solo se las ha podido conocer por sus apodos.<\/p>\n<p>&nbsp;<\/p>\n","protected":false},"excerpt":{"rendered":"<p>A nadie escapa que el \u00faltimo robo perpetrado en la Tesorer\u00eda de la Municipalidad en el mes de febrero de &#8230; <a title=\"Paciente Trabajo de la Delegaci\u00f3n Policial de Delitos Complejos dio buenos resultados\" class=\"read-more\" href=\"https:\/\/www.hoymercedes.com.ar\/principal\/2011\/04\/13\/paciente-trabajo-de-la-delegacion-policial-de-delitos-complejos-dio-buenos-resultados\/\" aria-label=\"Leer m\u00e1s sobre Paciente Trabajo de la Delegaci\u00f3n Policial de Delitos Complejos dio buenos resultados\">Leer m\u00e1s<\/a><\/p>\n","protected":false},"author":1,"featured_media":0,"comment_status":"open","ping_status":"open","sticky":false,"template":"","format":"standard","meta":{"_monsterinsights_skip_tracking":false,"_monsterinsights_sitenote_active":false,"_monsterinsights_sitenote_note":"","_monsterinsights_sitenote_category":0,"jetpack_post_was_ever_published":false,"_jetpack_newsletter_access":"","_jetpack_dont_email_post_to_subs":false,"_jetpack_newsletter_tier_id":0,"_jetpack_memberships_contains_paywalled_content":false,"_jetpack_memberships_contains_paid_content":false,"footnotes":"","jetpack_publicize_message":"","jetpack_publicize_feature_enabled":true,"jetpack_social_post_already_shared":false,"jetpack_social_options":{"image_generator_settings":{"template":"highway","default_image_id":0,"font":"","enabled":false},"version":2},"_wpas_customize_per_network":false},"categories":[85],"tags":[666],"class_list":["post-3448","post","type-post","status-publish","format-standard","hentry","category-policial","tag-robos-mercedes","generate-columns","tablet-grid-50","mobile-grid-100","grid-parent","grid-50"],"jetpack_publicize_connections":[],"jetpack_featured_media_url":"","wps_subtitle":"","jetpack_sharing_enabled":true,"_links":{"self":[{"href":"https:\/\/www.hoymercedes.com.ar\/principal\/wp-json\/wp\/v2\/posts\/3448","targetHints":{"allow":["GET"]}}],"collection":[{"href":"https:\/\/www.hoymercedes.com.ar\/principal\/wp-json\/wp\/v2\/posts"}],"about":[{"href":"https:\/\/www.hoymercedes.com.ar\/principal\/wp-json\/wp\/v2\/types\/post"}],"author":[{"embeddable":true,"href":"https:\/\/www.hoymercedes.com.ar\/principal\/wp-json\/wp\/v2\/users\/1"}],"replies":[{"embeddable":true,"href":"https:\/\/www.hoymercedes.com.ar\/principal\/wp-json\/wp\/v2\/comments?post=3448"}],"version-history":[{"count":0,"href":"https:\/\/www.hoymercedes.com.ar\/principal\/wp-json\/wp\/v2\/posts\/3448\/revisions"}],"wp:attachment":[{"href":"https:\/\/www.hoymercedes.com.ar\/principal\/wp-json\/wp\/v2\/media?parent=3448"}],"wp:term":[{"taxonomy":"category","embeddable":true,"href":"https:\/\/www.hoymercedes.com.ar\/principal\/wp-json\/wp\/v2\/categories?post=3448"},{"taxonomy":"post_tag","embeddable":true,"href":"https:\/\/www.hoymercedes.com.ar\/principal\/wp-json\/wp\/v2\/tags?post=3448"}],"curies":[{"name":"wp","href":"https:\/\/api.w.org\/{rel}","templated":true}]}}