{"id":34539,"date":"2014-07-09T20:49:11","date_gmt":"2014-07-09T23:49:11","guid":{"rendered":"http:\/\/www.hoymercedes.com.ar\/principal\/?p=34539"},"modified":"2014-07-09T20:49:11","modified_gmt":"2014-07-09T23:49:11","slug":"agrupacion-jauretche-inicio-campana-de-cuidado-a-la-salud","status":"publish","type":"post","link":"https:\/\/www.hoymercedes.com.ar\/principal\/2014\/07\/09\/agrupacion-jauretche-inicio-campana-de-cuidado-a-la-salud\/","title":{"rendered":"Agrupaci\u00f3n Jauretche inici\u00f3 campa\u00f1a de cuidado a la salud"},"content":{"rendered":"<p><a href=\"https:\/\/www.hoymercedes.com.ar\/principal\/wp-content\/uploads\/2014\/07\/castulucci.jpg\"><img loading=\"lazy\" decoding=\"async\" data-attachment-id=\"34540\" data-permalink=\"https:\/\/www.hoymercedes.com.ar\/principal\/2014\/07\/09\/agrupacion-jauretche-inicio-campana-de-cuidado-a-la-salud\/castulucci\/#main\" data-orig-file=\"https:\/\/www.hoymercedes.com.ar\/principal\/wp-content\/uploads\/2014\/07\/castulucci.jpg\" data-orig-size=\"620,465\" data-comments-opened=\"1\" data-image-meta=\"{&quot;aperture&quot;:&quot;0&quot;,&quot;credit&quot;:&quot;&quot;,&quot;camera&quot;:&quot;&quot;,&quot;caption&quot;:&quot;&quot;,&quot;created_timestamp&quot;:&quot;0&quot;,&quot;copyright&quot;:&quot;&quot;,&quot;focal_length&quot;:&quot;0&quot;,&quot;iso&quot;:&quot;0&quot;,&quot;shutter_speed&quot;:&quot;0&quot;,&quot;title&quot;:&quot;&quot;}\" data-image-title=\"castulucci\" data-image-description=\"\" data-image-caption=\"\" data-large-file=\"https:\/\/www.hoymercedes.com.ar\/principal\/wp-content\/uploads\/2014\/07\/castulucci.jpg\" class=\"Img2014 aligncenter wp-image-34540 size-full\" src=\"https:\/\/www.hoymercedes.com.ar\/principal\/wp-content\/uploads\/2014\/07\/castulucci.jpg\" alt=\"castulucci\" width=\"620\" height=\"465\" \/><\/a><\/p>\n<p><em><strong>La Agrupaci\u00f3n Arturo Jauretche llev\u00f3 a cabo una campa\u00f1a de prevenci\u00f3n de la salud entregando folletos y documentaci\u00f3n en calle 24 y 25. Estuvieron militantes y Mariano Castelucci, su principal referente.<\/strong><\/em><\/p>\n<p>Ubicados en la esquina de 25 y 24, Mariano Castelucci junto al equipo de la Agrupaci\u00f3n Arturo Jauretche, entregaron\u00a0 folletos con recomendaciones para este invierno.<\/p>\n<p><em>\u00abLa pol\u00edtica mas importante es la que se ocupa de la salud p\u00fablica<\/em>\u00ab, destac\u00f3 Castelucci en di\u00e1logo con los vecinos que se acercaban a hablar con el candidato al verlo dispuesto en la esquina c\u00e9ntrica, como lo hace en el aniversario de cada fecha patria.<\/p>\n<p>El espacio de Mariano Castelucci, tiempo atr\u00e1s, hab\u00eda efectuado una campa\u00f1a similar vinculada a la seguridad ciudadana.<\/p>\n<p>&nbsp;<\/p>\n<p>&nbsp;<\/p>\n<p>&nbsp;<\/p>\n<p>&nbsp;<\/p>\n","protected":false},"excerpt":{"rendered":"<p>La Agrupaci\u00f3n Arturo Jauretche llev\u00f3 a cabo una campa\u00f1a de prevenci\u00f3n de la salud entregando folletos y documentaci\u00f3n en calle &#8230; <a title=\"Agrupaci\u00f3n Jauretche inici\u00f3 campa\u00f1a de cuidado a la salud\" class=\"read-more\" href=\"https:\/\/www.hoymercedes.com.ar\/principal\/2014\/07\/09\/agrupacion-jauretche-inicio-campana-de-cuidado-a-la-salud\/\" aria-label=\"Leer m\u00e1s sobre Agrupaci\u00f3n Jauretche inici\u00f3 campa\u00f1a de cuidado a la salud\">Leer m\u00e1s<\/a><\/p>\n","protected":false},"author":1,"featured_media":0,"comment_status":"open","ping_status":"open","sticky":false,"template":"","format":"standard","meta":{"_monsterinsights_skip_tracking":false,"_monsterinsights_sitenote_active":false,"_monsterinsights_sitenote_note":"","_monsterinsights_sitenote_category":0,"jetpack_post_was_ever_published":false,"_jetpack_newsletter_access":"","_jetpack_dont_email_post_to_subs":false,"_jetpack_newsletter_tier_id":0,"_jetpack_memberships_contains_paywalled_content":false,"_jetpack_memberships_contains_paid_content":false,"footnotes":"","jetpack_publicize_message":"","jetpack_publicize_feature_enabled":true,"jetpack_social_post_already_shared":false,"jetpack_social_options":{"image_generator_settings":{"template":"highway","default_image_id":0,"font":"","enabled":false},"version":2},"_wpas_customize_per_network":false},"categories":[5],"tags":[5071,513],"class_list":["post-34539","post","type-post","status-publish","format-standard","hentry","category-politica","tag-agrupacion-arturo-jauretche-mercedes","tag-mariano-castelucci","generate-columns","tablet-grid-50","mobile-grid-100","grid-parent","grid-50"],"jetpack_publicize_connections":[],"jetpack_featured_media_url":"","wps_subtitle":"Acci\u00f3n pol\u00edtica ","jetpack_sharing_enabled":true,"_links":{"self":[{"href":"https:\/\/www.hoymercedes.com.ar\/principal\/wp-json\/wp\/v2\/posts\/34539","targetHints":{"allow":["GET"]}}],"collection":[{"href":"https:\/\/www.hoymercedes.com.ar\/principal\/wp-json\/wp\/v2\/posts"}],"about":[{"href":"https:\/\/www.hoymercedes.com.ar\/principal\/wp-json\/wp\/v2\/types\/post"}],"author":[{"embeddable":true,"href":"https:\/\/www.hoymercedes.com.ar\/principal\/wp-json\/wp\/v2\/users\/1"}],"replies":[{"embeddable":true,"href":"https:\/\/www.hoymercedes.com.ar\/principal\/wp-json\/wp\/v2\/comments?post=34539"}],"version-history":[{"count":0,"href":"https:\/\/www.hoymercedes.com.ar\/principal\/wp-json\/wp\/v2\/posts\/34539\/revisions"}],"wp:attachment":[{"href":"https:\/\/www.hoymercedes.com.ar\/principal\/wp-json\/wp\/v2\/media?parent=34539"}],"wp:term":[{"taxonomy":"category","embeddable":true,"href":"https:\/\/www.hoymercedes.com.ar\/principal\/wp-json\/wp\/v2\/categories?post=34539"},{"taxonomy":"post_tag","embeddable":true,"href":"https:\/\/www.hoymercedes.com.ar\/principal\/wp-json\/wp\/v2\/tags?post=34539"}],"curies":[{"name":"wp","href":"https:\/\/api.w.org\/{rel}","templated":true}]}}