{"id":34552,"date":"2014-07-09T22:03:37","date_gmt":"2014-07-10T01:03:37","guid":{"rendered":"http:\/\/www.hoymercedes.com.ar\/principal\/?p=34552"},"modified":"2014-07-09T22:09:50","modified_gmt":"2014-07-10T01:09:50","slug":"biglia-tras-el-pase-a-la-final-tenemos-hambre-de-gloria-y-eso-le-gana-al-cansancio","status":"publish","type":"post","link":"https:\/\/www.hoymercedes.com.ar\/principal\/2014\/07\/09\/biglia-tras-el-pase-a-la-final-tenemos-hambre-de-gloria-y-eso-le-gana-al-cansancio\/","title":{"rendered":"Biglia tras el pase a la final: \u00abTenemos hambre de gloria y eso le gana al cansancio\u00bb"},"content":{"rendered":"<p><a href=\"https:\/\/www.hoymercedes.com.ar\/principal\/wp-content\/uploads\/2014\/07\/53bdbd5f72745_666x681.jpg\"><img loading=\"lazy\" decoding=\"async\" data-attachment-id=\"34553\" data-permalink=\"https:\/\/www.hoymercedes.com.ar\/principal\/2014\/07\/09\/biglia-tras-el-pase-a-la-final-tenemos-hambre-de-gloria-y-eso-le-gana-al-cansancio\/53bdbd5f72745_666x681\/#main\" data-orig-file=\"https:\/\/www.hoymercedes.com.ar\/principal\/wp-content\/uploads\/2014\/07\/53bdbd5f72745_666x681.jpg\" data-orig-size=\"666,681\" data-comments-opened=\"1\" data-image-meta=\"{&quot;aperture&quot;:&quot;0&quot;,&quot;credit&quot;:&quot;&quot;,&quot;camera&quot;:&quot;&quot;,&quot;caption&quot;:&quot;&quot;,&quot;created_timestamp&quot;:&quot;0&quot;,&quot;copyright&quot;:&quot;&quot;,&quot;focal_length&quot;:&quot;0&quot;,&quot;iso&quot;:&quot;0&quot;,&quot;shutter_speed&quot;:&quot;0&quot;,&quot;title&quot;:&quot;&quot;}\" data-image-title=\"Lucas Biglia &amp;#8211; Argentina Holanda \" data-image-description=\"\" data-image-caption=\"\" data-large-file=\"https:\/\/www.hoymercedes.com.ar\/principal\/wp-content\/uploads\/2014\/07\/53bdbd5f72745_666x681.jpg\" class=\"Img2014 aligncenter wp-image-34553\" src=\"https:\/\/www.hoymercedes.com.ar\/principal\/wp-content\/uploads\/2014\/07\/53bdbd5f72745_666x681-606x620.jpg\" alt=\"Lucas Biglia - Argentina Holanda \" width=\"620\" height=\"634\" srcset=\"https:\/\/www.hoymercedes.com.ar\/principal\/wp-content\/uploads\/2014\/07\/53bdbd5f72745_666x681-606x620.jpg 606w, https:\/\/www.hoymercedes.com.ar\/principal\/wp-content\/uploads\/2014\/07\/53bdbd5f72745_666x681.jpg 666w\" sizes=\"auto, (max-width: 620px) 100vw, 620px\" \/><\/a><\/p>\n<p><em><strong>Lucas Biglia volvi\u00f3 a ser parte desde el primer minuto en el partido de Argentina contra Holanda por la semi final del Mundial Brasil 2014. Gan\u00f3 el puesto en las \u00faltimas dos competencias y parece inamovible para la final del domingo contra Alemania. Hizo historia, se gan\u00f3 el apoyo del p\u00fablico y de la prensa. El quito penal, de haberse necesitado, era seg\u00fan la lista de Sabella para Lucas Biglia.\u00a0<\/strong><\/em><\/p>\n<p>Tras la victoria, Lucas Biglia fue entrevistado por el canal televisivo TyC Sport donde manifest\u00f3 su alegr\u00eda y confianza.<\/p>\n<p>Biglia sostuvo que:<em> \u00abllegamos, contento por los leones que entramos a la cancha, contento por los leones que patearon los penales, por el chiquito que Dios lo ilumin\u00f3\u00bb.<\/em><\/p>\n<p>El periodista le dijo: \u00abterrible lo que corriste Lucas\u00bb, ante lo cual el mercedino manifest\u00f3<em>: \u00abcon el monstruo que tengo al lado m\u00edo como no voy a correr (en relaci\u00f3n a Mascherano), \u00e9l contagiaba, contagiaba Mart\u00edn, contagiaba Leo como\u00a0corr\u00eda, el Pocho, todos los\u00a0muchachos contagiaban un poquito, tenemos hambre de gloria, te lo dije el otro d\u00eda, eso le gana al cansancio\u00bb.<\/em><\/p>\n<p>&nbsp;<\/p>\n<p>&nbsp;<\/p>\n","protected":false},"excerpt":{"rendered":"<p>Lucas Biglia volvi\u00f3 a ser parte desde el primer minuto en el partido de Argentina contra Holanda por la semi &#8230; <a title=\"Biglia tras el pase a la final: \u00abTenemos hambre de gloria y eso le gana al cansancio\u00bb\" class=\"read-more\" href=\"https:\/\/www.hoymercedes.com.ar\/principal\/2014\/07\/09\/biglia-tras-el-pase-a-la-final-tenemos-hambre-de-gloria-y-eso-le-gana-al-cansancio\/\" aria-label=\"Leer m\u00e1s sobre Biglia tras el pase a la final: \u00abTenemos hambre de gloria y eso le gana al cansancio\u00bb\">Leer m\u00e1s<\/a><\/p>\n","protected":false},"author":1,"featured_media":0,"comment_status":"open","ping_status":"open","sticky":false,"template":"","format":"standard","meta":{"_monsterinsights_skip_tracking":false,"_monsterinsights_sitenote_active":false,"_monsterinsights_sitenote_note":"","_monsterinsights_sitenote_category":0,"jetpack_post_was_ever_published":false,"_jetpack_newsletter_access":"","_jetpack_dont_email_post_to_subs":false,"_jetpack_newsletter_tier_id":0,"_jetpack_memberships_contains_paywalled_content":false,"_jetpack_memberships_contains_paid_content":false,"footnotes":"","jetpack_publicize_message":"","jetpack_publicize_feature_enabled":true,"jetpack_social_post_already_shared":false,"jetpack_social_options":{"image_generator_settings":{"template":"highway","default_image_id":0,"font":"","enabled":false},"version":2},"_wpas_customize_per_network":false},"categories":[21],"tags":[5606,5605,5604],"class_list":["post-34552","post","type-post","status-publish","format-standard","hentry","category-deportes","tag-argentina-holanda-biglia","tag-biglia-mundial","tag-lucas-biglia-finalista","generate-columns","tablet-grid-50","mobile-grid-100","grid-parent","grid-50"],"jetpack_publicize_connections":[],"jetpack_featured_media_url":"","wps_subtitle":"Un mercedino a la final","jetpack_sharing_enabled":true,"_links":{"self":[{"href":"https:\/\/www.hoymercedes.com.ar\/principal\/wp-json\/wp\/v2\/posts\/34552","targetHints":{"allow":["GET"]}}],"collection":[{"href":"https:\/\/www.hoymercedes.com.ar\/principal\/wp-json\/wp\/v2\/posts"}],"about":[{"href":"https:\/\/www.hoymercedes.com.ar\/principal\/wp-json\/wp\/v2\/types\/post"}],"author":[{"embeddable":true,"href":"https:\/\/www.hoymercedes.com.ar\/principal\/wp-json\/wp\/v2\/users\/1"}],"replies":[{"embeddable":true,"href":"https:\/\/www.hoymercedes.com.ar\/principal\/wp-json\/wp\/v2\/comments?post=34552"}],"version-history":[{"count":0,"href":"https:\/\/www.hoymercedes.com.ar\/principal\/wp-json\/wp\/v2\/posts\/34552\/revisions"}],"wp:attachment":[{"href":"https:\/\/www.hoymercedes.com.ar\/principal\/wp-json\/wp\/v2\/media?parent=34552"}],"wp:term":[{"taxonomy":"category","embeddable":true,"href":"https:\/\/www.hoymercedes.com.ar\/principal\/wp-json\/wp\/v2\/categories?post=34552"},{"taxonomy":"post_tag","embeddable":true,"href":"https:\/\/www.hoymercedes.com.ar\/principal\/wp-json\/wp\/v2\/tags?post=34552"}],"curies":[{"name":"wp","href":"https:\/\/api.w.org\/{rel}","templated":true}]}}