{"id":34592,"date":"2014-07-13T20:29:01","date_gmt":"2014-07-13T23:29:01","guid":{"rendered":"http:\/\/www.hoymercedes.com.ar.ar\/noticias\/?p=5"},"modified":"2014-07-13T20:29:01","modified_gmt":"2014-07-13T23:29:01","slug":"el-mic-solicita-agentes-de-transito-y-construccion-de-lomo-de-burro-frente-al-colegio-santa-maria","status":"publish","type":"post","link":"https:\/\/www.hoymercedes.com.ar\/principal\/2014\/07\/13\/el-mic-solicita-agentes-de-transito-y-construccion-de-lomo-de-burro-frente-al-colegio-santa-maria\/","title":{"rendered":"El MIC solicita agentes de tr\u00e1nsito y construcci\u00f3n de lomo de burro frente al colegio Santa Mar\u00eda"},"content":{"rendered":"<p><strong><em>Por Mic Mercedes &#8211; Siguiendo con las recorridas que realiza el Movimiento Independiente Comunal, es que se llegaron hasta las instalaciones del Colegio Santa Mar\u00eda en hora pico y decidieron la pronta realizaci\u00f3n de un expediente solicitando la construcci\u00f3n de un lomo de burro y la presencia de agentes de tr\u00e1nsito en las horas donde los alumnos ingresan y egresan del establecimiento.<\/em><\/strong><\/p>\n<p>Expediente 373.14<\/p>\n<p>VISTO: El peligro que puede ocasionar la velocidad del tr\u00e1nsito vehicular por la Avenida 40, sobre ambas manos, para los estudiantes que ingresan y egresan del Colegio Santa Mar\u00eda.<\/p>\n<p>CONSIDERANDO: &#8211; Que algunos estudiantes deben atravesar la Avenida 40, ambas manos, en el horario de ingreso y egreso al establecimiento educativo, en los turnos ma\u00f1ana y tarde. &#8211; Que la velocidad m\u00e1xima es de 60 Km\/hora. &#8211; Que el riesgo de accidentes de tr\u00e1nsito aumenta. &#8211; Que se pueden prevenir lesiones y en algunas ocasiones salvar vidas. &#8211; Que uno de los criterios para colocar reductores de velocidad es la presencia de establecimientos educativos, seg\u00fan lo conversado en la Comisi\u00f3n de Seguridad y Tr\u00e1nsito del HCD, son el Secretario de Control Urbano.<\/p>\n<p>Ante lo expuesto el Bloque MIC promueve el siguiente Proyecto de:<\/p>\n<p>ORDENANZA: Art. 1\u00b0. Constr\u00fayase un reductor de velocidad sobre la Avenida 40 (sentido de circulaci\u00f3n oeste \u2013 este), a 30 metros, aproximadamente, de la intersecci\u00f3n con calle 3, al oeste de la misma, seg\u00fan plano adjunto.<\/p>\n<p>Art. 2\u00b0. Constr\u00fayase un reductor de velocidad sobre la Avenida 40 (sentido de circulaci\u00f3n este &#8211; oeste), a 30 metros, aproximadamente, de la intersecci\u00f3n con calle 3, al este de la misma, seg\u00fan plano adjunto.<\/p>\n<p>Art. 3\u00b0. El Departamento Ejecutivo, a trav\u00e9s de la Secretar\u00eda de Control Urbano determinar\u00e1 el tipo de reductor de velocidad a construir.<\/p>\n<p>Art. 4\u00b0. Se\u00f1\u00e1lece en forma horizontal y vertical la presencia de los reductores de velocidad en ambas manos de circulaci\u00f3n.<\/p>\n<p>Art. 5\u00b0. Se\u00f1\u00e1lece en forma vertical \u201cDespacio Escuela\u201d en ambas manos de circulaci\u00f3n.<\/p>\n<p>Art. 6\u00b0. Los gastos que demande la presente se imputar\u00e1n a la partida que el DE estime corresponder.<\/p>\n<p>Art. 7\u00b0. Comun\u00edquese, reg\u00edstrese, d\u00e9se el Digesto General, cumplido arch\u00edvese.<\/p>\n<p>Concejales: JUAN CARLOS BADANO y JOS\u00c9 MAR\u00cdA CESTARI.<\/p>\n<p>&nbsp;<\/p>\n<p>&nbsp;<\/p>\n<p>&nbsp;<\/p>\n<p>&nbsp;<\/p>\n","protected":false},"excerpt":{"rendered":"<p>Por Mic Mercedes &#8211; Siguiendo con las recorridas que realiza el Movimiento Independiente Comunal, es que se llegaron hasta las &#8230; <a title=\"El MIC solicita agentes de tr\u00e1nsito y construcci\u00f3n de lomo de burro frente al colegio Santa Mar\u00eda\" class=\"read-more\" href=\"https:\/\/www.hoymercedes.com.ar\/principal\/2014\/07\/13\/el-mic-solicita-agentes-de-transito-y-construccion-de-lomo-de-burro-frente-al-colegio-santa-maria\/\" aria-label=\"Leer m\u00e1s sobre El MIC solicita agentes de tr\u00e1nsito y construcci\u00f3n de lomo de burro frente al colegio Santa Mar\u00eda\">Leer m\u00e1s<\/a><\/p>\n","protected":false},"author":1,"featured_media":0,"comment_status":"open","ping_status":"open","sticky":false,"template":"","format":"standard","meta":{"_monsterinsights_skip_tracking":false,"_monsterinsights_sitenote_active":false,"_monsterinsights_sitenote_note":"","_monsterinsights_sitenote_category":0,"jetpack_post_was_ever_published":false,"_jetpack_newsletter_access":"","_jetpack_dont_email_post_to_subs":false,"_jetpack_newsletter_tier_id":0,"_jetpack_memberships_contains_paywalled_content":false,"_jetpack_memberships_contains_paid_content":false,"footnotes":"","jetpack_publicize_message":"","jetpack_publicize_feature_enabled":true,"jetpack_social_post_already_shared":true,"jetpack_social_options":{"image_generator_settings":{"template":"highway","default_image_id":0,"font":"","enabled":false},"version":2},"_wpas_customize_per_network":false},"categories":[5],"tags":[1956],"class_list":["post-34592","post","type-post","status-publish","format-standard","hentry","category-politica","tag-mic-mercedes","generate-columns","tablet-grid-50","mobile-grid-100","grid-parent","grid-50"],"jetpack_publicize_connections":[],"jetpack_featured_media_url":"","wps_subtitle":"Tarea legislativa","jetpack_sharing_enabled":true,"_links":{"self":[{"href":"https:\/\/www.hoymercedes.com.ar\/principal\/wp-json\/wp\/v2\/posts\/34592","targetHints":{"allow":["GET"]}}],"collection":[{"href":"https:\/\/www.hoymercedes.com.ar\/principal\/wp-json\/wp\/v2\/posts"}],"about":[{"href":"https:\/\/www.hoymercedes.com.ar\/principal\/wp-json\/wp\/v2\/types\/post"}],"author":[{"embeddable":true,"href":"https:\/\/www.hoymercedes.com.ar\/principal\/wp-json\/wp\/v2\/users\/1"}],"replies":[{"embeddable":true,"href":"https:\/\/www.hoymercedes.com.ar\/principal\/wp-json\/wp\/v2\/comments?post=34592"}],"version-history":[{"count":0,"href":"https:\/\/www.hoymercedes.com.ar\/principal\/wp-json\/wp\/v2\/posts\/34592\/revisions"}],"wp:attachment":[{"href":"https:\/\/www.hoymercedes.com.ar\/principal\/wp-json\/wp\/v2\/media?parent=34592"}],"wp:term":[{"taxonomy":"category","embeddable":true,"href":"https:\/\/www.hoymercedes.com.ar\/principal\/wp-json\/wp\/v2\/categories?post=34592"},{"taxonomy":"post_tag","embeddable":true,"href":"https:\/\/www.hoymercedes.com.ar\/principal\/wp-json\/wp\/v2\/tags?post=34592"}],"curies":[{"name":"wp","href":"https:\/\/api.w.org\/{rel}","templated":true}]}}