{"id":34594,"date":"2014-07-13T21:06:48","date_gmt":"2014-07-14T00:06:48","guid":{"rendered":"http:\/\/www.hoymercedes.com.ar.ar\/noticias\/?p=12"},"modified":"2014-07-13T21:06:48","modified_gmt":"2014-07-14T00:06:48","slug":"agrupacion-arturo-jauretche-continua-su-campana-de-cuidados-de-la-salud","status":"publish","type":"post","link":"https:\/\/www.hoymercedes.com.ar\/principal\/2014\/07\/13\/agrupacion-arturo-jauretche-continua-su-campana-de-cuidados-de-la-salud\/","title":{"rendered":"Agrupaci\u00f3n Arturo Jauretche contin\u00faa su campa\u00f1a de cuidados de la salud"},"content":{"rendered":"<p><em><strong>La Agrupaci\u00f3n conducida por Mariano Castelucci ha entregado a la poblaci\u00f3n un documento gr\u00e1fico vinculado a la salud de los ciudadanos. Tiempo atr\u00e1s hab\u00edan efectuado algo similar referido a la seguridad. La entrega, que ya hab\u00edamos comentado, fue en 24 y 25. En esta ocasi\u00f3n te dejamos los documentos para que puedas leerlos y tener la informaci\u00f3n.\u00a0<\/strong><\/em><\/p>\n<p><a href=\"http:\/\/www.hoymercedes.com.ar.ar\/noticias\/wp-content\/uploads\/2014\/07\/castelucci-1.jpg\"><img loading=\"lazy\" decoding=\"async\" class=\"Img2014 aligncenter wp-image-14\" src=\"http:\/\/www.hoymercedes.com.ar.ar\/noticias\/wp-content\/uploads\/2014\/07\/castelucci-2-300x214.jpg\" alt=\"castelucci 2\" width=\"620\" height=\"443\" \/><\/a><\/p>\n<p><a href=\"http:\/\/www.hoymercedes.com.ar.ar\/noticias\/wp-content\/uploads\/2014\/07\/castelucci-1.jpg\"><img loading=\"lazy\" decoding=\"async\" class=\"aligncenter wp-image-13\" src=\"http:\/\/www.hoymercedes.com.ar.ar\/noticias\/wp-content\/uploads\/2014\/07\/castelucci-1-300x144.jpg\" alt=\"castelucci 1\" width=\"620\" height=\"298\" \/><\/a><\/p>\n<p>&nbsp;<\/p>\n","protected":false},"excerpt":{"rendered":"<p>La Agrupaci\u00f3n conducida por Mariano Castelucci ha entregado a la poblaci\u00f3n un documento gr\u00e1fico vinculado a la salud de los &#8230; <a title=\"Agrupaci\u00f3n Arturo Jauretche contin\u00faa su campa\u00f1a de cuidados de la salud\" class=\"read-more\" href=\"https:\/\/www.hoymercedes.com.ar\/principal\/2014\/07\/13\/agrupacion-arturo-jauretche-continua-su-campana-de-cuidados-de-la-salud\/\" aria-label=\"Leer m\u00e1s sobre Agrupaci\u00f3n Arturo Jauretche contin\u00faa su campa\u00f1a de cuidados de la salud\">Leer m\u00e1s<\/a><\/p>\n","protected":false},"author":1,"featured_media":0,"comment_status":"open","ping_status":"open","sticky":false,"template":"","format":"standard","meta":{"_monsterinsights_skip_tracking":false,"_monsterinsights_sitenote_active":false,"_monsterinsights_sitenote_note":"","_monsterinsights_sitenote_category":0,"jetpack_post_was_ever_published":false,"_jetpack_newsletter_access":"","_jetpack_dont_email_post_to_subs":false,"_jetpack_newsletter_tier_id":0,"_jetpack_memberships_contains_paywalled_content":false,"_jetpack_memberships_contains_paid_content":false,"footnotes":"","jetpack_publicize_message":"","jetpack_publicize_feature_enabled":true,"jetpack_social_post_already_shared":true,"jetpack_social_options":{"image_generator_settings":{"template":"highway","default_image_id":0,"font":"","enabled":false},"version":2},"_wpas_customize_per_network":false},"categories":[5],"tags":[5037,513],"class_list":["post-34594","post","type-post","status-publish","format-standard","hentry","category-politica","tag-agrupacion-arturo-jauretche","tag-mariano-castelucci","generate-columns","tablet-grid-50","mobile-grid-100","grid-parent","grid-50"],"jetpack_publicize_connections":[],"jetpack_featured_media_url":"","wps_subtitle":"Prevenci\u00f3n y salud","jetpack_sharing_enabled":true,"_links":{"self":[{"href":"https:\/\/www.hoymercedes.com.ar\/principal\/wp-json\/wp\/v2\/posts\/34594","targetHints":{"allow":["GET"]}}],"collection":[{"href":"https:\/\/www.hoymercedes.com.ar\/principal\/wp-json\/wp\/v2\/posts"}],"about":[{"href":"https:\/\/www.hoymercedes.com.ar\/principal\/wp-json\/wp\/v2\/types\/post"}],"author":[{"embeddable":true,"href":"https:\/\/www.hoymercedes.com.ar\/principal\/wp-json\/wp\/v2\/users\/1"}],"replies":[{"embeddable":true,"href":"https:\/\/www.hoymercedes.com.ar\/principal\/wp-json\/wp\/v2\/comments?post=34594"}],"version-history":[{"count":0,"href":"https:\/\/www.hoymercedes.com.ar\/principal\/wp-json\/wp\/v2\/posts\/34594\/revisions"}],"wp:attachment":[{"href":"https:\/\/www.hoymercedes.com.ar\/principal\/wp-json\/wp\/v2\/media?parent=34594"}],"wp:term":[{"taxonomy":"category","embeddable":true,"href":"https:\/\/www.hoymercedes.com.ar\/principal\/wp-json\/wp\/v2\/categories?post=34594"},{"taxonomy":"post_tag","embeddable":true,"href":"https:\/\/www.hoymercedes.com.ar\/principal\/wp-json\/wp\/v2\/tags?post=34594"}],"curies":[{"name":"wp","href":"https:\/\/api.w.org\/{rel}","templated":true}]}}