{"id":34596,"date":"2014-07-14T13:55:05","date_gmt":"2014-07-14T16:55:05","guid":{"rendered":"http:\/\/www.hoymercedes.com.ar.ar\/noticias\/?p=21"},"modified":"2014-07-14T13:55:05","modified_gmt":"2014-07-14T16:55:05","slug":"sabrina-selva-en-presentacion-de-brown-joven-con-massa-y-giustozzi","status":"publish","type":"post","link":"https:\/\/www.hoymercedes.com.ar\/principal\/2014\/07\/14\/sabrina-selva-en-presentacion-de-brown-joven-con-massa-y-giustozzi\/","title":{"rendered":"Sabrina Selva en presentaci\u00f3n de \u201cBrown joven\u201d con Massa y Giustozzi"},"content":{"rendered":"<p><a href=\"http:\/\/www.hoymercedes.com.ar.ar\/noticias\/wp-content\/uploads\/2014\/07\/guistozzi-selva.jpg\"><img loading=\"lazy\" decoding=\"async\" class=\"Img2014 aligncenter wp-image-22 size-full\" src=\"http:\/\/www.hoymercedes.com.ar.ar\/noticias\/wp-content\/uploads\/2014\/07\/guistozzi-selva.jpg\" alt=\"guistozzi-selva\" width=\"620\" height=\"414\" \/><\/a><\/p>\n<p><em><strong>La concejal Sabrina Selva particip\u00f3 este jueves por la tarde de la presentaci\u00f3n del programa \u201cBrown joven\u201d en la localidad de Almirante Brown que fue encabezado por los diputados nacionales Dar\u00edo Giustozzi y Sergio Massa.<\/strong><\/em><\/p>\n<p>La joven edil mercedina fue parte de este importante evento que se desarroll\u00f3 en la Casa de la Cultura de Almirante Brown, que implica una serie de descuentos en actividades culturales, sociales, educativas, deportivas y sanitarias para los j\u00f3venes del distrito. Estuvo acompa\u00f1ada de los funcionarios municipales Agust\u00edn Lasala y N\u00e9stor Palacios.<\/p>\n<p>El programa lanzado en el distrito de Almirante Brown, destinado a j\u00f3venes de entre 15 y 30 a\u00f1os, se implementar\u00e1 a trav\u00e9s de una tarjeta personalizada que permitir\u00e1 el acceso a descuentos en cines, centros gastron\u00f3micos, espect\u00e1culos, actividades y eventos deportivos en clubes y librer\u00edas cercanas a instituciones educativas.<\/p>\n<p>En este sentido, el diputado nacional Sergio Massa sostuvo: \u00abHoy la inflaci\u00f3n est\u00e1 generando un da\u00f1o enorme en todos los sectores de la sociedad. La poblaci\u00f3n joven tiene 2 objetivos. Uno que tiene que ver con crecer y desarrollarse, y otro que tiene que ver con poder disfrutar de la vida. En ese sentido, nos encontramos por un lado con grupo grande, casi un mill\u00f3n de chicos argentinos, que ni estudian ni trabajan, que no tienen herramientas de contenci\u00f3n por parte del Estado. Y un segundo grupo, de los que estudian, trabajan, que sienten que nadie hace nada para pelear por su ingreso\u00bb.<\/p>\n<p>Adem\u00e1s, se\u00f1al\u00f3: \u00abEste programa tiende a defender el bolsillo de los j\u00f3venes. Y creemos que se debe repetir, porque ellos sienten que la plata no le alcanza. Muchos se hacen los distra\u00eddos con la inflaci\u00f3n, y la verdad es que as\u00ed como los jubilados tienen problemas para enfrentar sus gastos en alimentos y medicamentos, as\u00ed como la gran mayor\u00eda de la clase media siente que entre el aumento de precios y los impuestos, la plata no le alcanza, los j\u00f3venes sienten que nadie hace nada para defender su bolsillo\u201d.<\/p>\n<p>Massa finaliz\u00f3: \u00abInvitamos a todos aquellos que tengan ganas de trabajar en funci\u00f3n de defender el bolsillo de los j\u00f3venes, a repetir este programa\u00bb.<\/p>\n<p>Por su parte, el actual diputado nacional y ex intendente de Almirante Brown, Dar\u00edo Giustozzi agreg\u00f3: \u00abEste programa es para los j\u00f3venes que tienen una actividad y una actitud frente a la comunidad, con el colegio, o con alguna instituci\u00f3n como puede ser Bomberos, sociedad de fomento o un comedor. Este programa es apostar a la innovaci\u00f3n con creatividad. No necesitamos contar con tantos recursos, sino movilizarnos hacia el comercio y hacia los trabajadores, para fortalecerlos. Este programa es la respuesta que tenemos desde el Municipio para demostrar que a\u00fan en situaci\u00f3n de carencia, podemos encontrar resultados\u00bb.<\/p>\n<p>Este programa cuenta con la adhesi\u00f3n de 1500 comercios y 50 instituciones en el distrito. Adem\u00e1s, busca llegar en un a\u00f1o a m\u00e1s de 100 mil j\u00f3venes.<\/p>\n<p>&nbsp;<\/p>\n","protected":false},"excerpt":{"rendered":"<p>La concejal Sabrina Selva particip\u00f3 este jueves por la tarde de la presentaci\u00f3n del programa \u201cBrown joven\u201d en la localidad &#8230; <a title=\"Sabrina Selva en presentaci\u00f3n de \u201cBrown joven\u201d con Massa y Giustozzi\" class=\"read-more\" href=\"https:\/\/www.hoymercedes.com.ar\/principal\/2014\/07\/14\/sabrina-selva-en-presentacion-de-brown-joven-con-massa-y-giustozzi\/\" aria-label=\"Leer m\u00e1s sobre Sabrina Selva en presentaci\u00f3n de \u201cBrown joven\u201d con Massa y Giustozzi\">Leer m\u00e1s<\/a><\/p>\n","protected":false},"author":1,"featured_media":0,"comment_status":"open","ping_status":"open","sticky":false,"template":"","format":"standard","meta":{"_monsterinsights_skip_tracking":false,"_monsterinsights_sitenote_active":false,"_monsterinsights_sitenote_note":"","_monsterinsights_sitenote_category":0,"jetpack_post_was_ever_published":false,"_jetpack_newsletter_access":"","_jetpack_dont_email_post_to_subs":false,"_jetpack_newsletter_tier_id":0,"_jetpack_memberships_contains_paywalled_content":false,"_jetpack_memberships_contains_paid_content":false,"footnotes":"","jetpack_publicize_message":"","jetpack_publicize_feature_enabled":true,"jetpack_social_post_already_shared":true,"jetpack_social_options":{"image_generator_settings":{"template":"highway","default_image_id":0,"font":"","enabled":false},"version":2},"_wpas_customize_per_network":false},"categories":[5],"tags":[4613,3647,2854],"class_list":["post-34596","post","type-post","status-publish","format-standard","hentry","category-politica","tag-dario-giustozzi","tag-frente-renovador-mercedes","tag-sabrina-selva","generate-columns","tablet-grid-50","mobile-grid-100","grid-parent","grid-50"],"jetpack_publicize_connections":[],"jetpack_featured_media_url":"","wps_subtitle":"Pol\u00edtica provincial","jetpack_sharing_enabled":true,"_links":{"self":[{"href":"https:\/\/www.hoymercedes.com.ar\/principal\/wp-json\/wp\/v2\/posts\/34596","targetHints":{"allow":["GET"]}}],"collection":[{"href":"https:\/\/www.hoymercedes.com.ar\/principal\/wp-json\/wp\/v2\/posts"}],"about":[{"href":"https:\/\/www.hoymercedes.com.ar\/principal\/wp-json\/wp\/v2\/types\/post"}],"author":[{"embeddable":true,"href":"https:\/\/www.hoymercedes.com.ar\/principal\/wp-json\/wp\/v2\/users\/1"}],"replies":[{"embeddable":true,"href":"https:\/\/www.hoymercedes.com.ar\/principal\/wp-json\/wp\/v2\/comments?post=34596"}],"version-history":[{"count":0,"href":"https:\/\/www.hoymercedes.com.ar\/principal\/wp-json\/wp\/v2\/posts\/34596\/revisions"}],"wp:attachment":[{"href":"https:\/\/www.hoymercedes.com.ar\/principal\/wp-json\/wp\/v2\/media?parent=34596"}],"wp:term":[{"taxonomy":"category","embeddable":true,"href":"https:\/\/www.hoymercedes.com.ar\/principal\/wp-json\/wp\/v2\/categories?post=34596"},{"taxonomy":"post_tag","embeddable":true,"href":"https:\/\/www.hoymercedes.com.ar\/principal\/wp-json\/wp\/v2\/tags?post=34596"}],"curies":[{"name":"wp","href":"https:\/\/api.w.org\/{rel}","templated":true}]}}