{"id":34597,"date":"2014-07-14T14:08:04","date_gmt":"2014-07-14T17:08:04","guid":{"rendered":"http:\/\/www.hoymercedes.com.ar.ar\/noticias\/?p=28"},"modified":"2014-07-14T14:08:04","modified_gmt":"2014-07-14T17:08:04","slug":"cem-y-anses-entregaron-decodificadores-de-tda-a-comercios","status":"publish","type":"post","link":"https:\/\/www.hoymercedes.com.ar\/principal\/2014\/07\/14\/cem-y-anses-entregaron-decodificadores-de-tda-a-comercios\/","title":{"rendered":"CEM y Anses entregaron decodificadores de TDA a comercios"},"content":{"rendered":"<p><a href=\"http:\/\/www.hoymercedes.com.ar.ar\/noticias\/wp-content\/uploads\/2014\/07\/CEM.Decodificadores-TDA.jpg\"><img loading=\"lazy\" decoding=\"async\" class=\"aligncenter size-full wp-image-29\" src=\"http:\/\/www.hoymercedes.com.ar.ar\/noticias\/wp-content\/uploads\/2014\/07\/CEM.Decodificadores-TDA.jpg\" alt=\"CEM.Decodificadores-TDA\" width=\"620\" height=\"465\" \/><\/a><\/p>\n<p>La ANSES, a trav\u00e9s de un trabajo articulado con la C\u00e1mara Econ\u00f3mica de Mercedes (CEM), entreg\u00f3 decodificadores gratuitos de la Televisi\u00f3n Digital Abierta (TDA) a distintos comercios de la ciudad, en el marco del programa de integraci\u00f3n digital que impulsa el Ministerio de Planificaci\u00f3n Federal, Inversi\u00f3n P\u00fablica y Servicios de la Naci\u00f3n.<\/p>\n<p>En el acto estuvieron presentes el gerente regional de la ANSES, Juan Ignacio Ustarroz, y los principales dirigentes de la CEM: el presidente, Juan Carlos Cardinale; y el gerente, Jorge Villarreal. Ambos agradecieron el trabajo en conjunto que se hace con el organismo no solo con este programa de acceso a la TV Digital, sino tambi\u00e9n con otros beneficios para los vecinos como la tarjeta Argenta y el PROCREAR.<\/p>\n<p>En el mismo sentido se expres\u00f3 Ustarroz: \u201cEs muy importante la articulaci\u00f3n con los organismos, las entidades y las instituciones para que los beneficios que se impulsan desde el Estado nacional lleguen a quienes corresponda. Estamos muy agradecidos con la C\u00e1mara Econ\u00f3mica de nuestra ciudad por habernos abierto las puertas a esta posibilidad y porque tambi\u00e9n les facilitan las cosas a los comercios, sean o no socios de la entidad\u201d.<\/p>\n<p>\u201cDel mismo modo que lo hicimos con Argenta, y tambi\u00e9n con distintos corralones de Mercedes para ofrecer beneficios a los vecinos que salieron sorteados del PROCREAR para dinamizar la econom\u00eda de nuestra ciudad, trabajar con la CEM nos garantiza que se cumpla el derecho al acceso a la TV gratuita y digital\u201d, agreg\u00f3 Ustarroz.<\/p>\n<p>La TDA, una pol\u00edtica de integraci\u00f3n digital impulsada por el Ministerio de Planificaci\u00f3n, es una plataforma de TV que utiliza la m\u00e1s moderna tecnolog\u00eda digital para transmitir en alta calidad de imagen y sonido de manera gratuita, permitiendo adem\u00e1s ofrecer otros servicios interactivos. Para lograr que m\u00e1s del 82% de la poblaci\u00f3n nacional disfrute ya de este servicio, se instalaron 82 Estaciones Digitales de Transmisi\u00f3n (EDT) en diferentes puntos del pa\u00eds que emiten la se\u00f1al de la TDA.<\/p>\n<p>La Televisi\u00f3n Digital Satelital (TDS) es un sistema de transmisi\u00f3n y recepci\u00f3n de la se\u00f1al de TV que se emite desde un sat\u00e9lite de comunicaciones hacia las antenas receptoras. La TDS tiene como objetivo fundamental alcanzar aquellas zonas de todo el territorio nacional que, por sus condiciones geogr\u00e1ficas y\/o de baja densidad poblacional, se encuentran fuera del \u00e1rea de cobertura de la Televisi\u00f3n Digital Terrestre (TDT).<\/p>\n<p>Hoy se atraviesa un proceso de transici\u00f3n que implica el paso de la televisi\u00f3n anal\u00f3gica a la Televisi\u00f3n Digital. Este proceso se desarrollar\u00e1 durante varios a\u00f1os hasta que ocurra el \u201capag\u00f3n anal\u00f3gico\u201d, el cual implicar\u00e1 que s\u00f3lo se transmita se\u00f1al en forma digital.<\/p>\n<p>El mencionado \u201capag\u00f3n anal\u00f3gico\u201d trae aparejado un profundo cambio cultural y tecnol\u00f3gico y es por eso que, con el objetivo de democratizar el acceso a las nuevas tecnolog\u00edas, se impulsa el Plan Operativo de Acceso \u201cMi TV Digital\u201d, para garantizar la igualdad de posibilidades de acceso a la TDA.<\/p>\n<p>Dicho plan ya entreg\u00f3 m\u00e1s de 1.200.000 equipos receptores terrestres de manera gratuita a hogares, establecimientos y organizaciones sociales. Como complemento, tambi\u00e9n se han instalado m\u00e1s de 5.000 antenas de TV Digital Satelital (TDS) en parajes rurales y m\u00e1s de 12.000 en escuelas rurales y de frontera, para que todos los argentinos tengan igualdad de oportunidades en el acceso a la TDA.<\/p>\n","protected":false},"excerpt":{"rendered":"<p>La ANSES, a trav\u00e9s de un trabajo articulado con la C\u00e1mara Econ\u00f3mica de Mercedes (CEM), entreg\u00f3 decodificadores gratuitos de la &#8230; <a title=\"CEM y Anses entregaron decodificadores de TDA a comercios\" class=\"read-more\" href=\"https:\/\/www.hoymercedes.com.ar\/principal\/2014\/07\/14\/cem-y-anses-entregaron-decodificadores-de-tda-a-comercios\/\" aria-label=\"Leer m\u00e1s sobre CEM y Anses entregaron decodificadores de TDA a comercios\">Leer m\u00e1s<\/a><\/p>\n","protected":false},"author":1,"featured_media":0,"comment_status":"open","ping_status":"open","sticky":false,"template":"","format":"standard","meta":{"_monsterinsights_skip_tracking":false,"_monsterinsights_sitenote_active":false,"_monsterinsights_sitenote_note":"","_monsterinsights_sitenote_category":0,"jetpack_post_was_ever_published":false,"_jetpack_newsletter_access":"","_jetpack_dont_email_post_to_subs":false,"_jetpack_newsletter_tier_id":0,"_jetpack_memberships_contains_paywalled_content":false,"_jetpack_memberships_contains_paid_content":false,"footnotes":"","jetpack_publicize_message":"","jetpack_publicize_feature_enabled":true,"jetpack_social_post_already_shared":true,"jetpack_social_options":{"image_generator_settings":{"template":"highway","default_image_id":0,"font":"","enabled":false},"version":2},"_wpas_customize_per_network":false},"categories":[5],"tags":[684,3537,1743,3877],"class_list":["post-34597","post","type-post","status-publish","format-standard","hentry","category-politica","tag-camara-economica-mercedes","tag-frente-renovador","tag-jorge-villareal","tag-juan-ustarrroz","generate-columns","tablet-grid-50","mobile-grid-100","grid-parent","grid-50"],"jetpack_publicize_connections":[],"jetpack_featured_media_url":"","wps_subtitle":"Televisi\u00f3n abierta digital","jetpack_sharing_enabled":true,"_links":{"self":[{"href":"https:\/\/www.hoymercedes.com.ar\/principal\/wp-json\/wp\/v2\/posts\/34597","targetHints":{"allow":["GET"]}}],"collection":[{"href":"https:\/\/www.hoymercedes.com.ar\/principal\/wp-json\/wp\/v2\/posts"}],"about":[{"href":"https:\/\/www.hoymercedes.com.ar\/principal\/wp-json\/wp\/v2\/types\/post"}],"author":[{"embeddable":true,"href":"https:\/\/www.hoymercedes.com.ar\/principal\/wp-json\/wp\/v2\/users\/1"}],"replies":[{"embeddable":true,"href":"https:\/\/www.hoymercedes.com.ar\/principal\/wp-json\/wp\/v2\/comments?post=34597"}],"version-history":[{"count":0,"href":"https:\/\/www.hoymercedes.com.ar\/principal\/wp-json\/wp\/v2\/posts\/34597\/revisions"}],"wp:attachment":[{"href":"https:\/\/www.hoymercedes.com.ar\/principal\/wp-json\/wp\/v2\/media?parent=34597"}],"wp:term":[{"taxonomy":"category","embeddable":true,"href":"https:\/\/www.hoymercedes.com.ar\/principal\/wp-json\/wp\/v2\/categories?post=34597"},{"taxonomy":"post_tag","embeddable":true,"href":"https:\/\/www.hoymercedes.com.ar\/principal\/wp-json\/wp\/v2\/tags?post=34597"}],"curies":[{"name":"wp","href":"https:\/\/api.w.org\/{rel}","templated":true}]}}