{"id":34598,"date":"2014-07-14T15:03:47","date_gmt":"2014-07-14T18:03:47","guid":{"rendered":"http:\/\/www.hoymercedes.com.ar.ar\/noticias\/?p=31"},"modified":"2014-07-14T15:03:47","modified_gmt":"2014-07-14T18:03:47","slug":"31","status":"publish","type":"post","link":"https:\/\/www.hoymercedes.com.ar\/principal\/2014\/07\/14\/31\/","title":{"rendered":"Claudia Rucci se reuni\u00f3 con Carlos Selva"},"content":{"rendered":"<p><a href=\"http:\/\/www.hoymercedes.com.ar.ar\/noticias\/wp-content\/uploads\/2014\/07\/rucci-selva.jpg\"><img loading=\"lazy\" decoding=\"async\" class=\"Img2014 aligncenter wp-image-32 size-full\" src=\"http:\/\/www.hoymercedes.com.ar.ar\/noticias\/wp-content\/uploads\/2014\/07\/rucci-selva.jpg\" alt=\"rucci-selva\" width=\"620\" height=\"414\" \/><\/a><\/p>\n<p><em><strong>La ex diputada nacional Claudia Rucci fue recibida por el intendente Carlos Selva en su despacho, donde dialogaron en extenso sobre la situaci\u00f3n pol\u00edtica actual.<\/strong><\/em><\/p>\n<p>Rucci lleg\u00f3 acompa\u00f1ada de un grupo de concejales y dirigentes de otros distritos y dialogaron con el primer mandatario mercedino sobre pol\u00edtica en general pero tambi\u00e9n hicieron hincapi\u00e9 en la situaci\u00f3n actual del peronismo.<img loading=\"lazy\" decoding=\"async\" class=\"Img2014 aligncenter wp-image-33 size-full\" src=\"http:\/\/www.hoymercedes.com.ar.ar\/noticias\/wp-content\/uploads\/2014\/07\/rucci-selva-II.jpg\" alt=\"rucci-selva-II\" width=\"620\" height=\"414\" \/><\/p>\n<p>La ex diputada est\u00e1 trabajando en la candidatura presidencial de Jos\u00e9 Manuel De la Sota y en esta reuni\u00f3n demostr\u00f3 virtud p\u00e1rale di\u00e1logo, con quien hoy es un referente de Sergio Massa como es el intendente Selva. \u201cHablamos de varios temas que hacen a la cuesti\u00f3n pol\u00edtica. Pero lo importante es que nos centramos a conversar sobre el pa\u00eds que se\u00a0 viene. Tenemos puntos de vista similares en algunas cosas y en otras quiz\u00e1s no, pero lo importante es que reinvindicamos el di\u00e1logo para resolver los problemas que tiene este pa\u00eds\u201d, sostuvo el primer mandatario luego del encuentro.<\/p>\n<p>Selva estuvo acompa\u00f1ado de dos concejales del Frente Renovador como Carlos Milhomme y David Amaya y adem\u00e1s particip\u00f3 el edil de Las Heras Javier Osuna<\/p>\n","protected":false},"excerpt":{"rendered":"<p>La ex diputada nacional Claudia Rucci fue recibida por el intendente Carlos Selva en su despacho, donde dialogaron en extenso &#8230; <a title=\"Claudia Rucci se reuni\u00f3 con Carlos Selva\" class=\"read-more\" href=\"https:\/\/www.hoymercedes.com.ar\/principal\/2014\/07\/14\/31\/\" aria-label=\"Leer m\u00e1s sobre Claudia Rucci se reuni\u00f3 con Carlos Selva\">Leer m\u00e1s<\/a><\/p>\n","protected":false},"author":1,"featured_media":0,"comment_status":"open","ping_status":"open","sticky":false,"template":"","format":"standard","meta":{"_monsterinsights_skip_tracking":false,"_monsterinsights_sitenote_active":false,"_monsterinsights_sitenote_note":"","_monsterinsights_sitenote_category":0,"jetpack_post_was_ever_published":false,"_jetpack_newsletter_access":"","_jetpack_dont_email_post_to_subs":false,"_jetpack_newsletter_tier_id":0,"_jetpack_memberships_contains_paywalled_content":false,"_jetpack_memberships_contains_paid_content":false,"footnotes":"","jetpack_publicize_message":"","jetpack_publicize_feature_enabled":true,"jetpack_social_post_already_shared":true,"jetpack_social_options":{"image_generator_settings":{"template":"highway","default_image_id":0,"font":"","enabled":false},"version":2},"_wpas_customize_per_network":false},"categories":[5],"tags":[39,1462,5652],"class_list":["post-34598","post","type-post","status-publish","format-standard","hentry","category-politica","tag-carlos-selva","tag-claudia-rucci","tag-jose-de-la-sota","generate-columns","tablet-grid-50","mobile-grid-100","grid-parent","grid-50"],"jetpack_publicize_connections":[],"jetpack_featured_media_url":"","wps_subtitle":"Armado de De la Sota en Mercedes ","jetpack_sharing_enabled":true,"_links":{"self":[{"href":"https:\/\/www.hoymercedes.com.ar\/principal\/wp-json\/wp\/v2\/posts\/34598","targetHints":{"allow":["GET"]}}],"collection":[{"href":"https:\/\/www.hoymercedes.com.ar\/principal\/wp-json\/wp\/v2\/posts"}],"about":[{"href":"https:\/\/www.hoymercedes.com.ar\/principal\/wp-json\/wp\/v2\/types\/post"}],"author":[{"embeddable":true,"href":"https:\/\/www.hoymercedes.com.ar\/principal\/wp-json\/wp\/v2\/users\/1"}],"replies":[{"embeddable":true,"href":"https:\/\/www.hoymercedes.com.ar\/principal\/wp-json\/wp\/v2\/comments?post=34598"}],"version-history":[{"count":0,"href":"https:\/\/www.hoymercedes.com.ar\/principal\/wp-json\/wp\/v2\/posts\/34598\/revisions"}],"wp:attachment":[{"href":"https:\/\/www.hoymercedes.com.ar\/principal\/wp-json\/wp\/v2\/media?parent=34598"}],"wp:term":[{"taxonomy":"category","embeddable":true,"href":"https:\/\/www.hoymercedes.com.ar\/principal\/wp-json\/wp\/v2\/categories?post=34598"},{"taxonomy":"post_tag","embeddable":true,"href":"https:\/\/www.hoymercedes.com.ar\/principal\/wp-json\/wp\/v2\/tags?post=34598"}],"curies":[{"name":"wp","href":"https:\/\/api.w.org\/{rel}","templated":true}]}}