{"id":34599,"date":"2014-07-14T15:23:10","date_gmt":"2014-07-14T18:23:10","guid":{"rendered":"http:\/\/www.hoymercedes.com.ar.ar\/noticias\/?p=36"},"modified":"2014-07-14T15:23:10","modified_gmt":"2014-07-14T18:23:10","slug":"nueva-iluminacion-en-cruce-de-rutas-5-y-41-tras-gestiones-del-frente-mercedino","status":"publish","type":"post","link":"https:\/\/www.hoymercedes.com.ar\/principal\/2014\/07\/14\/nueva-iluminacion-en-cruce-de-rutas-5-y-41-tras-gestiones-del-frente-mercedino\/","title":{"rendered":"Nueva iluminaci\u00f3n en cruce de Rutas 5 y 41 tras gestiones del Frente Mercedino"},"content":{"rendered":"<p><a href=\"http:\/\/www.hoymercedes.com.ar.ar\/noticias\/wp-content\/uploads\/2014\/07\/luces-ruta5yruta41.jpg\"><img loading=\"lazy\" decoding=\"async\" class=\"Img2014 aligncenter wp-image-38 size-full\" src=\"http:\/\/www.hoymercedes.com.ar.ar\/noticias\/wp-content\/uploads\/2014\/07\/luces-ruta5yruta41.jpg\" alt=\"luces-ruta5yruta41\" width=\"620\" height=\"465\" \/><\/a><\/p>\n<p><em><strong>El cruce de la autov\u00eda 5 con la ruta provincial 41 ya tiene nueva iluminaci\u00f3n, instalada a partir de requerimientos t\u00e9cnicos y de seguridad espec\u00edficos y gestionada el a\u00f1o pasado ante las autoridades de Vialidad Nacional por los diputados mercedinos Eduardo \u2018Wado\u2019 de Pedro y Alberto Espa\u00f1a y los vecinos de la Comisi\u00f3n de Usuarios Viales.<\/strong><\/em><\/p>\n<p>\u201cEl a\u00f1o pasado, y tras gestiones de los diputados \u2018Wado\u2019 de Pedro y Alberto Espa\u00f1a, hubo una reuni\u00f3n con el director de Vialidad Nacional, Nelson Periotti, a la que asistieron distintos representantes de la Comisi\u00f3n de Usuarios Viales y en la que se pidi\u00f3 especialmente que la concesionaria de la autov\u00eda 5 se hiciera cargo de la iluminaci\u00f3n del \u2018rulo\u2019 en el cruce con la ruta provincial 41. Hoy es una realidad, lo que demuestra que cuando hay buena voluntad y se suman los esfuerzos de todos, llegan las soluciones\u201d, explic\u00f3 el presidente del bloque de concejales del FMPV, Juan Ignacio Ustarroz.<\/p>\n<p>En efecto, la escasa iluminaci\u00f3n en el cruce de ambas v\u00edas era una especial preocupaci\u00f3n de vecinos y conductores. \u201cEl trabajo de la Comisi\u00f3n fue fundamental para poner en la agenda los problemas de las rutas\u201d, cont\u00f3 Juani. En el grupo hay varios mercedinos, entre ellos Carlos\u00a0Mosso, Marcelo Su\u00e1rez, Eduardo Rando y el concejal mandato cumplido del GEN-FAP Jos\u00e9 Luis Ramos; y algunos de ellos estuvieron en la reuni\u00f3n con Periotti.<\/p>\n<p>Tambi\u00e9n estuvo presente aquella vez el concejal de Guamin\u00ed Ignacio Zabaleta, nexo de los 50 municipios que integran la Comisi\u00f3n de Usuarios Viales.<\/p>\n<p>\u201cLa articulaci\u00f3n de los diversos sectores es fundamental \u2013insisti\u00f3 Ustarroz-. Buscar el bien com\u00fan nos impone la necesidad de dejar a un lado las diferencias que podamos tener. Por eso me pone muy orgulloso que se vayan dando respuestas a estas preocupaciones, porque son el fruto de un trabajo colectivo, de unirnos detr\u00e1s de un objetivo\u201d.<\/p>\n<p>Seg\u00fan las disposiciones del Organo de Control de las Concesiones Viales (OCCOVI), y a partir de un an\u00e1lisis t\u00e9cnico preciso, en el \u201cintercambiador tipo tr\u00e9bol\u201d del cruce de las rutas 5 y 41 se instalaron \u201clas luminarias m\u00e1s apropiadas, de acuerdo a los c\u00e1lculos luminot\u00e9cnicos\u201d y tambi\u00e9n se estableci\u00f3 \u201cla ubicaci\u00f3n ideal de las columnas\u201d.<\/p>\n<p>Tal como lo se\u00f1alaron distintos especialistas, \u201cuna iluminaci\u00f3n excesiva es tan poco recomendable como una iluminaci\u00f3n deficiente, sobre todo en arterias secundarias\u201d.<\/p>\n<p>Las columnas de alumbrado tienen 12 metros de altura en las calzadas principales del cruce, 7 metros en ramas y rulos y 16 metros para la llamada iluminaci\u00f3n de destaque.<\/p>\n<p>Junto con la nueva iluminaci\u00f3n en la rotonda, la empresa concesionaria viene haciendo los trabajos de repavimentaci\u00f3n completa en la calzada de la ruta nacional 5 -mano a Luj\u00e1n- que va desde el peaje hasta el cruce de ingreso a la localidad de Olivera.<\/p>\n<p>\u201cEl compromiso es tener finalmente una autopista con altos niveles de seguridad, con patrullas viales permanentes y un canon destinado a los bomberos. Adem\u00e1s, los usuarios mercedinos estar\u00e1n exentos del peaje de Olivera por lo menos hasta tanto concluya la obra que unir\u00e1 el Acceso Oeste con Luj\u00e1n\u201d, record\u00f3 el presidente del bloque del FMPV.<\/p>\n<p>Para los pr\u00f3ximos d\u00edas, en tanto, se esperan los trabajos de bacheo preventivo sobre el tramo de la ruta 41 por el que se puede ingresar a la ciudad \u2013tal como se comprometi\u00f3 el ministro de Infaestructura bonaerense, Alejandro Arl\u00eda-, a cuenta de lo que ser\u00e1 la total repavimentaci\u00f3n de la calzada desde Mercedes a San Andr\u00e9s de Giles, obra tambi\u00e9n gestionada por el diputado provincial Alberto Espa\u00f1a y la Comisi\u00f3n de Usuarios Viales y que, con fondos del PROFIDE, se realizar\u00e1 antes de fin de a\u00f1o.<\/p>\n","protected":false},"excerpt":{"rendered":"<p>El cruce de la autov\u00eda 5 con la ruta provincial 41 ya tiene nueva iluminaci\u00f3n, instalada a partir de requerimientos &#8230; <a title=\"Nueva iluminaci\u00f3n en cruce de Rutas 5 y 41 tras gestiones del Frente Mercedino\" class=\"read-more\" href=\"https:\/\/www.hoymercedes.com.ar\/principal\/2014\/07\/14\/nueva-iluminacion-en-cruce-de-rutas-5-y-41-tras-gestiones-del-frente-mercedino\/\" aria-label=\"Leer m\u00e1s sobre Nueva iluminaci\u00f3n en cruce de Rutas 5 y 41 tras gestiones del Frente Mercedino\">Leer m\u00e1s<\/a><\/p>\n","protected":false},"author":1,"featured_media":0,"comment_status":"open","ping_status":"open","sticky":false,"template":"","format":"standard","meta":{"_monsterinsights_skip_tracking":false,"_monsterinsights_sitenote_active":false,"_monsterinsights_sitenote_note":"","_monsterinsights_sitenote_category":0,"jetpack_post_was_ever_published":false,"_jetpack_newsletter_access":"","_jetpack_dont_email_post_to_subs":false,"_jetpack_newsletter_tier_id":0,"_jetpack_memberships_contains_paywalled_content":false,"_jetpack_memberships_contains_paid_content":false,"footnotes":"","jetpack_publicize_message":"","jetpack_publicize_feature_enabled":true,"jetpack_social_post_already_shared":true,"jetpack_social_options":{"image_generator_settings":{"template":"highway","default_image_id":0,"font":"","enabled":false},"version":2},"_wpas_customize_per_network":false},"categories":[5],"tags":[379,5646],"class_list":["post-34599","post","type-post","status-publish","format-standard","hentry","category-politica","tag-frente-mercedino-para-la-victoria","tag-iluminacion-ruta-5-y-41","generate-columns","tablet-grid-50","mobile-grid-100","grid-parent","grid-50"],"jetpack_publicize_connections":[],"jetpack_featured_media_url":"","wps_subtitle":"Seguridad vial","jetpack_sharing_enabled":true,"_links":{"self":[{"href":"https:\/\/www.hoymercedes.com.ar\/principal\/wp-json\/wp\/v2\/posts\/34599","targetHints":{"allow":["GET"]}}],"collection":[{"href":"https:\/\/www.hoymercedes.com.ar\/principal\/wp-json\/wp\/v2\/posts"}],"about":[{"href":"https:\/\/www.hoymercedes.com.ar\/principal\/wp-json\/wp\/v2\/types\/post"}],"author":[{"embeddable":true,"href":"https:\/\/www.hoymercedes.com.ar\/principal\/wp-json\/wp\/v2\/users\/1"}],"replies":[{"embeddable":true,"href":"https:\/\/www.hoymercedes.com.ar\/principal\/wp-json\/wp\/v2\/comments?post=34599"}],"version-history":[{"count":0,"href":"https:\/\/www.hoymercedes.com.ar\/principal\/wp-json\/wp\/v2\/posts\/34599\/revisions"}],"wp:attachment":[{"href":"https:\/\/www.hoymercedes.com.ar\/principal\/wp-json\/wp\/v2\/media?parent=34599"}],"wp:term":[{"taxonomy":"category","embeddable":true,"href":"https:\/\/www.hoymercedes.com.ar\/principal\/wp-json\/wp\/v2\/categories?post=34599"},{"taxonomy":"post_tag","embeddable":true,"href":"https:\/\/www.hoymercedes.com.ar\/principal\/wp-json\/wp\/v2\/tags?post=34599"}],"curies":[{"name":"wp","href":"https:\/\/api.w.org\/{rel}","templated":true}]}}