{"id":34613,"date":"2014-07-15T15:59:48","date_gmt":"2014-07-15T18:59:48","guid":{"rendered":"http:\/\/www.hoymercedes.com.ar.ar\/noticias\/?p=91"},"modified":"2014-07-15T15:59:48","modified_gmt":"2014-07-15T18:59:48","slug":"unidad-n5-diserto-federico-belsunce-sobre-pensamiento-argentino-perspectiva-1829-1945","status":"publish","type":"post","link":"https:\/\/www.hoymercedes.com.ar\/principal\/2014\/07\/15\/unidad-n5-diserto-federico-belsunce-sobre-pensamiento-argentino-perspectiva-1829-1945\/","title":{"rendered":"Unidad N\u00b05: Disert\u00f3 Federico Belsunce sobre &quot;Pensamiento Argentino &#8211; perspectiva 1829-1945&quot;"},"content":{"rendered":"<p><a href=\"http:\/\/www.hoymercedes.com.ar.ar\/noticias\/wp-content\/uploads\/2014\/07\/belsunce-u5-I.jpg\"><img loading=\"lazy\" decoding=\"async\" class=\"Img2014 aligncenter wp-image-92 size-full\" src=\"http:\/\/www.hoymercedes.com.ar.ar\/noticias\/wp-content\/uploads\/2014\/07\/belsunce-u5-I.jpg\" alt=\"belsunce-u5-I\" width=\"620\" height=\"414\" \/><\/a><\/p>\n<p><em><strong>En\u00a0la Unidad\u00a05, en las instalaciones de la escuela, en la ma\u00f1ana -y se repiti\u00f3 en el turno tarde- la\u00a0Escuela\u00a0de Educaci\u00f3n Media N\u00b0 2, de nivel secundario para adultos, cuyo Director es el Licenciado Sergio Denapole, \u00a0se llevo a cabo una charla sobre \u201cPensamiento Argentino, Perspectiva 1829-1945\u201d\u00a0\u00a0a cargo del historiador y Profesor de Historia \u00a0Federico Belsunce,\u00a0\u00a0destinada a los alumnos de dicha escuela.<\/strong><\/em><\/p>\n<p>De manera did\u00e1ctica, simple y muy llevadera presento a varios pensadores argentinos, contextualizando sus escritos e ideolog\u00edas en la \u00e9poca que vivieron, acompa\u00f1ando sus palabras por una proyecci\u00f3n de power point del tema, y trayendo con ejemplo a la actualidad.<img loading=\"lazy\" decoding=\"async\" class=\"Img2014 aligncenter wp-image-93 size-full\" src=\"http:\/\/www.hoymercedes.com.ar.ar\/noticias\/wp-content\/uploads\/2014\/07\/belsunce-u5-II.jpg\" alt=\"belsunce-u5-II\" width=\"620\" height=\"414\" \/><\/p>\n<p>Hizo un repaso por Rosas, Sarmiento, Wilde, Miguel Can\u00e9, Manuel G\u00e1lvez, Leopoldo Lugones\u00a0\u00a0y Juan Domingo Per\u00f3n. Explicando las principales caracter\u00edsticas del pensamiento, de los modelos econ\u00f3micos, de las costumbres sociales y musicales, y de las oposiciones y coincidencias entre ellos, de la aristocracia,\u00a0\u00a0luego de la burgues\u00eda y concluyo con la crisis de 1929 y la clases obreras y la conquista de los derechos.<\/p>\n<p>Los internos se mostraron entusiasmados y debatieron el tema, con el disertante. La actividad que fue una iniciativa muy enriquecedora, ya que se escucha la historia desde otro lugar, desde una perspectiva critica y contextualizada, donde los alumnos pueden pensar y repensar los acontecimientos que nos fueron sucediendo como Naci\u00f3n.<\/p>\n","protected":false},"excerpt":{"rendered":"<p>En\u00a0la Unidad\u00a05, en las instalaciones de la escuela, en la ma\u00f1ana -y se repiti\u00f3 en el turno tarde- la\u00a0Escuela\u00a0de Educaci\u00f3n &#8230; <a title=\"Unidad N\u00b05: Disert\u00f3 Federico Belsunce sobre &quot;Pensamiento Argentino &#8211; perspectiva 1829-1945&quot;\" class=\"read-more\" href=\"https:\/\/www.hoymercedes.com.ar\/principal\/2014\/07\/15\/unidad-n5-diserto-federico-belsunce-sobre-pensamiento-argentino-perspectiva-1829-1945\/\" aria-label=\"Leer m\u00e1s sobre Unidad N\u00b05: Disert\u00f3 Federico Belsunce sobre &quot;Pensamiento Argentino &#8211; perspectiva 1829-1945&quot;\">Leer m\u00e1s<\/a><\/p>\n","protected":false},"author":1,"featured_media":0,"comment_status":"open","ping_status":"open","sticky":false,"template":"","format":"standard","meta":{"_monsterinsights_skip_tracking":false,"_monsterinsights_sitenote_active":false,"_monsterinsights_sitenote_note":"","_monsterinsights_sitenote_category":0,"jetpack_post_was_ever_published":false,"_jetpack_newsletter_access":"","_jetpack_dont_email_post_to_subs":false,"_jetpack_newsletter_tier_id":0,"_jetpack_memberships_contains_paywalled_content":false,"_jetpack_memberships_contains_paid_content":false,"footnotes":"","jetpack_publicize_message":"","jetpack_publicize_feature_enabled":true,"jetpack_social_post_already_shared":true,"jetpack_social_options":{"image_generator_settings":{"template":"highway","default_image_id":0,"font":"","enabled":false},"version":2},"_wpas_customize_per_network":false},"categories":[5608],"tags":[5638,113],"class_list":["post-34613","post","type-post","status-publish","format-standard","hentry","category-sin-categoria","tag-federico-belsunce","tag-unidad-5","generate-columns","tablet-grid-50","mobile-grid-100","grid-parent","grid-50"],"jetpack_publicize_connections":[],"jetpack_featured_media_url":"","wps_subtitle":"Actividad educativa ","jetpack_sharing_enabled":true,"_links":{"self":[{"href":"https:\/\/www.hoymercedes.com.ar\/principal\/wp-json\/wp\/v2\/posts\/34613","targetHints":{"allow":["GET"]}}],"collection":[{"href":"https:\/\/www.hoymercedes.com.ar\/principal\/wp-json\/wp\/v2\/posts"}],"about":[{"href":"https:\/\/www.hoymercedes.com.ar\/principal\/wp-json\/wp\/v2\/types\/post"}],"author":[{"embeddable":true,"href":"https:\/\/www.hoymercedes.com.ar\/principal\/wp-json\/wp\/v2\/users\/1"}],"replies":[{"embeddable":true,"href":"https:\/\/www.hoymercedes.com.ar\/principal\/wp-json\/wp\/v2\/comments?post=34613"}],"version-history":[{"count":0,"href":"https:\/\/www.hoymercedes.com.ar\/principal\/wp-json\/wp\/v2\/posts\/34613\/revisions"}],"wp:attachment":[{"href":"https:\/\/www.hoymercedes.com.ar\/principal\/wp-json\/wp\/v2\/media?parent=34613"}],"wp:term":[{"taxonomy":"category","embeddable":true,"href":"https:\/\/www.hoymercedes.com.ar\/principal\/wp-json\/wp\/v2\/categories?post=34613"},{"taxonomy":"post_tag","embeddable":true,"href":"https:\/\/www.hoymercedes.com.ar\/principal\/wp-json\/wp\/v2\/tags?post=34613"}],"curies":[{"name":"wp","href":"https:\/\/api.w.org\/{rel}","templated":true}]}}