{"id":34617,"date":"2014-07-16T10:07:26","date_gmt":"2014-07-16T13:07:26","guid":{"rendered":"http:\/\/www.hoymercedes.com.ar.ar\/noticias\/?p=156"},"modified":"2014-07-16T10:07:26","modified_gmt":"2014-07-16T13:07:26","slug":"alberto-espana-propuso-ley-para-crear-comite-por-cuenca-del-rio-lujan","status":"publish","type":"post","link":"https:\/\/www.hoymercedes.com.ar\/principal\/2014\/07\/16\/alberto-espana-propuso-ley-para-crear-comite-por-cuenca-del-rio-lujan\/","title":{"rendered":"Alberto Espa\u00f1a propuso ley para crear Comit\u00e9 por cuenca del R\u00edo Luj\u00e1n"},"content":{"rendered":"<p><a href=\"http:\/\/www.hoymercedes.com.ar.ar\/noticias\/wp-content\/uploads\/2014\/07\/AlbertoEspa\u00f1a-CuencaRioLujan.jpg\"><img loading=\"lazy\" decoding=\"async\" class=\"Img2014 aligncenter wp-image-157 size-full\" src=\"http:\/\/www.hoymercedes.com.ar.ar\/noticias\/wp-content\/uploads\/2014\/07\/AlbertoEspa\u00f1a-CuencaRioLujan.jpg\" alt=\"AlbertoEspa\u00f1a-CuencaRioLujan\" width=\"620\" height=\"413\" \/><\/a><\/p>\n<p><em><strong>La propuesta del Diputado provincial y mercedino Alberto \u201cCucho\u201d Espa\u00f1a es que por ley se genere un \u00e1mbito de protecci\u00f3n y saneamiento de la cuenca del R\u00edo Luj\u00e1n que involucra a nuestra comunidad, entre varias otras, y que desde hace un tiempo est\u00e1 bajo la mirada de la poblaci\u00f3n y espacios ambientalistas, especialmente por los desbordes y el mal estado que presenta.<\/strong><\/em><\/p>\n<p>La revista pol\u00edtica provincial \u201cLa Tecla\u201d dio cuenta de la novedad. Son 15 los municipios que padecen la negativa realidad del r\u00edo. Alberto Espa\u00f1a, del Frente para la Victoria, propuso crear por ley un \u201cComit\u00e9 de cuenca del R\u00edo Luj\u00e1n\u201d que ser\u00eda un ente aut\u00e1rtico destinado a accionar entorno al r\u00edo, los recursos h\u00eddricos, el saneamiento ambiental y el cuidado de las poblaciones aleda\u00f1as.<\/p>\n<p>Espa\u00f1a estuvo acompa\u00f1ado por sus pares de bandada bancada Dar\u00edo Gol\u00eda, Luc\u00eda Portos y Mar\u00eda Alejandra Mart\u00ednez; la senadora provincial Marina Morett as\u00ed como representantes de universidades y organizaciones sociales que luchan por la tem\u00e1tica.<\/p>\n<p><em>\u201cApuntamos a mejorar las condiciones de calidad de vida, ambientales y de salubridad en la cuenca del R\u00edo Luj\u00e1n, y a constituir una red de control y alerta con la respectiva y necesaria participaci\u00f3n de la comunidad en actividades de educaci\u00f3n sanitaria y ambiental\u201d,<\/em> coment\u00f3 el Diputado Espa\u00f1a.<\/p>\n<p>La cuenca posee una superficie de 2690 kil\u00f3metros cuadrados, y atraviesa parcialmente los distritos de Suipacha, Mercedes, General Rodr\u00edguez, Luj\u00e1n, San Andr\u00e9s de Giles, Exaltaci\u00f3n de la Cruz, Pilar, Escobar, San Fernando, Tigre, campana, Malvinas Argentinas, Jos\u00e9 C. Paz, Moreno y Chacabuco.<\/p>\n<p>De aprobarse la ley, que deber\u00e1 pasar por ambas c\u00e1maras, podr\u00e1 gestionar cr\u00e9ditos internacionales, contratar empresas y delinear trabajos con el objetivo de lograr, de una vez por todas, el real saneamiento del r\u00edo Luj\u00e1n.<\/p>\n<p>&nbsp;<\/p>\n<p>&nbsp;<\/p>\n<p>&nbsp;<\/p>\n","protected":false},"excerpt":{"rendered":"<p>La propuesta del Diputado provincial y mercedino Alberto \u201cCucho\u201d Espa\u00f1a es que por ley se genere un \u00e1mbito de protecci\u00f3n &#8230; <a title=\"Alberto Espa\u00f1a propuso ley para crear Comit\u00e9 por cuenca del R\u00edo Luj\u00e1n\" class=\"read-more\" href=\"https:\/\/www.hoymercedes.com.ar\/principal\/2014\/07\/16\/alberto-espana-propuso-ley-para-crear-comite-por-cuenca-del-rio-lujan\/\" aria-label=\"Leer m\u00e1s sobre Alberto Espa\u00f1a propuso ley para crear Comit\u00e9 por cuenca del R\u00edo Luj\u00e1n\">Leer m\u00e1s<\/a><\/p>\n","protected":false},"author":1,"featured_media":0,"comment_status":"open","ping_status":"open","sticky":false,"template":"","format":"standard","meta":{"_monsterinsights_skip_tracking":false,"_monsterinsights_sitenote_active":false,"_monsterinsights_sitenote_note":"","_monsterinsights_sitenote_category":0,"jetpack_post_was_ever_published":false,"_jetpack_newsletter_access":"","_jetpack_dont_email_post_to_subs":false,"_jetpack_newsletter_tier_id":0,"_jetpack_memberships_contains_paywalled_content":false,"_jetpack_memberships_contains_paid_content":false,"footnotes":"","jetpack_publicize_message":"","jetpack_publicize_feature_enabled":true,"jetpack_social_post_already_shared":true,"jetpack_social_options":{"image_generator_settings":{"template":"highway","default_image_id":0,"font":"","enabled":false},"version":2},"_wpas_customize_per_network":false},"categories":[5],"tags":[2687,1204,1277,1007],"class_list":["post-34617","post","type-post","status-publish","format-standard","hentry","category-politica","tag-alberto-espana","tag-cucho-espana","tag-espana","tag-frente-mercedino","generate-columns","tablet-grid-50","mobile-grid-100","grid-parent","grid-50"],"jetpack_publicize_connections":[],"jetpack_featured_media_url":"","wps_subtitle":"Medio ambiente y sociedad ","jetpack_sharing_enabled":true,"_links":{"self":[{"href":"https:\/\/www.hoymercedes.com.ar\/principal\/wp-json\/wp\/v2\/posts\/34617","targetHints":{"allow":["GET"]}}],"collection":[{"href":"https:\/\/www.hoymercedes.com.ar\/principal\/wp-json\/wp\/v2\/posts"}],"about":[{"href":"https:\/\/www.hoymercedes.com.ar\/principal\/wp-json\/wp\/v2\/types\/post"}],"author":[{"embeddable":true,"href":"https:\/\/www.hoymercedes.com.ar\/principal\/wp-json\/wp\/v2\/users\/1"}],"replies":[{"embeddable":true,"href":"https:\/\/www.hoymercedes.com.ar\/principal\/wp-json\/wp\/v2\/comments?post=34617"}],"version-history":[{"count":0,"href":"https:\/\/www.hoymercedes.com.ar\/principal\/wp-json\/wp\/v2\/posts\/34617\/revisions"}],"wp:attachment":[{"href":"https:\/\/www.hoymercedes.com.ar\/principal\/wp-json\/wp\/v2\/media?parent=34617"}],"wp:term":[{"taxonomy":"category","embeddable":true,"href":"https:\/\/www.hoymercedes.com.ar\/principal\/wp-json\/wp\/v2\/categories?post=34617"},{"taxonomy":"post_tag","embeddable":true,"href":"https:\/\/www.hoymercedes.com.ar\/principal\/wp-json\/wp\/v2\/tags?post=34617"}],"curies":[{"name":"wp","href":"https:\/\/api.w.org\/{rel}","templated":true}]}}