{"id":34618,"date":"2014-07-16T13:36:05","date_gmt":"2014-07-16T16:36:05","guid":{"rendered":"http:\/\/www.hoymercedes.com.ar.ar\/noticias\/?p=162"},"modified":"2014-07-16T13:36:05","modified_gmt":"2014-07-16T16:36:05","slug":"exponen-obras-de-fifo-roggero-en-teatro-argentino","status":"publish","type":"post","link":"https:\/\/www.hoymercedes.com.ar\/principal\/2014\/07\/16\/exponen-obras-de-fifo-roggero-en-teatro-argentino\/","title":{"rendered":"Exponen obras de &quot;Fifo Roggero&quot; en Teatro Argentino"},"content":{"rendered":"<p><a href=\"http:\/\/www.hoymercedes.com.ar.ar\/noticias\/wp-content\/uploads\/2014\/07\/Jos\u00e9-Roggero.jpg\"><img loading=\"lazy\" decoding=\"async\" data-attachment-id=\"163\" data-permalink=\"https:\/\/www.hoymercedes.com.ar\/principal\/pcs-2\/\" data-orig-file=\"https:\/\/www.hoymercedes.com.ar\/principal\/wp-content\/uploads\/2010\/11\/pcs1.jpeg\" data-orig-size=\"213,160\" data-comments-opened=\"1\" data-image-meta=\"{&quot;aperture&quot;:&quot;0&quot;,&quot;credit&quot;:&quot;&quot;,&quot;camera&quot;:&quot;&quot;,&quot;caption&quot;:&quot;&quot;,&quot;created_timestamp&quot;:&quot;0&quot;,&quot;copyright&quot;:&quot;&quot;,&quot;focal_length&quot;:&quot;0&quot;,&quot;iso&quot;:&quot;0&quot;,&quot;shutter_speed&quot;:&quot;0&quot;,&quot;title&quot;:&quot;&quot;}\" data-image-title=\"pcs\" data-image-description=\"\" data-image-caption=\"\" data-large-file=\"https:\/\/www.hoymercedes.com.ar\/principal\/wp-content\/uploads\/2010\/11\/pcs1.jpeg\" class=\"Img2014 aligncenter wp-image-163 size-full\" src=\"http:\/\/www.hoymercedes.com.ar.ar\/noticias\/wp-content\/uploads\/2014\/07\/Jos\u00e9-Roggero.jpg\" alt=\"Jos\u00e9 Roggero\" width=\"620\" height=\"486\" \/><\/a><\/p>\n<p><em><strong>La Municipalidad de Mercedes a trav\u00e9s de la Direcci\u00f3n de Cultura y Educaci\u00f3n tiene el agrado de anunciar la inauguraci\u00f3n de la muestra Retrospectiva Roggero \u201cuna mirada sobre Mercedes\u201d que tendr\u00e1 lugar en el foyer (1er piso) del Centro Cultural Teatro Argentino Int. Dr. Julio C. Gioscio el jueves 17 de julio a las 19.30 hs; y que estar\u00e1 en exposici\u00f3n hasta el mi\u00e9rcoles 13 de agosto<\/strong><\/em>.<\/p>\n<p>Retrospectiva nos lleva a mirar con distancia el pasado, a recorrer las obras de un artista pensando en su tiempo, en su entorno. Una Retrospectiva nos permite evocar situaciones, personajes, momentos vividos, recorrer el pago chico disfrutando de su sencillez, de su morosidad.<\/p>\n<p>Pero una Retrospectiva tambi\u00e9n invita a las nuevas generaciones a descubrir, a conocer la obra de un artista de su pueblo que lo pint\u00f3, m\u00e1s que como era, como lo pensaba; haciendo desfilar por sus telas a toda una galer\u00eda de personajes an\u00f3nimos unos, conocidos otros, pero que en su totalidad tienen el tono de una \u00e9poca: desde el clima \u00edntimo y reflexivo que proponen las escenas del parque, del r\u00edo y de sus \u00e1rboles; hasta el bullicio de una multitud recorriendo la Plaza San Mart\u00edn o los bares de la ciudad.<\/p>\n<p>Y como Ning\u00fan gran artista ve las cosas como son en realidad, sino dejar\u00eda de serlo; los cuadros de Fifo nos presentan una imagen de Mercedes que le es propia, pero que podemos compartir todos. Una visi\u00f3n de la ciudad y de sus personajes que si bien pertenece a una \u00e9poca se puede actualizar en la mirada que cada uno de nosotros tiene sobre la ciudad.<\/p>\n<p>&nbsp;<\/p>\n<p>&nbsp;<\/p>\n<p>&nbsp;<\/p>\n<p>&nbsp;<\/p>\n","protected":false},"excerpt":{"rendered":"<p>La Municipalidad de Mercedes a trav\u00e9s de la Direcci\u00f3n de Cultura y Educaci\u00f3n tiene el agrado de anunciar la inauguraci\u00f3n &#8230; <a title=\"Exponen obras de &quot;Fifo Roggero&quot; en Teatro Argentino\" class=\"read-more\" href=\"https:\/\/www.hoymercedes.com.ar\/principal\/2014\/07\/16\/exponen-obras-de-fifo-roggero-en-teatro-argentino\/\" aria-label=\"Leer m\u00e1s sobre Exponen obras de &quot;Fifo Roggero&quot; en Teatro Argentino\">Leer m\u00e1s<\/a><\/p>\n","protected":false},"author":1,"featured_media":0,"comment_status":"open","ping_status":"open","sticky":false,"template":"","format":"standard","meta":{"_monsterinsights_skip_tracking":false,"_monsterinsights_sitenote_active":false,"_monsterinsights_sitenote_note":"","_monsterinsights_sitenote_category":0,"jetpack_post_was_ever_published":false,"_jetpack_newsletter_access":"","_jetpack_dont_email_post_to_subs":false,"_jetpack_newsletter_tier_id":0,"_jetpack_memberships_contains_paywalled_content":false,"_jetpack_memberships_contains_paid_content":false,"footnotes":"","jetpack_publicize_message":"","jetpack_publicize_feature_enabled":true,"jetpack_social_post_already_shared":true,"jetpack_social_options":{"image_generator_settings":{"template":"highway","default_image_id":0,"font":"","enabled":false},"version":2},"_wpas_customize_per_network":false},"categories":[104],"tags":[967,5641,5693],"class_list":["post-34618","post","type-post","status-publish","format-standard","hentry","category-cultura","tag-cultura-mercedes","tag-fifo-roggero","tag-teatro-argentino-mercedes","generate-columns","tablet-grid-50","mobile-grid-100","grid-parent","grid-50"],"jetpack_publicize_connections":[],"jetpack_featured_media_url":"","wps_subtitle":"El talentoso escritor, periodista y pintor mercedino","jetpack_sharing_enabled":true,"_links":{"self":[{"href":"https:\/\/www.hoymercedes.com.ar\/principal\/wp-json\/wp\/v2\/posts\/34618","targetHints":{"allow":["GET"]}}],"collection":[{"href":"https:\/\/www.hoymercedes.com.ar\/principal\/wp-json\/wp\/v2\/posts"}],"about":[{"href":"https:\/\/www.hoymercedes.com.ar\/principal\/wp-json\/wp\/v2\/types\/post"}],"author":[{"embeddable":true,"href":"https:\/\/www.hoymercedes.com.ar\/principal\/wp-json\/wp\/v2\/users\/1"}],"replies":[{"embeddable":true,"href":"https:\/\/www.hoymercedes.com.ar\/principal\/wp-json\/wp\/v2\/comments?post=34618"}],"version-history":[{"count":0,"href":"https:\/\/www.hoymercedes.com.ar\/principal\/wp-json\/wp\/v2\/posts\/34618\/revisions"}],"wp:attachment":[{"href":"https:\/\/www.hoymercedes.com.ar\/principal\/wp-json\/wp\/v2\/media?parent=34618"}],"wp:term":[{"taxonomy":"category","embeddable":true,"href":"https:\/\/www.hoymercedes.com.ar\/principal\/wp-json\/wp\/v2\/categories?post=34618"},{"taxonomy":"post_tag","embeddable":true,"href":"https:\/\/www.hoymercedes.com.ar\/principal\/wp-json\/wp\/v2\/tags?post=34618"}],"curies":[{"name":"wp","href":"https:\/\/api.w.org\/{rel}","templated":true}]}}