{"id":34622,"date":"2014-07-18T00:42:50","date_gmt":"2014-07-18T03:42:50","guid":{"rendered":"http:\/\/www.hoymercedes.com.ar.ar\/noticias\/?p=188"},"modified":"2014-07-18T00:42:50","modified_gmt":"2014-07-18T03:42:50","slug":"giles-detienen-banda-de-colombianos-con-antecedentes-en-mercedes","status":"publish","type":"post","link":"https:\/\/www.hoymercedes.com.ar\/principal\/2014\/07\/18\/giles-detienen-banda-de-colombianos-con-antecedentes-en-mercedes\/","title":{"rendered":"Giles: detienen banda de colombianos con antecedentes en Mercedes"},"content":{"rendered":"<p><a href=\"http:\/\/www.hoymercedes.com.ar.ar\/noticias\/wp-content\/uploads\/2014\/07\/colombianos-giles.jpg\"><img loading=\"lazy\" decoding=\"async\" class=\"Img2014 aligncenter wp-image-189 size-full\" src=\"http:\/\/www.hoymercedes.com.ar.ar\/noticias\/wp-content\/uploads\/2014\/07\/colombianos-giles.jpg\" alt=\"colombianos-giles\" width=\"620\" height=\"316\" \/><\/a><\/p>\n<p><em><strong>Uno de ellos ten\u00eda\u00a0antecedentes\u00a0de haber actuado en Mercedes . Hace cerca de seis meses atr\u00e1s se detuvo una banda de colombianos que\u00a0robaron tiendas de ropa en Mercedes y la zona. Fue en la localidad de Giles. Ahora, en esta semana, se produjeron nuevas detenciones de extranjeros, no vinculados a aquella banda, pero s\u00ed que traen a la memoria los acontecimientos pasados donde los protagonistas no eran argentinos.\u00a0<\/strong><\/em><\/p>\n<p>En esta ocasi\u00f3n la Polic\u00eda de San Andr\u00e9s de Giles detuvo a colombianos primero y a sospechosos dominicanos despu\u00e9s.<\/p>\n<p>El pasado mi\u00e9rcoles la polic\u00eda detuvo, en Ruta Provincial N\u00b041, a tres hombres de nacionalidad colombiana que escapaban en un auto desde San Antonio de Areco, donde hab\u00edan tratado de identificarlos y se dieron a la fuga.<\/p>\n<p>El sub comisario Rojas anunci\u00f3 que d\u00edas atr\u00e1s desde Giles ya hab\u00edan denunciado dicho coche por tener actitud sospechosa.<\/p>\n<p>Desde Giles, el sub comisario Lescano coment\u00f3 que a uno de los delincuentes se lo reconoci\u00f3 por parte del oficial Marcos Coluccio dado que lo hab\u00eda detenido hace 4 meses por una salidera bancaria en Mercedes.<\/p>\n<p><strong>Dominicanos<\/strong><\/p>\n<p>La polic\u00eda, \u00e9ste jueves, detuvo en Giles tambi\u00e9n a sospechosos extranjeros que fueron denunciados por los vecinos ante las actitudes observadas. Fue as\u00ed que determinaron eran de nacionalidad Dominicana y quedaron bajo averiguaci\u00f3n de antecedentes.<\/p>\n<p>&nbsp;<\/p>\n<p>Foto: Bosco Producciones\/FmVall<\/p>\n<p>&nbsp;<\/p>\n<p>&nbsp;<\/p>\n<p>&nbsp;<\/p>\n<p>&nbsp;<\/p>\n<p>&nbsp;<\/p>\n","protected":false},"excerpt":{"rendered":"<p>Uno de ellos ten\u00eda\u00a0antecedentes\u00a0de haber actuado en Mercedes . Hace cerca de seis meses atr\u00e1s se detuvo una banda de &#8230; <a title=\"Giles: detienen banda de colombianos con antecedentes en Mercedes\" class=\"read-more\" href=\"https:\/\/www.hoymercedes.com.ar\/principal\/2014\/07\/18\/giles-detienen-banda-de-colombianos-con-antecedentes-en-mercedes\/\" aria-label=\"Leer m\u00e1s sobre Giles: detienen banda de colombianos con antecedentes en Mercedes\">Leer m\u00e1s<\/a><\/p>\n","protected":false},"author":1,"featured_media":0,"comment_status":"open","ping_status":"open","sticky":false,"template":"","format":"standard","meta":{"_monsterinsights_skip_tracking":false,"_monsterinsights_sitenote_active":false,"_monsterinsights_sitenote_note":"","_monsterinsights_sitenote_category":0,"jetpack_post_was_ever_published":false,"_jetpack_newsletter_access":"","_jetpack_dont_email_post_to_subs":false,"_jetpack_newsletter_tier_id":0,"_jetpack_memberships_contains_paywalled_content":false,"_jetpack_memberships_contains_paid_content":false,"footnotes":"","jetpack_publicize_message":"","jetpack_publicize_feature_enabled":true,"jetpack_social_post_already_shared":true,"jetpack_social_options":{"image_generator_settings":{"template":"highway","default_image_id":0,"font":"","enabled":false},"version":2},"_wpas_customize_per_network":false},"categories":[85],"tags":[5626,2123],"class_list":["post-34622","post","type-post","status-publish","format-standard","hentry","category-policial","tag-colombianos-detenidos","tag-san-andres-de-giles","generate-columns","tablet-grid-50","mobile-grid-100","grid-parent","grid-50"],"jetpack_publicize_connections":[],"jetpack_featured_media_url":"","wps_subtitle":"","jetpack_sharing_enabled":true,"_links":{"self":[{"href":"https:\/\/www.hoymercedes.com.ar\/principal\/wp-json\/wp\/v2\/posts\/34622","targetHints":{"allow":["GET"]}}],"collection":[{"href":"https:\/\/www.hoymercedes.com.ar\/principal\/wp-json\/wp\/v2\/posts"}],"about":[{"href":"https:\/\/www.hoymercedes.com.ar\/principal\/wp-json\/wp\/v2\/types\/post"}],"author":[{"embeddable":true,"href":"https:\/\/www.hoymercedes.com.ar\/principal\/wp-json\/wp\/v2\/users\/1"}],"replies":[{"embeddable":true,"href":"https:\/\/www.hoymercedes.com.ar\/principal\/wp-json\/wp\/v2\/comments?post=34622"}],"version-history":[{"count":0,"href":"https:\/\/www.hoymercedes.com.ar\/principal\/wp-json\/wp\/v2\/posts\/34622\/revisions"}],"wp:attachment":[{"href":"https:\/\/www.hoymercedes.com.ar\/principal\/wp-json\/wp\/v2\/media?parent=34622"}],"wp:term":[{"taxonomy":"category","embeddable":true,"href":"https:\/\/www.hoymercedes.com.ar\/principal\/wp-json\/wp\/v2\/categories?post=34622"},{"taxonomy":"post_tag","embeddable":true,"href":"https:\/\/www.hoymercedes.com.ar\/principal\/wp-json\/wp\/v2\/tags?post=34622"}],"curies":[{"name":"wp","href":"https:\/\/api.w.org\/{rel}","templated":true}]}}