{"id":34625,"date":"2014-07-18T21:01:37","date_gmt":"2014-07-19T00:01:37","guid":{"rendered":"http:\/\/www.hoymercedes.com.ar.ar\/noticias\/?p=197"},"modified":"2014-07-18T21:01:37","modified_gmt":"2014-07-19T00:01:37","slug":"selva-nuevamente-junto-a-sergio-massa-en-capital-federal","status":"publish","type":"post","link":"https:\/\/www.hoymercedes.com.ar\/principal\/2014\/07\/18\/selva-nuevamente-junto-a-sergio-massa-en-capital-federal\/","title":{"rendered":"Selva nuevamente junto a Sergio Massa en Capital Federal"},"content":{"rendered":"<p><a href=\"http:\/\/www.hoymercedes.com.ar.ar\/noticias\/wp-content\/uploads\/2014\/07\/selva-massa.jpg\"><img loading=\"lazy\" decoding=\"async\" class=\"Img2014 aligncenter wp-image-198 size-full\" src=\"http:\/\/www.hoymercedes.com.ar.ar\/noticias\/wp-content\/uploads\/2014\/07\/selva-massa.jpg\" alt=\"selva-massa\" width=\"620\" height=\"349\" \/><\/a><\/p>\n<p><em><strong>El intendente Carlos Selva fue parte del lanzamiento de una aplicaci\u00f3n para telefon\u00eda m\u00f3vil por parte del l\u00edder del Frente Renovador Sergio Massa en la ciudad de Buenos Aires.<\/strong><\/em><\/p>\n<p>El primer mandatario mercedino estuvo acompa\u00f1ado de otros dirigentes nacionales e intendente de la zona como Carlos Puglielli de San Andr\u00e9s de Giles. La presencia de Selva fue en el marco del lanzamiento de la aplicaci\u00f3n para telefon\u00eda m\u00f3vil \u00abMassApp\u00bb.<\/p>\n<p>El diputado nacional del Frente Renovador Sergio Massa sostuvo: \u00abEl ciudadano quiere participar, pero la pol\u00edtica no le da chance de vincularse. MassApp significa abrir una ventana que permite la participaci\u00f3n del vecino en las decisiones de sus legisladores. El objetivo de esta nueva tecnolog\u00eda es saltear a la vieja pol\u00edtica y a los intermediarios. Queremos estar en contacto con la gente\u00bb.<\/p>\n<p>El diputado nacional Sergio Massa present\u00f3 MassApp, una aplicaci\u00f3n para celulares que permite el di\u00e1logo directo entre los ciudadanos y el legislador.<br \/>\nAl respecto, Massa explic\u00f3: \u00abEstamos lanzando una aplicaci\u00f3n para los tel\u00e9fonos inteligentes, entendiendo que el 40 por ciento de los tel\u00e9fonos que hay en la Argentina son inteligentes, por eso planteamos la posibilidad de que esos 17 millones de usuarios puedan descargar una aplicaci\u00f3n que permite varias cosas. En primer lugar, participar de lo que llamamos &#8216;mapa de victimizaci\u00f3n&#8217;, que nos permite tener rinc\u00f3n por rinc\u00f3n del pa\u00eds d\u00f3nde se van produciendo delitos y de qu\u00e9 tipo son. Frente a la falta de estad\u00edstica certera y seria, podemos tener un mapa del delito a partir de la construcci\u00f3n de la gente. En 500 d\u00edas va a haber cambio de gobierno y tenemos que preparar las medidas de seguridad para los pr\u00f3ximos a\u00f1os. En segundo lugar, la aplicaci\u00f3n permite que la gente haga propuestas y que deje su iniciativa o inquietud respecto a temas como econom\u00edas regionales, turismo o transporte, transform\u00e1ndolas en propuestas de trabajo. Y tercero, nos permite consultar y principalmente escuchar a los ciudadanos, por ejemplo sobre si fueron v\u00edctimas de un hecho de inseguridad o sobre el cumplimiento o no de acuerdos de precio, sobre el estado de la ruta, para que sea la propia gente quienes cuenten lo que est\u00e1 sucediendo en sus ciudades a partir de sus realidades. El objetivo de esta nueva tecnolog\u00eda es saltear a la vieja pol\u00edtica y a los intermediarios, porque queremos estas en contacto con la gente\u00bb.<\/p>\n<p>Massa profundiz\u00f3: \u00abEl principal problema que tiene la pol\u00edtica hoy en d\u00eda es la distancia en el v\u00ednculo con la gente. Esto nace porque la forma de contactarse se fue transformando a partir de la comunicaci\u00f3n masiva, llev\u00e1ndonos a perder detalle de las problem\u00e1ticas de los ciudadanos. Por ejemplo, en Argentina hay m\u00e1s tel\u00e9fonos celulares que habitantes y la telefon\u00eda fija fue desplazada por la m\u00f3vil. Hoy nos encontramos con que no llamamos m\u00e1s a la casa de alguien, sino a alguien directamente. Cambiaron las comunicaciones, pero la pol\u00edtica sigue con la misma manera de comunicarse. La pol\u00edtica se comunica con m\u00e9todos de hace 30 a\u00f1os\u00bb.<\/p>\n","protected":false},"excerpt":{"rendered":"<p>El intendente Carlos Selva fue parte del lanzamiento de una aplicaci\u00f3n para telefon\u00eda m\u00f3vil por parte del l\u00edder del Frente &#8230; <a title=\"Selva nuevamente junto a Sergio Massa en Capital Federal\" class=\"read-more\" href=\"https:\/\/www.hoymercedes.com.ar\/principal\/2014\/07\/18\/selva-nuevamente-junto-a-sergio-massa-en-capital-federal\/\" aria-label=\"Leer m\u00e1s sobre Selva nuevamente junto a Sergio Massa en Capital Federal\">Leer m\u00e1s<\/a><\/p>\n","protected":false},"author":1,"featured_media":0,"comment_status":"open","ping_status":"open","sticky":false,"template":"","format":"standard","meta":{"_monsterinsights_skip_tracking":false,"_monsterinsights_sitenote_active":false,"_monsterinsights_sitenote_note":"","_monsterinsights_sitenote_category":0,"jetpack_post_was_ever_published":false,"_jetpack_newsletter_access":"","_jetpack_dont_email_post_to_subs":false,"_jetpack_newsletter_tier_id":0,"_jetpack_memberships_contains_paywalled_content":false,"_jetpack_memberships_contains_paid_content":false,"footnotes":"","jetpack_publicize_message":"","jetpack_publicize_feature_enabled":true,"jetpack_social_post_already_shared":true,"jetpack_social_options":{"image_generator_settings":{"template":"highway","default_image_id":0,"font":"","enabled":false},"version":2},"_wpas_customize_per_network":false},"categories":[5],"tags":[],"class_list":["post-34625","post","type-post","status-publish","format-standard","hentry","category-politica","generate-columns","tablet-grid-50","mobile-grid-100","grid-parent","grid-50"],"jetpack_publicize_connections":[],"jetpack_featured_media_url":"","wps_subtitle":"Pol\u00edtica provincial","jetpack_sharing_enabled":true,"_links":{"self":[{"href":"https:\/\/www.hoymercedes.com.ar\/principal\/wp-json\/wp\/v2\/posts\/34625","targetHints":{"allow":["GET"]}}],"collection":[{"href":"https:\/\/www.hoymercedes.com.ar\/principal\/wp-json\/wp\/v2\/posts"}],"about":[{"href":"https:\/\/www.hoymercedes.com.ar\/principal\/wp-json\/wp\/v2\/types\/post"}],"author":[{"embeddable":true,"href":"https:\/\/www.hoymercedes.com.ar\/principal\/wp-json\/wp\/v2\/users\/1"}],"replies":[{"embeddable":true,"href":"https:\/\/www.hoymercedes.com.ar\/principal\/wp-json\/wp\/v2\/comments?post=34625"}],"version-history":[{"count":0,"href":"https:\/\/www.hoymercedes.com.ar\/principal\/wp-json\/wp\/v2\/posts\/34625\/revisions"}],"wp:attachment":[{"href":"https:\/\/www.hoymercedes.com.ar\/principal\/wp-json\/wp\/v2\/media?parent=34625"}],"wp:term":[{"taxonomy":"category","embeddable":true,"href":"https:\/\/www.hoymercedes.com.ar\/principal\/wp-json\/wp\/v2\/categories?post=34625"},{"taxonomy":"post_tag","embeddable":true,"href":"https:\/\/www.hoymercedes.com.ar\/principal\/wp-json\/wp\/v2\/tags?post=34625"}],"curies":[{"name":"wp","href":"https:\/\/api.w.org\/{rel}","templated":true}]}}