{"id":3464,"date":"2011-04-13T19:54:09","date_gmt":"2011-04-13T19:54:09","guid":{"rendered":"http:\/\/www.hoymercedes.com.ar\/principal\/?p=3464"},"modified":"2011-04-13T19:54:09","modified_gmt":"2011-04-13T19:54:09","slug":"autos-y-artesanos-el-proximo-domingo","status":"publish","type":"post","link":"https:\/\/www.hoymercedes.com.ar\/principal\/2011\/04\/13\/autos-y-artesanos-el-proximo-domingo\/","title":{"rendered":"Autos y artesanos, el pr\u00f3ximo domingo"},"content":{"rendered":"<p>Hace muy pocos a\u00f1os, la Direccion de Deportes de la Municipalidad brindo el apoyo para la realizaci\u00f3n de lo que se denomino \u201cVuelta Hist\u00f3rica a la Ciudad de Mercedes\u201d, con la participaci\u00f3n de autom\u00f3viles antiguos del Partido. Se convoca a los propietarios de autos y motos antiguas (modelos hasta 1980) para participar del Gran Desfile Hist\u00f3rico que se realizara el dia 17 de Abril en la \u201cSegunda Vuelta Hist\u00f3rica a la Ciudad de Mercedes\u201d<\/p>\n<p>Ahora el Director de Deportes Prof. Julio Campora junto a Diego Mar\u00fa, creador de aquella iniciativa, pretenden re editar aquella jornada, para el pr\u00f3ximo dia domingo 17 de Abril, a las 15hs. \u201cComo en aquella oportunidad, realizaremos una gran caravana con los propietarios de autom\u00f3viles antiguos de la ciudad, y vamos a permitir el ingreso de modelos solo hasta el a\u00f1o 1980, y de todos los tipos y formas. Queremos que nos acompa\u00f1en otra vez las viejas y queridas cupecitas, aquellos autos muy queridos por sus due\u00f1os y que los cuidan y los tienen impecables y de cualquier marca, como aquellos Ford y Chevrolet de las d\u00e9cadas del 20, 30, 40, 50\u201d dijo Mar\u00fa. \u201cClaro que tambi\u00e9n la propuesta es para aquellos que conservan unidades de las d\u00e9cadas del 60 y 70, donde se destacaron las grandes maquinas como la Chevy, el Torino, las Dodges y los Falcon, entre otros. Y por supuesto, los autos que marcaron historia gan\u00e1ndose el cari\u00f1o de la gente como los Fiat 600, los Citro\u00ebn 2cv y 3cv, aquellas cupecitas Fiat, los Gordini, el Dauphine, el 403, el 404, y tantos, pero tantos autos mas. Queremos que est\u00e9n todos\u201d Por su parte Campora agrego que \u201cahora tambi\u00e9n se agregaran motos. Sabemos que en Mercedes hay muy buenas unidades representativas de aquellos a\u00f1os tambi\u00e9n, y queremos que participen las viejas Pumitas, la tradicional Siambreta y otras similares, siempre y cuando no superen como a\u00f1o de fabricaci\u00f3n, a 1980.\u201d \u201cLa concentraci\u00f3n ser\u00e1 en la Direccion de Deportes, o sea, en el ex Martin Rodriguez\u201d dijo Mar\u00fa, \u201cdesde all\u00ed partiremos hacia avenida 1, por esta hasta la avenida 40. Tomando esta ultima, se avanzara hasta la avenida 17, que conducir\u00e1 a todos a la avenida 16, para tomar finalmente la avenida 29 y poner en exposicion los autos, por el termino de una hora, frente al Palacio Municipal. Sera en ese lugar donde estaremos acompa\u00f1ando con m\u00fasica, y entregaremos presentes y reconocimientos a los participantes\u201d Adem\u00e1s, desde el Area de Promoci\u00f3n de la Econom\u00eda Social, dependiente de la Direccion de Planeamiento y Producci\u00f3n, anunciaron que acompa\u00f1aran la propuesta con la presencia de m\u00e1s 25 puestos de artesanos locales que se instalaran desde el mediod\u00eda. \u201cDe esta manera, se cumple con la palabra del Intendente Municipal Carlos Selva, quien en el encuentro de artesanos realizado el pasado mes anuncio la concreci\u00f3n  de eventos de estas caracter\u00edsticas, convoc\u00e1ndolos\u201d dijeron las responsables del \u00e1rea, Claudia Adami y Andrea Bozzini. Finalmente Campora indico que \u201cla propuesta esta hecha, ahora aquellos que quieran participar deber\u00e1n comunicarse con anticipaci\u00f3n a la Direccion de Deportes, Tel 434369 de calle 6 y 9; a la Direccion de Prensa, calle 26 N\u00b0 711 o a trav\u00e9s del Cel.de Diego que es 15582288.\u201d<\/p>\n<p><span style=\"color: #888888;\">Fuente: Municipio<\/span><\/p>\n<p>&nbsp;<\/p>\n","protected":false},"excerpt":{"rendered":"<p>Hace muy pocos a\u00f1os, la Direccion de Deportes de la Municipalidad brindo el apoyo para la realizaci\u00f3n de lo que &#8230; <a title=\"Autos y artesanos, el pr\u00f3ximo domingo\" class=\"read-more\" href=\"https:\/\/www.hoymercedes.com.ar\/principal\/2011\/04\/13\/autos-y-artesanos-el-proximo-domingo\/\" aria-label=\"Leer m\u00e1s sobre Autos y artesanos, el pr\u00f3ximo domingo\">Leer m\u00e1s<\/a><\/p>\n","protected":false},"author":1,"featured_media":0,"comment_status":"open","ping_status":"open","sticky":false,"template":"","format":"standard","meta":{"_monsterinsights_skip_tracking":false,"_monsterinsights_sitenote_active":false,"_monsterinsights_sitenote_note":"","_monsterinsights_sitenote_category":0,"jetpack_post_was_ever_published":false,"_jetpack_newsletter_access":"","_jetpack_dont_email_post_to_subs":false,"_jetpack_newsletter_tier_id":0,"_jetpack_memberships_contains_paywalled_content":false,"_jetpack_memberships_contains_paid_content":false,"footnotes":"","jetpack_publicize_message":"","jetpack_publicize_feature_enabled":true,"jetpack_social_post_already_shared":false,"jetpack_social_options":{"image_generator_settings":{"template":"highway","default_image_id":0,"font":"","enabled":false},"version":2},"_wpas_customize_per_network":false},"categories":[30],"tags":[668],"class_list":["post-3464","post","type-post","status-publish","format-standard","hentry","category-municipio","tag-autos-y-artesanos-mercedes","generate-columns","tablet-grid-50","mobile-grid-100","grid-parent","grid-50"],"jetpack_publicize_connections":[],"jetpack_featured_media_url":"","wps_subtitle":"","jetpack_sharing_enabled":true,"_links":{"self":[{"href":"https:\/\/www.hoymercedes.com.ar\/principal\/wp-json\/wp\/v2\/posts\/3464","targetHints":{"allow":["GET"]}}],"collection":[{"href":"https:\/\/www.hoymercedes.com.ar\/principal\/wp-json\/wp\/v2\/posts"}],"about":[{"href":"https:\/\/www.hoymercedes.com.ar\/principal\/wp-json\/wp\/v2\/types\/post"}],"author":[{"embeddable":true,"href":"https:\/\/www.hoymercedes.com.ar\/principal\/wp-json\/wp\/v2\/users\/1"}],"replies":[{"embeddable":true,"href":"https:\/\/www.hoymercedes.com.ar\/principal\/wp-json\/wp\/v2\/comments?post=3464"}],"version-history":[{"count":0,"href":"https:\/\/www.hoymercedes.com.ar\/principal\/wp-json\/wp\/v2\/posts\/3464\/revisions"}],"wp:attachment":[{"href":"https:\/\/www.hoymercedes.com.ar\/principal\/wp-json\/wp\/v2\/media?parent=3464"}],"wp:term":[{"taxonomy":"category","embeddable":true,"href":"https:\/\/www.hoymercedes.com.ar\/principal\/wp-json\/wp\/v2\/categories?post=3464"},{"taxonomy":"post_tag","embeddable":true,"href":"https:\/\/www.hoymercedes.com.ar\/principal\/wp-json\/wp\/v2\/tags?post=3464"}],"curies":[{"name":"wp","href":"https:\/\/api.w.org\/{rel}","templated":true}]}}