{"id":34640,"date":"2014-07-21T21:35:13","date_gmt":"2014-07-22T00:35:13","guid":{"rendered":"http:\/\/www.hoymercedes.com.ar.ar\/noticias\/?p=272"},"modified":"2014-07-21T21:35:13","modified_gmt":"2014-07-22T00:35:13","slug":"r0obos-financiera-y-basilica-catedra-y-precaucion-con-arrebatos","status":"publish","type":"post","link":"https:\/\/www.hoymercedes.com.ar\/principal\/2014\/07\/21\/r0obos-financiera-y-basilica-catedra-y-precaucion-con-arrebatos\/","title":{"rendered":"Robos: financiera, Bas\u00edlica Catedral y precauci\u00f3n con arrebatos"},"content":{"rendered":"<p><a href=\"http:\/\/www.hoymercedes.com.ar.ar\/noticias\/wp-content\/uploads\/2014\/07\/basilica-catedral-mercedes.jpg\"><img loading=\"lazy\" decoding=\"async\" data-attachment-id=\"273\" data-permalink=\"https:\/\/www.hoymercedes.com.ar\/principal\/2010\/11\/14\/se-lleva-a-cabo-una-muestra-de-arte-realizada-por-pacientes-de-salud-mental\/h001\/#main\" data-orig-file=\"https:\/\/www.hoymercedes.com.ar\/principal\/wp-content\/uploads\/2010\/11\/h001.jpg\" data-orig-size=\"500,375\" data-comments-opened=\"1\" data-image-meta=\"{&quot;aperture&quot;:&quot;2.8&quot;,&quot;credit&quot;:&quot;&quot;,&quot;camera&quot;:&quot;COOLPIX L10&quot;,&quot;caption&quot;:&quot;&quot;,&quot;created_timestamp&quot;:&quot;1289373446&quot;,&quot;copyright&quot;:&quot;Copyright 2006&quot;,&quot;focal_length&quot;:&quot;6.2&quot;,&quot;iso&quot;:&quot;64&quot;,&quot;shutter_speed&quot;:&quot;0.016666666666667&quot;,&quot;title&quot;:&quot;&quot;}\" data-image-title=\"h001\" data-image-description=\"\" data-image-caption=\"&lt;p&gt;Pinturas en Hospital Dubarry&lt;\/p&gt;\n\" data-large-file=\"https:\/\/www.hoymercedes.com.ar\/principal\/wp-content\/uploads\/2010\/11\/h001.jpg\" class=\"Img2014 aligncenter wp-image-273 size-full\" src=\"http:\/\/www.hoymercedes.com.ar.ar\/noticias\/wp-content\/uploads\/2014\/07\/basilica-catedral-mercedes.jpg\" alt=\"basilica-catedral-mercedes\" width=\"620\" height=\"809\" \/><\/a><\/p>\n<p><em><strong>Dos robos se vivieron en las \u00faltimas jornadas en nuestra ciudad. Tambi\u00e9n alertan sobre arrebatos. Uno de ellos fue en la bas\u00edlica Catedral ubicada en plano radio c\u00e9ntrico mientras que el otro se concret\u00f3 en una compa\u00f1\u00eda financiera de calle 33 entre 28 y 30.<\/strong><\/em><\/p>\n<p>En la Bas\u00edlica Catedral se sospecha podr\u00edan haber sido menores que ingresaron por calle 22. Se llevaron dinero en efectivo y una notebook propiedad de uno de los sacerdotes que desarrolla sus actividades religiosas en la instituci\u00f3n.<\/p>\n<p>En la empresa financiera se llevaron cerca de $2.000, se supo extra oficialmente, delincuentes a cara descubierta. Se trata de la firma Macredit S.R.L ubicada en calle 33 entre 28 y 30. Dos sujetos ingresaron cerca de las 14.00hs del viernes y ataron a la empleada que en el lugar se encontraba. Afirmaban tener armas de fuego, que no fueron expuestas. R\u00e1pidamente revisaron el lugar y se llevaron lo que encontraron, aunque se sospecha se buscaba una suma superior. La mujer logr\u00f3 despojarse y dar aviso a la polic\u00eda que interviene en el asunto. Est\u00e1 en materia de investigaci\u00f3n judicial.<\/p>\n<p><strong>Arrebatos<\/strong><\/p>\n<p>La Polic\u00eda tambi\u00e9n alerta sobre los arrebatos en la v\u00eda p\u00fablica. Seg\u00fan se supo fueron m\u00e1s de uno los casos de robos r\u00e1pidos a mujeres a quienes de un \u00abtir\u00f3n\u00bb le quitan la cartera, bolso o malet\u00edn con el claro objetivo de despojarla de sus bienes de valor. Son acciones r\u00e1pidas, fundamentalmente cuando el vecino est\u00e1 distra\u00eddo o no esperando, l\u00f3gicamente, un atraco de \u00e9ste tipo. Esta situaci\u00f3n debe tener adem\u00e1s otra circunstancia de atenci\u00f3n ya que si se va en moto o bicicleta el arrebato puede provocar la ca\u00edda de la v\u00edctima gener\u00e1ndole, adem\u00e1s del robo, potenciales lesiones o golpes.<\/p>\n","protected":false},"excerpt":{"rendered":"<p>Dos robos se vivieron en las \u00faltimas jornadas en nuestra ciudad. Tambi\u00e9n alertan sobre arrebatos. Uno de ellos fue en &#8230; <a title=\"Robos: financiera, Bas\u00edlica Catedral y precauci\u00f3n con arrebatos\" class=\"read-more\" href=\"https:\/\/www.hoymercedes.com.ar\/principal\/2014\/07\/21\/r0obos-financiera-y-basilica-catedra-y-precaucion-con-arrebatos\/\" aria-label=\"Leer m\u00e1s sobre Robos: financiera, Bas\u00edlica Catedral y precauci\u00f3n con arrebatos\">Leer m\u00e1s<\/a><\/p>\n","protected":false},"author":1,"featured_media":0,"comment_status":"open","ping_status":"open","sticky":false,"template":"","format":"standard","meta":{"_monsterinsights_skip_tracking":false,"_monsterinsights_sitenote_active":false,"_monsterinsights_sitenote_note":"","_monsterinsights_sitenote_category":0,"jetpack_post_was_ever_published":false,"_jetpack_newsletter_access":"","_jetpack_dont_email_post_to_subs":false,"_jetpack_newsletter_tier_id":0,"_jetpack_memberships_contains_paywalled_content":false,"_jetpack_memberships_contains_paid_content":false,"footnotes":"","jetpack_publicize_message":"","jetpack_publicize_feature_enabled":true,"jetpack_social_post_already_shared":true,"jetpack_social_options":{"image_generator_settings":{"template":"highway","default_image_id":0,"font":"","enabled":false},"version":2},"_wpas_customize_per_network":false},"categories":[85],"tags":[5684,5685,666],"class_list":["post-34640","post","type-post","status-publish","format-standard","hentry","category-policial","tag-robo-catedral","tag-robo-financiera","tag-robos-mercedes","generate-columns","tablet-grid-50","mobile-grid-100","grid-parent","grid-50"],"jetpack_publicize_connections":[],"jetpack_featured_media_url":"","wps_subtitle":"Investiga la justicia","jetpack_sharing_enabled":true,"_links":{"self":[{"href":"https:\/\/www.hoymercedes.com.ar\/principal\/wp-json\/wp\/v2\/posts\/34640","targetHints":{"allow":["GET"]}}],"collection":[{"href":"https:\/\/www.hoymercedes.com.ar\/principal\/wp-json\/wp\/v2\/posts"}],"about":[{"href":"https:\/\/www.hoymercedes.com.ar\/principal\/wp-json\/wp\/v2\/types\/post"}],"author":[{"embeddable":true,"href":"https:\/\/www.hoymercedes.com.ar\/principal\/wp-json\/wp\/v2\/users\/1"}],"replies":[{"embeddable":true,"href":"https:\/\/www.hoymercedes.com.ar\/principal\/wp-json\/wp\/v2\/comments?post=34640"}],"version-history":[{"count":0,"href":"https:\/\/www.hoymercedes.com.ar\/principal\/wp-json\/wp\/v2\/posts\/34640\/revisions"}],"wp:attachment":[{"href":"https:\/\/www.hoymercedes.com.ar\/principal\/wp-json\/wp\/v2\/media?parent=34640"}],"wp:term":[{"taxonomy":"category","embeddable":true,"href":"https:\/\/www.hoymercedes.com.ar\/principal\/wp-json\/wp\/v2\/categories?post=34640"},{"taxonomy":"post_tag","embeddable":true,"href":"https:\/\/www.hoymercedes.com.ar\/principal\/wp-json\/wp\/v2\/tags?post=34640"}],"curies":[{"name":"wp","href":"https:\/\/api.w.org\/{rel}","templated":true}]}}