{"id":34645,"date":"2014-07-22T13:16:39","date_gmt":"2014-07-22T16:16:39","guid":{"rendered":"http:\/\/www.hoymercedes.com.ar.ar\/noticias\/?p=296"},"modified":"2014-07-22T13:16:39","modified_gmt":"2014-07-22T16:16:39","slug":"la-comision-del-hogar-granja-arco-iris-hace-publico-su-agradecimiento","status":"publish","type":"post","link":"https:\/\/www.hoymercedes.com.ar\/principal\/2014\/07\/22\/la-comision-del-hogar-granja-arco-iris-hace-publico-su-agradecimiento\/","title":{"rendered":"La Comisi\u00f3n del Hogar Granja Arco Iris hace p\u00fablico su agradecimiento"},"content":{"rendered":"<p><em><strong>La Granja Hogar Arco Iris ha presentado en el \u00faltimo tiempo un avance importante respecto a acciones comunales, desarrollo de infraestructura y planificaci\u00f3n de actividades. Ello se logr\u00f3 gracias al aporte y apoyo de diversos actores, tanto del \u00e1mbito p\u00fablico como privado.<\/strong><\/em><\/p>\n<p>Desde la Comisi\u00f3n Directiva desean hacer p\u00fablico su agradecimiento.<\/p>\n<p>Afirmaron:<\/p>\n<p>Los socios y a las siguientes empresas y negocios que se sumaron con su aporte para poder solventar el gasto de los profesionales que trabajan diariamente con los j\u00f3venes y adultos con capacidades diferentes:<\/p>\n<p style=\"padding-left: 60px;\">Merplac, Molino Cores, D. De Grutolla , M C Torner\u00eda,Termoimpresoras Heinel, Mamelli y Asociados Srl, Toyota, Sindicato De La Carne, T F Mustoni, C Y P, Hierros Mercedes, Bonafide , Helados Aloisio,San Eloy De Tessore, Niciforo Hnos ,Siri Motos, Pinturer\u00eda Impacto, Neila Hnos, Rosita D, Prodelim, Lacteos El Alba, Pizzer\u00eda Sorrento, O La Placa (Sum), Cocheria Rossi, Poo Alimentos, Chapa Mercedes ,T Herrero S. A, Del Vento Distribuidora, Pizzer\u00eda Salomona, Chelen Libros, Ocio, Establec. Vazquez, Maderas Ferrero, Librer\u00eda Bigogno, Superm. Vea, Jorge. Colicigno, H Bigatti, Alberto Apestegu\u00eda, Elec. Olivieri,\u00a0Cimes, Sindicato Empleados De Comercio, Karavell S.A., Etchebehere Ra\u00fal, Cotill\u00f3n Central, Panader\u00eda 25 De Mayo, Librer\u00eda Di Catarina. INVITAMOS A TODOS A SEGUIR SUM\u00c1NDOSE.<\/p>\n<p style=\"padding-left: 60px;\">Para comunicarse llamar a 426105 o 15470330<\/p>\n<p>De esta manera, la Granja, hace llegar su saludo y agradecimiento a todo el que le aporta su granito de arena para siga la instituci\u00f3n creciendo y desarroll\u00e1ndose.<\/p>\n<p>&nbsp;<\/p>\n<p>&nbsp;<\/p>\n<p>&nbsp;<\/p>\n<p>&nbsp;<\/p>\n<p>&nbsp;<\/p>\n","protected":false},"excerpt":{"rendered":"<p>La Granja Hogar Arco Iris ha presentado en el \u00faltimo tiempo un avance importante respecto a acciones comunales, desarrollo de &#8230; <a title=\"La Comisi\u00f3n del Hogar Granja Arco Iris hace p\u00fablico su agradecimiento\" class=\"read-more\" href=\"https:\/\/www.hoymercedes.com.ar\/principal\/2014\/07\/22\/la-comision-del-hogar-granja-arco-iris-hace-publico-su-agradecimiento\/\" aria-label=\"Leer m\u00e1s sobre La Comisi\u00f3n del Hogar Granja Arco Iris hace p\u00fablico su agradecimiento\">Leer m\u00e1s<\/a><\/p>\n","protected":false},"author":1,"featured_media":0,"comment_status":"open","ping_status":"open","sticky":false,"template":"","format":"standard","meta":{"_monsterinsights_skip_tracking":false,"_monsterinsights_sitenote_active":false,"_monsterinsights_sitenote_note":"","_monsterinsights_sitenote_category":0,"jetpack_post_was_ever_published":false,"_jetpack_newsletter_access":"","_jetpack_dont_email_post_to_subs":false,"_jetpack_newsletter_tier_id":0,"_jetpack_memberships_contains_paywalled_content":false,"_jetpack_memberships_contains_paid_content":false,"footnotes":"","jetpack_publicize_message":"","jetpack_publicize_feature_enabled":true,"jetpack_social_post_already_shared":true,"jetpack_social_options":{"image_generator_settings":{"template":"highway","default_image_id":0,"font":"","enabled":false},"version":2},"_wpas_customize_per_network":false},"categories":[5608],"tags":[5617,3216],"class_list":["post-34645","post","type-post","status-publish","format-standard","hentry","category-sin-categoria","tag-arco-iris-granja","tag-hogar-granja-arco-iris","generate-columns","tablet-grid-50","mobile-grid-100","grid-parent","grid-50"],"jetpack_publicize_connections":[],"jetpack_featured_media_url":"","wps_subtitle":"Solidaridad y sociedad ","jetpack_sharing_enabled":true,"_links":{"self":[{"href":"https:\/\/www.hoymercedes.com.ar\/principal\/wp-json\/wp\/v2\/posts\/34645","targetHints":{"allow":["GET"]}}],"collection":[{"href":"https:\/\/www.hoymercedes.com.ar\/principal\/wp-json\/wp\/v2\/posts"}],"about":[{"href":"https:\/\/www.hoymercedes.com.ar\/principal\/wp-json\/wp\/v2\/types\/post"}],"author":[{"embeddable":true,"href":"https:\/\/www.hoymercedes.com.ar\/principal\/wp-json\/wp\/v2\/users\/1"}],"replies":[{"embeddable":true,"href":"https:\/\/www.hoymercedes.com.ar\/principal\/wp-json\/wp\/v2\/comments?post=34645"}],"version-history":[{"count":0,"href":"https:\/\/www.hoymercedes.com.ar\/principal\/wp-json\/wp\/v2\/posts\/34645\/revisions"}],"wp:attachment":[{"href":"https:\/\/www.hoymercedes.com.ar\/principal\/wp-json\/wp\/v2\/media?parent=34645"}],"wp:term":[{"taxonomy":"category","embeddable":true,"href":"https:\/\/www.hoymercedes.com.ar\/principal\/wp-json\/wp\/v2\/categories?post=34645"},{"taxonomy":"post_tag","embeddable":true,"href":"https:\/\/www.hoymercedes.com.ar\/principal\/wp-json\/wp\/v2\/tags?post=34645"}],"curies":[{"name":"wp","href":"https:\/\/api.w.org\/{rel}","templated":true}]}}