{"id":34649,"date":"2014-07-22T21:22:48","date_gmt":"2014-07-23T00:22:48","guid":{"rendered":"http:\/\/www.hoymercedes.com.ar.ar\/noticias\/?p=309"},"modified":"2014-07-22T21:22:48","modified_gmt":"2014-07-23T00:22:48","slug":"ustarroz-y-dematei-se-reunieron-con-vecinos-del-barrio-guemes","status":"publish","type":"post","link":"https:\/\/www.hoymercedes.com.ar\/principal\/2014\/07\/22\/ustarroz-y-dematei-se-reunieron-con-vecinos-del-barrio-guemes\/","title":{"rendered":"Ustarroz y Dematei se reunieron con vecinos del Barrio G\u00fcemes"},"content":{"rendered":"<p style=\"color: #000000;\"><a href=\"http:\/\/www.hoymercedes.com.ar.ar\/noticias\/wp-content\/uploads\/2014\/07\/barrio-guemes.jpg\"><img loading=\"lazy\" decoding=\"async\" class=\"Img2014 aligncenter wp-image-310 size-full\" src=\"http:\/\/www.hoymercedes.com.ar.ar\/noticias\/wp-content\/uploads\/2014\/07\/barrio-guemes.jpg\" alt=\"barrio-guemes\" width=\"620\" height=\"465\" \/><\/a><\/p>\n<p style=\"color: #000000;\"><em><strong><span lang=\"ES-MX\">(FM) Entre mates y an\u00e9cdotas, los concejales del Frente Mercedino para la Victoria Juan Ignacio Ustarroz y Mat\u00edas Dematei se reunieron con los vecinos del barrio G\u00fcemes, quienes relataron la marcha de la construcci\u00f3n de la sede de la sociedad de fomento y contaron su emprendimiento sobre la concientizaci\u00f3n de separaci\u00f3n de residuos.<\/span><\/strong><\/em><\/p>\n<p style=\"color: #000000;\"><span lang=\"ES-MX\">La reuni\u00f3n se realiz\u00f3 en la casa del presidente de la sociedad de fomento, Omar Moriconi, y estuvieron otros integrantes de la Comisi\u00f3n Directiva.<\/span><\/p>\n<p style=\"color: #000000;\"><span lang=\"ES-MX\">\u201cTratamos de caminar todos los rincones de Mercedes, conocer las inquietudes y necesidades de los vecinos, enriquecernos con sus experiencias \u2013cont\u00f3 Juani Ustarroz-. La sociedad de fomento del G\u00fcemes hace un trabajo espectacular y esta vez nos contaron sobre este nuevo emprendimiento, el del reparto de bolsas de colores y folletos para concientizar sobre la necesidad de separar los residuos en origen\u201d.<\/span><\/p>\n<p style=\"color: #000000;\"><span lang=\"ES-MX\">En efecto, en el marco de las campa\u00f1as \u2018Cuid\u00e1 tu barrio\u2019 y \u2018Tu manzana recicla\u2019 (impulsado por la provincia de Buenos Aires), los vecinos del G\u00fcemes y el San Jorge reparten bolsas de dos colores: verde (para residuos secos o reciclables) y grises (para residuos org\u00e1nicos o h\u00famedos). El proyecto ya fue presentado ante los medios.<\/span><\/p>\n<p style=\"color: #000000;\"><span lang=\"ES-MX\">En el G\u00fcemes tambi\u00e9n se impulsan otras iniciativas, como carteles de alerta para los conductores o la organizaci\u00f3n para celebrar el \u201cD\u00eda del Ni\u00f1o\u201d con todos los pibes del barrio y aleda\u00f1os; y los vecinos est\u00e1n entusiasmados con el avance de la nueva sede de la sociedad de fomento, en la esquina de las calles 45 y 38.<\/span><\/p>\n<p style=\"color: #000000;\"><span lang=\"ES-MX\">\u201cQueremos agradecer a \u2018Juani\u2019 y a todos sus equipos por sus aportes, como la llegada reciente de las chapas para el techo a trav\u00e9s de Desarrollo Social\u201d, expres\u00f3 Moriconi.<\/span><\/p>\n<p style=\"color: #000000;\"><span lang=\"ES-MX\">Y Ustarroz respondi\u00f3: \u201cNosotros siempre, en la medida de nuestras posibilidades, vamos a estar para dar una mano. La organizaci\u00f3n de los vecinos del barrio G\u00fcemes es un ejemplo y nos da mucho orgullo poder contribuir para su crecimiento\u201d.<\/span><\/p>\n<p style=\"color: #000000;\"><span lang=\"ES-MX\">Adem\u00e1s, para optimizar sus recursos, la sociedad de fomento le facilita el uso de sus instalaciones a la empresa que, en la misma manzana, est\u00e1 edificando el nuevo edificio del Centro de Formaci\u00f3n Laboral 1; y la constructora, a cambio, contribuir\u00e1 con distintas ayudas para la sede del G\u00fcemes.<\/span><\/p>\n<p style=\"color: #000000;\">\n<p style=\"color: #000000;\"><span style=\"color: #808080;\">Fuente: FMPV<\/span><\/p>\n<p style=\"color: #000000;\">\n<p style=\"color: #000000;\">\n","protected":false},"excerpt":{"rendered":"<p>(FM) Entre mates y an\u00e9cdotas, los concejales del Frente Mercedino para la Victoria Juan Ignacio Ustarroz y Mat\u00edas Dematei se &#8230; <a title=\"Ustarroz y Dematei se reunieron con vecinos del Barrio G\u00fcemes\" class=\"read-more\" href=\"https:\/\/www.hoymercedes.com.ar\/principal\/2014\/07\/22\/ustarroz-y-dematei-se-reunieron-con-vecinos-del-barrio-guemes\/\" aria-label=\"Leer m\u00e1s sobre Ustarroz y Dematei se reunieron con vecinos del Barrio G\u00fcemes\">Leer m\u00e1s<\/a><\/p>\n","protected":false},"author":1,"featured_media":0,"comment_status":"open","ping_status":"open","sticky":false,"template":"","format":"standard","meta":{"_monsterinsights_skip_tracking":false,"_monsterinsights_sitenote_active":false,"_monsterinsights_sitenote_note":"","_monsterinsights_sitenote_category":0,"jetpack_post_was_ever_published":false,"_jetpack_newsletter_access":"","_jetpack_dont_email_post_to_subs":false,"_jetpack_newsletter_tier_id":0,"_jetpack_memberships_contains_paywalled_content":false,"_jetpack_memberships_contains_paid_content":false,"footnotes":"","jetpack_publicize_message":"","jetpack_publicize_feature_enabled":true,"jetpack_social_post_already_shared":true,"jetpack_social_options":{"image_generator_settings":{"template":"highway","default_image_id":0,"font":"","enabled":false},"version":2},"_wpas_customize_per_network":false},"categories":[5],"tags":[2596,585,3810],"class_list":["post-34649","post","type-post","status-publish","format-standard","hentry","category-politica","tag-barrio-guemes","tag-juan-ustarroz","tag-matias-dematei","generate-columns","tablet-grid-50","mobile-grid-100","grid-parent","grid-50"],"jetpack_publicize_connections":[],"jetpack_featured_media_url":"","wps_subtitle":"Di\u00e1logos y planes en com\u00fan","jetpack_sharing_enabled":true,"_links":{"self":[{"href":"https:\/\/www.hoymercedes.com.ar\/principal\/wp-json\/wp\/v2\/posts\/34649","targetHints":{"allow":["GET"]}}],"collection":[{"href":"https:\/\/www.hoymercedes.com.ar\/principal\/wp-json\/wp\/v2\/posts"}],"about":[{"href":"https:\/\/www.hoymercedes.com.ar\/principal\/wp-json\/wp\/v2\/types\/post"}],"author":[{"embeddable":true,"href":"https:\/\/www.hoymercedes.com.ar\/principal\/wp-json\/wp\/v2\/users\/1"}],"replies":[{"embeddable":true,"href":"https:\/\/www.hoymercedes.com.ar\/principal\/wp-json\/wp\/v2\/comments?post=34649"}],"version-history":[{"count":0,"href":"https:\/\/www.hoymercedes.com.ar\/principal\/wp-json\/wp\/v2\/posts\/34649\/revisions"}],"wp:attachment":[{"href":"https:\/\/www.hoymercedes.com.ar\/principal\/wp-json\/wp\/v2\/media?parent=34649"}],"wp:term":[{"taxonomy":"category","embeddable":true,"href":"https:\/\/www.hoymercedes.com.ar\/principal\/wp-json\/wp\/v2\/categories?post=34649"},{"taxonomy":"post_tag","embeddable":true,"href":"https:\/\/www.hoymercedes.com.ar\/principal\/wp-json\/wp\/v2\/tags?post=34649"}],"curies":[{"name":"wp","href":"https:\/\/api.w.org\/{rel}","templated":true}]}}