{"id":34655,"date":"2014-07-23T23:27:10","date_gmt":"2014-07-24T02:27:10","guid":{"rendered":"http:\/\/www.hoymercedes.com.ar.ar\/noticias\/?p=334"},"modified":"2014-07-23T23:27:10","modified_gmt":"2014-07-24T02:27:10","slug":"fuerte-inversion-en-mars-gowland-fue-presentada-por-cristina-fernandez-de-kirchner","status":"publish","type":"post","link":"https:\/\/www.hoymercedes.com.ar\/principal\/2014\/07\/23\/fuerte-inversion-en-mars-gowland-fue-presentada-por-cristina-fernandez-de-kirchner\/","title":{"rendered":"Fuerte inversi\u00f3n en Mars, Gowland, fue presentada por Cristina Fern\u00e1ndez de Kirchner"},"content":{"rendered":"<p><a href=\"http:\/\/www.hoymercedes.com.ar.ar\/noticias\/wp-content\/uploads\/2014\/07\/CFK-Mars-Teleconferencia-DePedro.jpg\"><img loading=\"lazy\" decoding=\"async\" class=\"Img2014 aligncenter wp-image-335 size-full\" src=\"http:\/\/www.hoymercedes.com.ar.ar\/noticias\/wp-content\/uploads\/2014\/07\/CFK-Mars-Teleconferencia-DePedro.jpg\" alt=\"CFK-Mars-Teleconferencia-DePedro\" width=\"620\" height=\"425\" \/><\/a><\/p>\n<p><em><strong>La Presidenta Fern\u00e1ndez de Kirchner procedi\u00f3 a la inauguraci\u00f3n formal, v\u00eda teleconferencia, de la ampliaci\u00f3n de la planta de la empresa Mars ubicada en la localidad de Gowland y que generar\u00e1 importantes fuentes de trabajo para nuestra comunidad. La inversi\u00f3n permitir\u00e1 duplicar la producci\u00f3n de alimentos para mascotas, ser\u00e1 de 24 millones y generar\u00e1 50 puestos de trabajo.<\/strong><\/em><\/p>\n<p>La presentaci\u00f3n fue la ampliaci\u00f3n de la l\u00ednea de alimentos balanceados h\u00famedos para perros y gatos que desde Mercedes ir\u00e1n a todo el Mercosur.<\/p>\n<p>En el anuncio la Presidenta tambi\u00e9n mostr\u00f3 otras ampliaciones e inversiones en distintos puntos del pa\u00eds, como la inauguraci\u00f3n de la planta de Yamaha en General Rodr\u00edguez donde se producir\u00e1n fundamentalmente motocicletas. Dialog\u00f3 con el Gobernador de Mendoza qui\u00e9n grafic\u00f3 sobre la inversi\u00f3n de 45 millones de pesos, financiada por el Estado Nacional y la firma Tassarolli S.A., para el desarrollo de un tipo de ca\u00f1\u00f3n de punzado petrolero denominado \u201cEasy Gun\u201d. Desde la empresa \u201cLiliana\u201d, tan conocida en el mercado de electrodom\u00e9sticos, mostraron la nueva planta que inauguran en Baigorria, Santa F\u00e9. \u00a0Por \u00falimo se contact\u00f3 con Wado De Pedro en Gowland, desde la planta de Mars, donde dieron detalles de la nueva inversi\u00f3n que es de 24 millones de pesos y generar\u00e1 50 puestos de trabajo. Eduardo De Pedro coment\u00f3 que: <em>\u201cEsta inversi\u00f3n es Mercedes es muy importante para nosotros porque genera alrededor de 50 puestos de trabajo, que se suman a los 250 que ya trabajaban en Mars y son familias que pueden volver a so\u00f1ar, que pueden proyectar\u201d<\/em>.<\/p>\n<div class=\"pullquote\">24 millones de pesos inversit\u00e1 Mars. 45 puestos de trabajo crear\u00e1. Producir\u00e1 Whiskas y Pedigree<\/div>\n<p>Desde la empresa, su gerente general, Francisco Fern\u00e1ndez, expres\u00f3 que <em>\u201cen 2010 inauguramos una planta de alimentos balanceados para perros y gatos y cuatro a\u00f1os m\u00e1s tarde llenamos esa l\u00ednea y ahora inauguramos la segunda. <\/em>Estos 24 millones de inversi\u00f3n nos permite duplicar la capacidad productiva porque creceremos en el mercado local\u201d explic\u00f3 Fern\u00e1ndez y apunt\u00f3 que \u201cel 50 por ciento de la producci\u00f3n la exportamos a la Regi\u00f3n: Chile, Per\u00fa y Colombia\u201d. Afirm\u00f3.<\/p>\n<p><em>\u201cEsta inversi\u00f3n -finaliz\u00f3 el responsable de Mars en Argentina- es mostrar el compromiso con el presente y el futuro del pa\u00eds y lo mostramos invirtiendo en activos y en personas porque un mundo mejor para las mascotas hace un mundo mejor para nosotros\u201d<\/em>, remarc\u00f3 a Agencia Tel\u00e1m.<\/p>\n<p>De \u00e9sta manera la ciudad de Mercedes se ve beneficiada por el avance de la inversi\u00f3n y la gestaci\u00f3n de fuentes de trabajo para la comuna y la regi\u00f3n.<\/p>\n<p>&nbsp;<\/p>\n<p>&nbsp;<\/p>\n<p>&nbsp;<\/p>\n<p>&nbsp;<\/p>\n","protected":false},"excerpt":{"rendered":"<p>La Presidenta Fern\u00e1ndez de Kirchner procedi\u00f3 a la inauguraci\u00f3n formal, v\u00eda teleconferencia, de la ampliaci\u00f3n de la planta de la &#8230; <a title=\"Fuerte inversi\u00f3n en Mars, Gowland, fue presentada por Cristina Fern\u00e1ndez de Kirchner\" class=\"read-more\" href=\"https:\/\/www.hoymercedes.com.ar\/principal\/2014\/07\/23\/fuerte-inversion-en-mars-gowland-fue-presentada-por-cristina-fernandez-de-kirchner\/\" aria-label=\"Leer m\u00e1s sobre Fuerte inversi\u00f3n en Mars, Gowland, fue presentada por Cristina Fern\u00e1ndez de Kirchner\">Leer m\u00e1s<\/a><\/p>\n","protected":false},"author":2,"featured_media":0,"comment_status":"open","ping_status":"open","sticky":false,"template":"","format":"standard","meta":{"_monsterinsights_skip_tracking":false,"_monsterinsights_sitenote_active":false,"_monsterinsights_sitenote_note":"","_monsterinsights_sitenote_category":0,"jetpack_post_was_ever_published":false,"_jetpack_newsletter_access":"","_jetpack_dont_email_post_to_subs":false,"_jetpack_newsletter_tier_id":0,"_jetpack_memberships_contains_paywalled_content":false,"_jetpack_memberships_contains_paid_content":false,"footnotes":"","jetpack_publicize_message":"","jetpack_publicize_feature_enabled":true,"jetpack_social_post_already_shared":true,"jetpack_social_options":{"image_generator_settings":{"template":"highway","default_image_id":0,"font":"","enabled":false},"version":2},"_wpas_customize_per_network":false},"categories":[5],"tags":[1157,5644,5664,281],"class_list":["post-34655","post","type-post","status-publish","format-standard","hentry","category-politica","tag-cristina-fernandez-de-kirchner","tag-gowland-mars","tag-mars-argentina","tag-wado-de-pedro","generate-columns","tablet-grid-50","mobile-grid-100","grid-parent","grid-50"],"jetpack_publicize_connections":[],"jetpack_featured_media_url":"","wps_subtitle":"inversi\u00f3n y trabajo","jetpack_sharing_enabled":true,"_links":{"self":[{"href":"https:\/\/www.hoymercedes.com.ar\/principal\/wp-json\/wp\/v2\/posts\/34655","targetHints":{"allow":["GET"]}}],"collection":[{"href":"https:\/\/www.hoymercedes.com.ar\/principal\/wp-json\/wp\/v2\/posts"}],"about":[{"href":"https:\/\/www.hoymercedes.com.ar\/principal\/wp-json\/wp\/v2\/types\/post"}],"author":[{"embeddable":true,"href":"https:\/\/www.hoymercedes.com.ar\/principal\/wp-json\/wp\/v2\/users\/2"}],"replies":[{"embeddable":true,"href":"https:\/\/www.hoymercedes.com.ar\/principal\/wp-json\/wp\/v2\/comments?post=34655"}],"version-history":[{"count":0,"href":"https:\/\/www.hoymercedes.com.ar\/principal\/wp-json\/wp\/v2\/posts\/34655\/revisions"}],"wp:attachment":[{"href":"https:\/\/www.hoymercedes.com.ar\/principal\/wp-json\/wp\/v2\/media?parent=34655"}],"wp:term":[{"taxonomy":"category","embeddable":true,"href":"https:\/\/www.hoymercedes.com.ar\/principal\/wp-json\/wp\/v2\/categories?post=34655"},{"taxonomy":"post_tag","embeddable":true,"href":"https:\/\/www.hoymercedes.com.ar\/principal\/wp-json\/wp\/v2\/tags?post=34655"}],"curies":[{"name":"wp","href":"https:\/\/api.w.org\/{rel}","templated":true}]}}