{"id":34656,"date":"2014-07-23T23:30:42","date_gmt":"2014-07-24T02:30:42","guid":{"rendered":"http:\/\/www.hoymercedes.com.ar.ar\/noticias\/?p=337"},"modified":"2014-07-23T23:30:42","modified_gmt":"2014-07-24T02:30:42","slug":"denapole-selva-ha-tenido-politicas-activas-en-lo-que-hace-a-la-generacion-de-empleo","status":"publish","type":"post","link":"https:\/\/www.hoymercedes.com.ar\/principal\/2014\/07\/23\/denapole-selva-ha-tenido-politicas-activas-en-lo-que-hace-a-la-generacion-de-empleo\/","title":{"rendered":"Denapole: \u201cSelva ha tenido pol\u00edticas activas en lo que hace a la generaci\u00f3n de empleo\u201d"},"content":{"rendered":"<p><a href=\"http:\/\/www.hoymercedes.com.ar.ar\/noticias\/wp-content\/uploads\/2014\/07\/Denapole-Mars.jpg\"><img loading=\"lazy\" decoding=\"async\" class=\"Img2014 aligncenter wp-image-338 size-full\" src=\"http:\/\/www.hoymercedes.com.ar.ar\/noticias\/wp-content\/uploads\/2014\/07\/Denapole-Mars.jpg\" alt=\"Denapole-Mars\" width=\"620\" height=\"632\" \/><\/a><\/p>\n<p><em><strong>(FR) El presidente del Concejo Deliberante Marcelo Den\u00e1pole particip\u00f3 este mi\u00e9rcoles por la tarde de una videoconferencia en la empresa Mars que tiene su sede en la localidad de Gowland.<\/strong><\/em><\/p>\n<p>La videoconferencia se concret\u00f3 desde la empresa Mars y tuvo como oradores al gerente de la firma, a un empleado y al diputado nacional De Pedro. En representaci\u00f3n del intendente estuvo Marcelo Den\u00e1pole, quien no pudo hablar en el acto protocolar pero luego dej\u00f3 algunas palabras sobre la actividad industrial de la ciudad. \u201cEl intendente Selva ha tenido pol\u00edticas activas en lo que hace a la generaci\u00f3n de empleo. Hay que recordar que apenas asumi\u00f3 tuvo que lidiar con el cierre de Du Pont y la Cl\u00ednica y sin embargo sali\u00f3 de esa situaci\u00f3n dif\u00edcil y sali\u00f3 en busca de empresas para que lleguen a la ciudad. Y fueron muchas, de eso podemos dar fe con el Sector Industrial Planificado que tenemos totalmente desarrollado y actualmente en expansi\u00f3n\u201d, record\u00f3 el presidente del Concejo Deliberante.<\/p>\n<p>M\u00e1s all\u00e1 del crecimiento industrial que tuvo la ciudad, Den\u00e1pole destac\u00f3 el trabajo que se realiza desde el \u00e1rea de Producci\u00f3n del municipio, cargo que le toc\u00f3 ocupar al comienzo de la gesti\u00f3n Selva all\u00e1 por el 2003. \u201cEl municipio ha entregado m\u00e1s de tres millones de pesos en microcr\u00e9ditos y subsidios a peque\u00f1os emprendedores que tambi\u00e9n hacen a la generaci\u00f3n de empleo y a la buena salud de la econom\u00eda local. No hay que olvidarse que todo lo que producen estos emprendedores se gasta en los comercios locales y eso es muy bueno\u201d, sostuvo Marcelo Den\u00e1pole, quien particip\u00f3 del acto junto con el director de Producci\u00f3n Fernando Zapata.<\/p>\n<p><span style=\"color: #808080;\">Fuente: Frente Renovador<\/span><\/p>\n","protected":false},"excerpt":{"rendered":"<p>(FR) El presidente del Concejo Deliberante Marcelo Den\u00e1pole particip\u00f3 este mi\u00e9rcoles por la tarde de una videoconferencia en la empresa &#8230; <a title=\"Denapole: \u201cSelva ha tenido pol\u00edticas activas en lo que hace a la generaci\u00f3n de empleo\u201d\" class=\"read-more\" href=\"https:\/\/www.hoymercedes.com.ar\/principal\/2014\/07\/23\/denapole-selva-ha-tenido-politicas-activas-en-lo-que-hace-a-la-generacion-de-empleo\/\" aria-label=\"Leer m\u00e1s sobre Denapole: \u201cSelva ha tenido pol\u00edticas activas en lo que hace a la generaci\u00f3n de empleo\u201d\">Leer m\u00e1s<\/a><\/p>\n","protected":false},"author":2,"featured_media":0,"comment_status":"open","ping_status":"open","sticky":false,"template":"","format":"standard","meta":{"_monsterinsights_skip_tracking":false,"_monsterinsights_sitenote_active":false,"_monsterinsights_sitenote_note":"","_monsterinsights_sitenote_category":0,"jetpack_post_was_ever_published":false,"_jetpack_newsletter_access":"","_jetpack_dont_email_post_to_subs":false,"_jetpack_newsletter_tier_id":0,"_jetpack_memberships_contains_paywalled_content":false,"_jetpack_memberships_contains_paid_content":false,"footnotes":"","jetpack_publicize_message":"","jetpack_publicize_feature_enabled":true,"jetpack_social_post_already_shared":true,"jetpack_social_options":{"image_generator_settings":{"template":"highway","default_image_id":0,"font":"","enabled":false},"version":2},"_wpas_customize_per_network":false},"categories":[5],"tags":[44,436,5664,5665,5666,5678],"class_list":["post-34656","post","type-post","status-publish","format-standard","hentry","category-politica","tag-cristina-fernandez","tag-marcelo-denapole","tag-mars-argentina","tag-mars-gowland","tag-mars-mercedes","tag-presidente-mars","generate-columns","tablet-grid-50","mobile-grid-100","grid-parent","grid-50"],"jetpack_publicize_connections":[],"jetpack_featured_media_url":"","wps_subtitle":"Tras teleconferencia de CFK","jetpack_sharing_enabled":true,"_links":{"self":[{"href":"https:\/\/www.hoymercedes.com.ar\/principal\/wp-json\/wp\/v2\/posts\/34656","targetHints":{"allow":["GET"]}}],"collection":[{"href":"https:\/\/www.hoymercedes.com.ar\/principal\/wp-json\/wp\/v2\/posts"}],"about":[{"href":"https:\/\/www.hoymercedes.com.ar\/principal\/wp-json\/wp\/v2\/types\/post"}],"author":[{"embeddable":true,"href":"https:\/\/www.hoymercedes.com.ar\/principal\/wp-json\/wp\/v2\/users\/2"}],"replies":[{"embeddable":true,"href":"https:\/\/www.hoymercedes.com.ar\/principal\/wp-json\/wp\/v2\/comments?post=34656"}],"version-history":[{"count":0,"href":"https:\/\/www.hoymercedes.com.ar\/principal\/wp-json\/wp\/v2\/posts\/34656\/revisions"}],"wp:attachment":[{"href":"https:\/\/www.hoymercedes.com.ar\/principal\/wp-json\/wp\/v2\/media?parent=34656"}],"wp:term":[{"taxonomy":"category","embeddable":true,"href":"https:\/\/www.hoymercedes.com.ar\/principal\/wp-json\/wp\/v2\/categories?post=34656"},{"taxonomy":"post_tag","embeddable":true,"href":"https:\/\/www.hoymercedes.com.ar\/principal\/wp-json\/wp\/v2\/tags?post=34656"}],"curies":[{"name":"wp","href":"https:\/\/api.w.org\/{rel}","templated":true}]}}