{"id":34663,"date":"2014-07-25T09:36:40","date_gmt":"2014-07-25T12:36:40","guid":{"rendered":"http:\/\/www.hoymercedes.com.ar.ar\/noticias\/?p=383"},"modified":"2014-07-25T09:36:40","modified_gmt":"2014-07-25T12:36:40","slug":"partido-comunista-de-mercedes-rechaza-figura-de-juan-labake","status":"publish","type":"post","link":"https:\/\/www.hoymercedes.com.ar\/principal\/2014\/07\/25\/partido-comunista-de-mercedes-rechaza-figura-de-juan-labake\/","title":{"rendered":"Partido Comunista de Mercedes rechaza figura de Juan Labak\u00e9"},"content":{"rendered":"<p><em><strong><a href=\"http:\/\/www.hoymercedes.com.ar.ar\/noticias\/wp-content\/uploads\/2014\/07\/labake.jpg\"><img loading=\"lazy\" decoding=\"async\" data-attachment-id=\"384\" data-permalink=\"https:\/\/www.hoymercedes.com.ar\/principal\/2010\/11\/17\/la-departamental-mercedes-de-la-ajb-festejo-su-cincuenta-aniversario\/ajb50a4\/#main\" data-orig-file=\"https:\/\/www.hoymercedes.com.ar\/principal\/wp-content\/uploads\/2010\/11\/AJB50A4.jpg\" data-orig-size=\"500,375\" data-comments-opened=\"1\" data-image-meta=\"{&quot;aperture&quot;:&quot;3.4&quot;,&quot;credit&quot;:&quot;&quot;,&quot;camera&quot;:&quot;COOLPIX L10&quot;,&quot;caption&quot;:&quot;&quot;,&quot;created_timestamp&quot;:&quot;1289668033&quot;,&quot;copyright&quot;:&quot;Copyright 2006&quot;,&quot;focal_length&quot;:&quot;9&quot;,&quot;iso&quot;:&quot;400&quot;,&quot;shutter_speed&quot;:&quot;0.016666666666667&quot;,&quot;title&quot;:&quot;&quot;}\" data-image-title=\"Fiesta AJB\" data-image-description=\"&lt;p&gt;Fiesta AJB&lt;\/p&gt;\n\" data-image-caption=\"&lt;p&gt;Fiesta AJB&lt;\/p&gt;\n\" data-large-file=\"https:\/\/www.hoymercedes.com.ar\/principal\/wp-content\/uploads\/2010\/11\/AJB50A4.jpg\" class=\"Img2014 alignleft wp-image-384 size-full\" src=\"http:\/\/www.hoymercedes.com.ar.ar\/noticias\/wp-content\/uploads\/2014\/07\/labake.jpg\" alt=\"labake\" width=\"200\" height=\"239\" \/><\/a>D\u00edas atr\u00e1s visit\u00f3 nuestra ciudad el ex diputado, embajador y abogado de Isabelita Per\u00f3n Juan Labak\u00e9 y gener\u00f3 opiniones encontradas. Mientras un grupo de mercedinos era parte de la actividad otra fuerza pol\u00edtica pone de relieve otras facetas del ex funcionario. El Partido Comunista de Mercedes rechaz\u00f3 su figura.<\/strong><\/em><\/p>\n<p>El PC de Mercedes expres\u00f3 en su comunicado:<\/p>\n<p><em>\u201cEl lunes visit\u00f3 Mercedes Juan Gabriel Labak\u00e9, integrante de la Comisi\u00f3n Permanente de Reivindicaci\u00f3n Hist\u00f3rica y Pol\u00edtica de la ex Presidente Constitucional Sra. Isabel Per\u00f3n (s\u00ed, hay una comisi\u00f3n que pide por eso entre los que est\u00e1 el Momo Venegas). Para los que no conocen a Labak\u00e9 es un Ex abogado y apoderado de \u00abIsabelita\u00bb y muy allegado al creador de la Triple A, Lopez Rega. Parece que ahora anda con ganas de hacerse un lugarcito en la interna del Frente Renovador. El Partido Comunista de Mercedes rechaza la aparici\u00f3n y vuelta al ruedo de \u00e9stos personajes nefastos que formaron parte de lo peor de nuestra historia y que hoy vienen a nuestra ciudad tra\u00eddos como personas prestigiosas de nuestra historia. No olvidemos que muchos de nuestros camaradas y compa\u00f1eros fueron perseguidos y asesinados por la Triple A, que funcionaba al mando de Jos\u00e9 L\u00f3pez Rega bajo la protecci\u00f3n de Isabel Per\u00f3n. Los cr\u00edmenes de la Triple A tambi\u00e9n son de lesa humanidad!!! Juicio y castigo!!\u201d<\/em><\/p>\n<p>De \u00e9sta menera, la figura de Labak\u00e9, gener\u00f3 opiniones encontradas y manifestaciones diversas alrededor de su figura. El debate queda encendido.<\/p>\n<p>&nbsp;<\/p>\n<p>&nbsp;<\/p>\n<p>&nbsp;<\/p>\n","protected":false},"excerpt":{"rendered":"<p>D\u00edas atr\u00e1s visit\u00f3 nuestra ciudad el ex diputado, embajador y abogado de Isabelita Per\u00f3n Juan Labak\u00e9 y gener\u00f3 opiniones encontradas. &#8230; <a title=\"Partido Comunista de Mercedes rechaza figura de Juan Labak\u00e9\" class=\"read-more\" href=\"https:\/\/www.hoymercedes.com.ar\/principal\/2014\/07\/25\/partido-comunista-de-mercedes-rechaza-figura-de-juan-labake\/\" aria-label=\"Leer m\u00e1s sobre Partido Comunista de Mercedes rechaza figura de Juan Labak\u00e9\">Leer m\u00e1s<\/a><\/p>\n","protected":false},"author":2,"featured_media":0,"comment_status":"open","ping_status":"open","sticky":false,"template":"","format":"standard","meta":{"_monsterinsights_skip_tracking":false,"_monsterinsights_sitenote_active":false,"_monsterinsights_sitenote_note":"","_monsterinsights_sitenote_category":0,"jetpack_post_was_ever_published":false,"_jetpack_newsletter_access":"","_jetpack_dont_email_post_to_subs":false,"_jetpack_newsletter_tier_id":0,"_jetpack_memberships_contains_paywalled_content":false,"_jetpack_memberships_contains_paid_content":false,"footnotes":"","jetpack_publicize_message":"","jetpack_publicize_feature_enabled":true,"jetpack_social_post_already_shared":true,"jetpack_social_options":{"image_generator_settings":{"template":"highway","default_image_id":0,"font":"","enabled":false},"version":2},"_wpas_customize_per_network":false},"categories":[5],"tags":[5654,5655,5556,5675,5557],"class_list":["post-34663","post","type-post","status-publish","format-standard","hentry","category-politica","tag-juan-labaje","tag-juan-labake","tag-partido-comunista-mercedes","tag-partido-comunista-merceds","tag-pc-mercedes","generate-columns","tablet-grid-50","mobile-grid-100","grid-parent","grid-50"],"jetpack_publicize_connections":[],"jetpack_featured_media_url":"","wps_subtitle":"Debate encendido","jetpack_sharing_enabled":true,"_links":{"self":[{"href":"https:\/\/www.hoymercedes.com.ar\/principal\/wp-json\/wp\/v2\/posts\/34663","targetHints":{"allow":["GET"]}}],"collection":[{"href":"https:\/\/www.hoymercedes.com.ar\/principal\/wp-json\/wp\/v2\/posts"}],"about":[{"href":"https:\/\/www.hoymercedes.com.ar\/principal\/wp-json\/wp\/v2\/types\/post"}],"author":[{"embeddable":true,"href":"https:\/\/www.hoymercedes.com.ar\/principal\/wp-json\/wp\/v2\/users\/2"}],"replies":[{"embeddable":true,"href":"https:\/\/www.hoymercedes.com.ar\/principal\/wp-json\/wp\/v2\/comments?post=34663"}],"version-history":[{"count":0,"href":"https:\/\/www.hoymercedes.com.ar\/principal\/wp-json\/wp\/v2\/posts\/34663\/revisions"}],"wp:attachment":[{"href":"https:\/\/www.hoymercedes.com.ar\/principal\/wp-json\/wp\/v2\/media?parent=34663"}],"wp:term":[{"taxonomy":"category","embeddable":true,"href":"https:\/\/www.hoymercedes.com.ar\/principal\/wp-json\/wp\/v2\/categories?post=34663"},{"taxonomy":"post_tag","embeddable":true,"href":"https:\/\/www.hoymercedes.com.ar\/principal\/wp-json\/wp\/v2\/tags?post=34663"}],"curies":[{"name":"wp","href":"https:\/\/api.w.org\/{rel}","templated":true}]}}