{"id":34664,"date":"2014-07-25T12:11:46","date_gmt":"2014-07-25T15:11:46","guid":{"rendered":"http:\/\/www.hoymercedes.com.ar.ar\/noticias\/?p=388"},"modified":"2014-07-25T12:11:46","modified_gmt":"2014-07-25T15:11:46","slug":"concejales-empresarios-y-union-de-usuarios-presentes-en-reunion-por-avance-de-obras-en-lujan-por-ruta-n5","status":"publish","type":"post","link":"https:\/\/www.hoymercedes.com.ar\/principal\/2014\/07\/25\/concejales-empresarios-y-union-de-usuarios-presentes-en-reunion-por-avance-de-obras-en-lujan-por-ruta-n5\/","title":{"rendered":"Concejales, empresarios y Uni\u00f3n de Usuarios presentes en reuni\u00f3n por avance de  obras en Luj\u00e1n por Ruta N\u00b05"},"content":{"rendered":"<p><a href=\"http:\/\/www.hoymercedes.com.ar.ar\/noticias\/wp-content\/uploads\/2014\/07\/obras-lujan-proruta5-I.jpg\"><br \/>\n<\/a><a href=\"http:\/\/www.hoymercedes.com.ar.ar\/noticias\/wp-content\/uploads\/2014\/07\/obras-lujan-proruta5-I.jpg\"><img loading=\"lazy\" decoding=\"async\" data-attachment-id=\"390\" data-permalink=\"https:\/\/www.hoymercedes.com.ar\/principal\/2010\/11\/17\/la-departamental-mercedes-de-la-ajb-festejo-su-cincuenta-aniversario\/ajb50a5\/#main\" data-orig-file=\"https:\/\/www.hoymercedes.com.ar\/principal\/wp-content\/uploads\/2010\/11\/AJB50A5.jpg\" data-orig-size=\"500,375\" data-comments-opened=\"1\" data-image-meta=\"{&quot;aperture&quot;:&quot;4.7&quot;,&quot;credit&quot;:&quot;&quot;,&quot;camera&quot;:&quot;COOLPIX L10&quot;,&quot;caption&quot;:&quot;&quot;,&quot;created_timestamp&quot;:&quot;1289669102&quot;,&quot;copyright&quot;:&quot;Copyright 2006&quot;,&quot;focal_length&quot;:&quot;15.3&quot;,&quot;iso&quot;:&quot;800&quot;,&quot;shutter_speed&quot;:&quot;0.016666666666667&quot;,&quot;title&quot;:&quot;&quot;}\" data-image-title=\"Fiesta AJB\" data-image-description=\"&lt;p&gt;Fiesta AJB&lt;\/p&gt;\n\" data-image-caption=\"&lt;p&gt;Fiesta AJB&lt;\/p&gt;\n\" data-large-file=\"https:\/\/www.hoymercedes.com.ar\/principal\/wp-content\/uploads\/2010\/11\/AJB50A5.jpg\" class=\"Img2014 aligncenter wp-image-390 size-full\" src=\"http:\/\/www.hoymercedes.com.ar.ar\/noticias\/wp-content\/uploads\/2014\/07\/reuni\u00f3n-luj\u00e1n-II.jpg\" alt=\"reuni\u00f3n-luj\u00e1n-II\" width=\"620\" height=\"465\" \/><\/a> <a href=\"http:\/\/www.hoymercedes.com.ar.ar\/noticias\/wp-content\/uploads\/2014\/07\/reuni\u00f3n-luj\u00e1n-II.jpg\"><\/p>\n<p><\/a><\/p>\n<p><em><strong>Se llev\u00f3 a cabo en la ciudad de Luj\u00e1n con participaci\u00f3n de mercedinos de una importante reuni\u00f3n por obras en torno a la Ruta Nacional N\u00b05. En la vecina ciudad la reuni\u00f3n fue entre concejales y funcionarios donde evaluaron diversas situaciones.<\/strong><\/em><\/p>\n<p>En el encuentro estuvieron representados todos los bloques pol\u00edticos del Cuerpo Deliberativo de Luj\u00e1n, las autoridades de Autopista del Oeste y la Uni\u00f3n de Usuarios Viales.<img loading=\"lazy\" decoding=\"async\" data-attachment-id=\"389\" data-permalink=\"https:\/\/www.hoymercedes.com.ar\/principal\/2010\/11\/17\/la-departamental-mercedes-de-la-ajb-festejo-su-cincuenta-aniversario\/ajb50a6\/#main\" data-orig-file=\"https:\/\/www.hoymercedes.com.ar\/principal\/wp-content\/uploads\/2010\/11\/AJB50A6.jpg\" data-orig-size=\"500,375\" data-comments-opened=\"1\" data-image-meta=\"{&quot;aperture&quot;:&quot;2.8&quot;,&quot;credit&quot;:&quot;&quot;,&quot;camera&quot;:&quot;COOLPIX L10&quot;,&quot;caption&quot;:&quot;&quot;,&quot;created_timestamp&quot;:&quot;1289667632&quot;,&quot;copyright&quot;:&quot;Copyright 2006&quot;,&quot;focal_length&quot;:&quot;6.2&quot;,&quot;iso&quot;:&quot;400&quot;,&quot;shutter_speed&quot;:&quot;0.016666666666667&quot;,&quot;title&quot;:&quot;&quot;}\" data-image-title=\"Fiesta AJB\" data-image-description=\"&lt;p&gt;Fiesta AJB&lt;\/p&gt;\n\" data-image-caption=\"&lt;p&gt;Fiesta AJB&lt;\/p&gt;\n\" data-large-file=\"https:\/\/www.hoymercedes.com.ar\/principal\/wp-content\/uploads\/2010\/11\/AJB50A6.jpg\" class=\"Img2014 aligncenter wp-image-389 size-full\" src=\"http:\/\/www.hoymercedes.com.ar.ar\/noticias\/wp-content\/uploads\/2014\/07\/obras-lujan-proruta5-I.jpg\" alt=\"obras-lujan-proruta5-I\" width=\"620\" height=\"463\" \/><\/p>\n<p>Carlos Mosso, miembro de la Uni\u00f3n de Usuarios Viales, fue parte del encuentro. Al respecto nos coment\u00f3 que: <em>\u201cLa reuni\u00f3n fue positiva, como cada vez que se puede trabajar en el tema. Estuvieron presentes varios concejales de Luj\u00e1n y las autoridades del concesionario de Autopistas Del Oeste. Hay un peque\u00f1o conflicto con los vecinos por donde pasar\u00e1 un canal de desag\u00fce, pero, todo indica se solucionar\u00e1. Las obras est\u00e1n avanzando y pudimos constatarlo. Lo real es que muy lentamente el tema est\u00e1 movi\u00e9ndose, est\u00e1 nuevamente en debate y en los medios. Es algo valioso porque podemos seguir debatiendo sobre obras, seguridad vial y lo m\u00e1s importante, el cuidado de la vida humana que es en definitiva lo que est\u00e1 en juego cada vez que salimos a la ruta.\u201d<\/em><\/p>\n<p><a href=\"http:\/\/www.hoymercedes.com.ar.ar\/noticias\/wp-content\/uploads\/2014\/07\/obras-lujan-proruta5-II.jpg\"><img loading=\"lazy\" decoding=\"async\" data-attachment-id=\"391\" data-permalink=\"https:\/\/www.hoymercedes.com.ar\/principal\/2010\/11\/17\/la-departamental-mercedes-de-la-ajb-festejo-su-cincuenta-aniversario\/ajv50a2\/#main\" data-orig-file=\"https:\/\/www.hoymercedes.com.ar\/principal\/wp-content\/uploads\/2010\/11\/AJV50A2.jpg\" data-orig-size=\"500,375\" data-comments-opened=\"1\" data-image-meta=\"{&quot;aperture&quot;:&quot;5.2&quot;,&quot;credit&quot;:&quot;&quot;,&quot;camera&quot;:&quot;COOLPIX L10&quot;,&quot;caption&quot;:&quot;&quot;,&quot;created_timestamp&quot;:&quot;1289669204&quot;,&quot;copyright&quot;:&quot;Copyright 2006&quot;,&quot;focal_length&quot;:&quot;18.6&quot;,&quot;iso&quot;:&quot;400&quot;,&quot;shutter_speed&quot;:&quot;0.016666666666667&quot;,&quot;title&quot;:&quot;&quot;}\" data-image-title=\"Fiesta AJB\" data-image-description=\"&lt;p&gt;Fiesta AJB&lt;\/p&gt;\n\" data-image-caption=\"&lt;p&gt;Fiesta AJB&lt;\/p&gt;\n\" data-large-file=\"https:\/\/www.hoymercedes.com.ar\/principal\/wp-content\/uploads\/2010\/11\/AJV50A2.jpg\" class=\"Img2014 aligncenter wp-image-391 size-full\" src=\"http:\/\/www.hoymercedes.com.ar.ar\/noticias\/wp-content\/uploads\/2014\/07\/obras-lujan-proruta5-II.jpg\" alt=\"obras-lujan-proruta5-II\" width=\"620\" height=\"831\" \/><\/a><\/p>\n<p>Las obras en Luj\u00e1n recordemos que son vitales. Se deber\u00e1 terminar un canal de desag\u00fce en un barrio detr\u00e1s de lo que se identificar\u00eda con la Universidad de Luj\u00e1n, en el empalme de Ruta N\u00b05 y Acceso Oeste. Mientras est\u00e1 casi listo el recambio de pavimento entre Olivera y el Peaje y las nuevas luces en el ingreso a Mercedes, incluido el puente de Ruta N\u00b041.<\/p>\n","protected":false},"excerpt":{"rendered":"<p>Se llev\u00f3 a cabo en la ciudad de Luj\u00e1n con participaci\u00f3n de mercedinos de una importante reuni\u00f3n por obras en &#8230; <a title=\"Concejales, empresarios y Uni\u00f3n de Usuarios presentes en reuni\u00f3n por avance de  obras en Luj\u00e1n por Ruta N\u00b05\" class=\"read-more\" href=\"https:\/\/www.hoymercedes.com.ar\/principal\/2014\/07\/25\/concejales-empresarios-y-union-de-usuarios-presentes-en-reunion-por-avance-de-obras-en-lujan-por-ruta-n5\/\" aria-label=\"Leer m\u00e1s sobre Concejales, empresarios y Uni\u00f3n de Usuarios presentes en reuni\u00f3n por avance de  obras en Luj\u00e1n por Ruta N\u00b05\">Leer m\u00e1s<\/a><\/p>\n","protected":false},"author":2,"featured_media":0,"comment_status":"open","ping_status":"open","sticky":false,"template":"","format":"standard","meta":{"_monsterinsights_skip_tracking":false,"_monsterinsights_sitenote_active":false,"_monsterinsights_sitenote_note":"","_monsterinsights_sitenote_category":0,"jetpack_post_was_ever_published":false,"_jetpack_newsletter_access":"","_jetpack_dont_email_post_to_subs":false,"_jetpack_newsletter_tier_id":0,"_jetpack_memberships_contains_paywalled_content":false,"_jetpack_memberships_contains_paid_content":false,"footnotes":"","jetpack_publicize_message":"","jetpack_publicize_feature_enabled":true,"jetpack_social_post_already_shared":true,"jetpack_social_options":{"image_generator_settings":{"template":"highway","default_image_id":0,"font":"","enabled":false},"version":2},"_wpas_customize_per_network":false},"categories":[5608],"tags":[3052,5686,2754],"class_list":["post-34664","post","type-post","status-publish","format-standard","hentry","category-sin-categoria","tag-carlos-mosso","tag-ruta-5-oras-lujan","tag-union-de-usuarios-viales","generate-columns","tablet-grid-50","mobile-grid-100","grid-parent","grid-50"],"jetpack_publicize_connections":[],"jetpack_featured_media_url":"","wps_subtitle":"Obras y mejoras viales","jetpack_sharing_enabled":true,"_links":{"self":[{"href":"https:\/\/www.hoymercedes.com.ar\/principal\/wp-json\/wp\/v2\/posts\/34664","targetHints":{"allow":["GET"]}}],"collection":[{"href":"https:\/\/www.hoymercedes.com.ar\/principal\/wp-json\/wp\/v2\/posts"}],"about":[{"href":"https:\/\/www.hoymercedes.com.ar\/principal\/wp-json\/wp\/v2\/types\/post"}],"author":[{"embeddable":true,"href":"https:\/\/www.hoymercedes.com.ar\/principal\/wp-json\/wp\/v2\/users\/2"}],"replies":[{"embeddable":true,"href":"https:\/\/www.hoymercedes.com.ar\/principal\/wp-json\/wp\/v2\/comments?post=34664"}],"version-history":[{"count":0,"href":"https:\/\/www.hoymercedes.com.ar\/principal\/wp-json\/wp\/v2\/posts\/34664\/revisions"}],"wp:attachment":[{"href":"https:\/\/www.hoymercedes.com.ar\/principal\/wp-json\/wp\/v2\/media?parent=34664"}],"wp:term":[{"taxonomy":"category","embeddable":true,"href":"https:\/\/www.hoymercedes.com.ar\/principal\/wp-json\/wp\/v2\/categories?post=34664"},{"taxonomy":"post_tag","embeddable":true,"href":"https:\/\/www.hoymercedes.com.ar\/principal\/wp-json\/wp\/v2\/tags?post=34664"}],"curies":[{"name":"wp","href":"https:\/\/api.w.org\/{rel}","templated":true}]}}