{"id":34668,"date":"2014-07-27T17:40:47","date_gmt":"2014-07-27T20:40:47","guid":{"rendered":"http:\/\/www.hoymercedes.com.ar.ar\/noticias\/?p=416"},"modified":"2014-07-30T21:27:08","modified_gmt":"2014-07-31T00:27:08","slug":"sala-del-concejo-deliberante-se-denomina-desde-ahora-sala-eva-peron","status":"publish","type":"post","link":"https:\/\/www.hoymercedes.com.ar\/principal\/2014\/07\/27\/sala-del-concejo-deliberante-se-denomina-desde-ahora-sala-eva-peron\/","title":{"rendered":"Sala del Concejo Deliberante se denomina desde ahora &quot;Sala Eva Per\u00f3n&quot;"},"content":{"rendered":"<p><a href=\"https:\/\/www.hoymercedes.com.ar\/principal\/wp-content\/uploads\/2014\/07\/Denapole_Selva-H.C.D-SalaEvaPer\u00f3n.jpg\"><img loading=\"lazy\" decoding=\"async\" class=\"Img2014 aligncenter wp-image-417 size-full\" src=\"https:\/\/www.hoymercedes.com.ar\/principal\/wp-content\/uploads\/2014\/07\/Denapole_Selva-H.C.D-SalaEvaPer\u00f3n.jpg\" alt=\"Denapole_Selva-H.C.D-SalaEvaPer\u00f3n\" width=\"620\" height=\"414\" \/><\/a><\/p>\n<p><em><strong>(FR) Este s\u00e1bado por la tarde se llev\u00f3 adelante un acto en conmemoraci\u00f3n de un nuevo aniversario del paso a la inmortalidad de Eva Per\u00f3n y se descubri\u00f3 una placa con su nombre en el ingreso al recinto del Concejo Deliberante.<\/strong><\/em><\/p>\n<p>El intendente Carlos Selva, en consonancia con el presidente del Concejo Deliberante Marcelo Den\u00e1pole, concretaron una restituci\u00f3n hist\u00f3rica, ya que le dieron forma a una resoluci\u00f3n del 8 de agosto de 1952 que dictaba la colocaci\u00f3n del nombre de Eva Per\u00f3n al recinto del Concejo de Mercedes.<img loading=\"lazy\" decoding=\"async\" class=\"Img2014 aligncenter wp-image-418 size-full\" src=\"https:\/\/www.hoymercedes.com.ar\/principal\/wp-content\/uploads\/2014\/07\/Denapole_Selva-H.C.D-SalaEvaPer\u00f3n-II.jpg\" alt=\"Denapole_Selva-H.C.D-SalaEvaPer\u00f3n-II\" width=\"620\" height=\"414\" \/><\/p>\n<p>Selva y Den\u00e1pole descubrieron la placa en el ingreso del recinto con la compa\u00f1\u00eda de militantes, funcionarios y ediles de otras fuerzas como Juan Carlos Ben\u00edtez y Juan Pablo L\u00f3pez. Al momento de los discursos Den\u00e1pole record\u00f3 la figura de Eva, pero tambi\u00e9n dej\u00f3 unas palabras en recuerdo al ex intendente Julio Gioscio al cumplirse 10 a\u00f1os de su fallecimiento.<\/p>\n<p>Luego fue el momento de tomar el micr\u00f3fono por parte de Carlos Selva, quien destac\u00f3 el rol de Eva Duarte y su pasi\u00f3n para llevar adelante la gesti\u00f3n de gobierno junto a Juan Per\u00f3n. \u201cUno modestamente ha tratado de seguir con estas premisas. Gracias a Eva y Juan Domingo entendimos que el peronismo est\u00e1 por encima de las personas. Hoy le\u00eda unas palabras de Eva en un discurso y me gustar\u00eda compartirlas: Prefiero ser Evita antes de ser la esposa del Presidente si es que ese Evita calma alg\u00fan dolor en alg\u00fan lugar de mi Patria\u201d, record\u00f3 el primer mandatario mercedino en este acto de reivindicaci\u00f3n hist\u00f3rica que se llev\u00f3 adelante en el Concejo el s\u00e1bado por la noche.<\/p>\n<p><span style=\"color: rgb(128, 128, 128);\">Fuente: Frente Renovador Mercedes\u00a0<\/span><\/p>\n<p>&nbsp;<\/p>\n<p>&nbsp;<\/p>\n<p>&nbsp;<\/p>\n","protected":false},"excerpt":{"rendered":"<p>(FR) Este s\u00e1bado por la tarde se llev\u00f3 adelante un acto en conmemoraci\u00f3n de un nuevo aniversario del paso a &#8230; <a title=\"Sala del Concejo Deliberante se denomina desde ahora &quot;Sala Eva Per\u00f3n&quot;\" class=\"read-more\" href=\"https:\/\/www.hoymercedes.com.ar\/principal\/2014\/07\/27\/sala-del-concejo-deliberante-se-denomina-desde-ahora-sala-eva-peron\/\" aria-label=\"Leer m\u00e1s sobre Sala del Concejo Deliberante se denomina desde ahora &quot;Sala Eva Per\u00f3n&quot;\">Leer m\u00e1s<\/a><\/p>\n","protected":false},"author":2,"featured_media":0,"comment_status":"open","ping_status":"open","sticky":false,"template":"","format":"standard","meta":{"_monsterinsights_skip_tracking":false,"_monsterinsights_sitenote_active":false,"_monsterinsights_sitenote_note":"","_monsterinsights_sitenote_category":0,"jetpack_post_was_ever_published":false,"_jetpack_newsletter_access":"","_jetpack_dont_email_post_to_subs":false,"_jetpack_newsletter_tier_id":0,"_jetpack_memberships_contains_paywalled_content":false,"_jetpack_memberships_contains_paid_content":false,"footnotes":"","jetpack_publicize_message":"","jetpack_publicize_feature_enabled":true,"jetpack_social_post_already_shared":true,"jetpack_social_options":{"image_generator_settings":{"template":"highway","default_image_id":0,"font":"","enabled":false},"version":2},"_wpas_customize_per_network":false},"categories":[5],"tags":[39,436],"class_list":["post-34668","post","type-post","status-publish","format-standard","hentry","category-politica","tag-carlos-selva","tag-marcelo-denapole","generate-columns","tablet-grid-50","mobile-grid-100","grid-parent","grid-50"],"jetpack_publicize_connections":[],"jetpack_featured_media_url":"","wps_subtitle":"Era una decisi\u00f3n pendiente desde 1952","jetpack_sharing_enabled":true,"_links":{"self":[{"href":"https:\/\/www.hoymercedes.com.ar\/principal\/wp-json\/wp\/v2\/posts\/34668","targetHints":{"allow":["GET"]}}],"collection":[{"href":"https:\/\/www.hoymercedes.com.ar\/principal\/wp-json\/wp\/v2\/posts"}],"about":[{"href":"https:\/\/www.hoymercedes.com.ar\/principal\/wp-json\/wp\/v2\/types\/post"}],"author":[{"embeddable":true,"href":"https:\/\/www.hoymercedes.com.ar\/principal\/wp-json\/wp\/v2\/users\/2"}],"replies":[{"embeddable":true,"href":"https:\/\/www.hoymercedes.com.ar\/principal\/wp-json\/wp\/v2\/comments?post=34668"}],"version-history":[{"count":0,"href":"https:\/\/www.hoymercedes.com.ar\/principal\/wp-json\/wp\/v2\/posts\/34668\/revisions"}],"wp:attachment":[{"href":"https:\/\/www.hoymercedes.com.ar\/principal\/wp-json\/wp\/v2\/media?parent=34668"}],"wp:term":[{"taxonomy":"category","embeddable":true,"href":"https:\/\/www.hoymercedes.com.ar\/principal\/wp-json\/wp\/v2\/categories?post=34668"},{"taxonomy":"post_tag","embeddable":true,"href":"https:\/\/www.hoymercedes.com.ar\/principal\/wp-json\/wp\/v2\/tags?post=34668"}],"curies":[{"name":"wp","href":"https:\/\/api.w.org\/{rel}","templated":true}]}}