{"id":34670,"date":"2014-07-27T17:52:29","date_gmt":"2014-07-27T20:52:29","guid":{"rendered":"http:\/\/www.hoymercedes.com.ar.ar\/noticias\/?p=423"},"modified":"2014-07-30T21:26:03","modified_gmt":"2014-07-31T00:26:03","slug":"el-pj-mercedes-homenajeo-a-eva-peron","status":"publish","type":"post","link":"https:\/\/www.hoymercedes.com.ar\/principal\/2014\/07\/27\/el-pj-mercedes-homenajeo-a-eva-peron\/","title":{"rendered":"El PJ Mercedes homenaje\u00f3 a Eva Per\u00f3n"},"content":{"rendered":"<p><a href=\"https:\/\/www.hoymercedes.com.ar\/principal\/wp-content\/uploads\/2014\/07\/Acto-EvaPer\u00f3n-2014.jpg\"><img loading=\"lazy\" decoding=\"async\" class=\"Img2014 aligncenter wp-image-424 size-full\" src=\"https:\/\/www.hoymercedes.com.ar\/principal\/wp-content\/uploads\/2014\/07\/Acto-EvaPer\u00f3n-2014.jpg\" alt=\"Acto-EvaPer\u00f3n-2014\" width=\"620\" height=\"413\" \/><\/a><\/p>\n<p><em><strong>El Partido Justicialista de Mercedes homenaje\u00f3 este s\u00e1bado la figura de Eva Duarte de Per\u00f3n al conmemorarse un nuevo aniversario de su paso a la inmortalidad.<\/strong><\/em><\/p>\n<p>El presidente del partido e intendente de la ciudad Carlos Selva encabez\u00f3 los actos de conmemoraci\u00f3n de Eva Per\u00f3n. Estuvo acompa\u00f1ado por la plana mayor del partido, entre ellos el vicepresidente Carlos Pallero, y un nutrido grupo de militantes. En primera instancia hicieron una ofrenda floral en el busto que recuerda a la abanderada de los humildes en calles 30 y 23. \u201cQuiero decirles a los gorilas que siempre atacan este busto que ahora tenemos c\u00e1maras de seguridad\u201d, advirti\u00f3 el primer mandatario.<\/p>\n<p>Luego fue el momento de la misa en la iglesia Catedral para terminar el s\u00e1bado por la noche en el Concejo Deliberante. All\u00ed el intendente, en consonancia con el presidente del Concejo Deliberante Marcelo Den\u00e1pole, concretaron una restituci\u00f3n hist\u00f3rica, ya que le dieron forma a una resoluci\u00f3n del 8 de agosto de 1952 que dictaba la colocaci\u00f3n del nombre de Eva Per\u00f3n al recinto del Concejo de Mercedes.<\/p>\n<p>Selva y Den\u00e1pole descubrieron la placa en el ingreso del recinto con la compa\u00f1\u00eda de militantes, funcionarios y ediles.<\/p>\n<p>Carlos Selva, quien destac\u00f3 el rol de Eva Duarte y su pasi\u00f3n para llevar adelante la gesti\u00f3n de gobierno junto a Juan Per\u00f3n. \u201cUno modestamente ha tratado de seguir con estas premisas. Gracias a Eva y Juan Domingo entendimos que el peronismo est\u00e1 por encima de las personas. Hoy le\u00eda unas palabras de Eva en un discurso y me gustar\u00eda compartirlas: Prefiero ser Evita antes de ser la esposa del Presidente si es que ese Evita calma alg\u00fan dolor en alg\u00fan lugar de mi Patria\u201d, record\u00f3 el primer mandatario mercedino en este acto de reivindicaci\u00f3n hist\u00f3rica que se llev\u00f3 adelante en el Concejo el s\u00e1bado por la noche.<\/p>\n<p><span style=\"color: #808080;\">Fuente: Frente Renovador<\/span><\/p>\n","protected":false},"excerpt":{"rendered":"<p>El Partido Justicialista de Mercedes homenaje\u00f3 este s\u00e1bado la figura de Eva Duarte de Per\u00f3n al conmemorarse un nuevo aniversario &#8230; <a title=\"El PJ Mercedes homenaje\u00f3 a Eva Per\u00f3n\" class=\"read-more\" href=\"https:\/\/www.hoymercedes.com.ar\/principal\/2014\/07\/27\/el-pj-mercedes-homenajeo-a-eva-peron\/\" aria-label=\"Leer m\u00e1s sobre El PJ Mercedes homenaje\u00f3 a Eva Per\u00f3n\">Leer m\u00e1s<\/a><\/p>\n","protected":false},"author":2,"featured_media":0,"comment_status":"open","ping_status":"open","sticky":false,"template":"","format":"standard","meta":{"_monsterinsights_skip_tracking":false,"_monsterinsights_sitenote_active":false,"_monsterinsights_sitenote_note":"","_monsterinsights_sitenote_category":0,"jetpack_post_was_ever_published":false,"_jetpack_newsletter_access":"","_jetpack_dont_email_post_to_subs":false,"_jetpack_newsletter_tier_id":0,"_jetpack_memberships_contains_paywalled_content":false,"_jetpack_memberships_contains_paid_content":false,"footnotes":"","jetpack_publicize_message":"","jetpack_publicize_feature_enabled":true,"jetpack_social_post_already_shared":true,"jetpack_social_options":{"image_generator_settings":{"template":"highway","default_image_id":0,"font":"","enabled":false},"version":2},"_wpas_customize_per_network":false},"categories":[5],"tags":[5611,5636],"class_list":["post-34670","post","type-post","status-publish","format-standard","hentry","category-politica","tag-acto-eva-peron-2014","tag-eva-peron-mercedes","generate-columns","tablet-grid-50","mobile-grid-100","grid-parent","grid-50"],"jetpack_publicize_connections":[],"jetpack_featured_media_url":"","wps_subtitle":"En avenida 30","jetpack_sharing_enabled":true,"_links":{"self":[{"href":"https:\/\/www.hoymercedes.com.ar\/principal\/wp-json\/wp\/v2\/posts\/34670","targetHints":{"allow":["GET"]}}],"collection":[{"href":"https:\/\/www.hoymercedes.com.ar\/principal\/wp-json\/wp\/v2\/posts"}],"about":[{"href":"https:\/\/www.hoymercedes.com.ar\/principal\/wp-json\/wp\/v2\/types\/post"}],"author":[{"embeddable":true,"href":"https:\/\/www.hoymercedes.com.ar\/principal\/wp-json\/wp\/v2\/users\/2"}],"replies":[{"embeddable":true,"href":"https:\/\/www.hoymercedes.com.ar\/principal\/wp-json\/wp\/v2\/comments?post=34670"}],"version-history":[{"count":0,"href":"https:\/\/www.hoymercedes.com.ar\/principal\/wp-json\/wp\/v2\/posts\/34670\/revisions"}],"wp:attachment":[{"href":"https:\/\/www.hoymercedes.com.ar\/principal\/wp-json\/wp\/v2\/media?parent=34670"}],"wp:term":[{"taxonomy":"category","embeddable":true,"href":"https:\/\/www.hoymercedes.com.ar\/principal\/wp-json\/wp\/v2\/categories?post=34670"},{"taxonomy":"post_tag","embeddable":true,"href":"https:\/\/www.hoymercedes.com.ar\/principal\/wp-json\/wp\/v2\/tags?post=34670"}],"curies":[{"name":"wp","href":"https:\/\/api.w.org\/{rel}","templated":true}]}}