{"id":34671,"date":"2014-07-27T22:30:13","date_gmt":"2014-07-28T01:30:13","guid":{"rendered":"http:\/\/www.hoymercedes.com.ar.ar\/noticias\/?p=477"},"modified":"2014-08-08T16:08:24","modified_gmt":"2014-08-08T19:08:24","slug":"castelucci-hay-que-mantener-vigentes-los-valores-de-eva-duarte","status":"publish","type":"post","link":"https:\/\/www.hoymercedes.com.ar\/principal\/2014\/07\/27\/castelucci-hay-que-mantener-vigentes-los-valores-de-eva-duarte\/","title":{"rendered":"Castelucci: &quot;hay que mantener vigentes los valores de Eva Duarte"},"content":{"rendered":"<p><a href=\"http:\/\/www.hoymercedes.com.ar.ar\/noticias\/wp-content\/uploads\/2014\/07\/Castelucci-agrupaci\u00f3n.I1.jpg\"><img loading=\"lazy\" decoding=\"async\" class=\"Img2014 aligncenter wp-image-479 size-full\" src=\"http:\/\/www.hoymercedes.com.ar.ar\/noticias\/wp-content\/uploads\/2014\/07\/Castelucci-agrupaci\u00f3n.I1.jpg\" alt=\"Castelucci-agrupaci\u00f3n.I\" width=\"620\" height=\"349\" \/><\/a><\/p>\n<p><em><strong>El pasado 26 de Julio, en el bufet ubicado en el campo de deportes del club mercedes, el l\u00edder de la Agrupaci\u00f3n Arturo Jauretche, Mariano Castelucci, comparti\u00f3 junto a su equipo de trabajo una cena incentivando a la reflexi\u00f3n.<\/strong><\/em><\/p>\n<p>Buscando mantener presente en nuestra sociedad la importancia del trabajo y el respeto hacia las ideas ajenas, el \u00a0ex intendente interino, resalt\u00f3 el compromiso social de Eva Duarte, haciendo eje en la complementariedad en el pensamiento y accionar con Juan Domingo Per\u00f3n.<\/p>\n<p>Tambi\u00e9n, con motivo de un nuevo aniversario del fallecimiento del ex Intendente Dr. Julio Cesar Gioscio, record\u00f3 su labor<\/p>\n<p>En un clima festivo, Castelucci agradeci\u00f3 a todos los presentes por su asistencia<img loading=\"lazy\" decoding=\"async\" class=\"Img2014 aligncenter wp-image-480 size-full\" src=\"http:\/\/www.hoymercedes.com.ar.ar\/noticias\/wp-content\/uploads\/2014\/07\/castelucci-agrupaci\u00f3n.II_1.jpg\" alt=\"castelucci-agrupaci\u00f3n.II\" width=\"620\" height=\"349\" \/><\/p>\n","protected":false},"excerpt":{"rendered":"<p>El pasado 26 de Julio, en el bufet ubicado en el campo de deportes del club mercedes, el l\u00edder de &#8230; <a title=\"Castelucci: &quot;hay que mantener vigentes los valores de Eva Duarte\" class=\"read-more\" href=\"https:\/\/www.hoymercedes.com.ar\/principal\/2014\/07\/27\/castelucci-hay-que-mantener-vigentes-los-valores-de-eva-duarte\/\" aria-label=\"Leer m\u00e1s sobre Castelucci: &quot;hay que mantener vigentes los valores de Eva Duarte\">Leer m\u00e1s<\/a><\/p>\n","protected":false},"author":2,"featured_media":0,"comment_status":"open","ping_status":"open","sticky":false,"template":"","format":"standard","meta":{"_monsterinsights_skip_tracking":false,"_monsterinsights_sitenote_active":false,"_monsterinsights_sitenote_note":"","_monsterinsights_sitenote_category":0,"jetpack_post_was_ever_published":false,"_jetpack_newsletter_access":"","_jetpack_dont_email_post_to_subs":false,"_jetpack_newsletter_tier_id":0,"_jetpack_memberships_contains_paywalled_content":false,"_jetpack_memberships_contains_paid_content":false,"footnotes":"","jetpack_publicize_message":"","jetpack_publicize_feature_enabled":true,"jetpack_social_post_already_shared":true,"jetpack_social_options":{"image_generator_settings":{"template":"highway","default_image_id":0,"font":"","enabled":false},"version":2},"_wpas_customize_per_network":false},"categories":[5],"tags":[5037,513],"class_list":["post-34671","post","type-post","status-publish","format-standard","hentry","category-politica","tag-agrupacion-arturo-jauretche","tag-mariano-castelucci","generate-columns","tablet-grid-50","mobile-grid-100","grid-parent","grid-50"],"jetpack_publicize_connections":[],"jetpack_featured_media_url":"","wps_subtitle":"","jetpack_sharing_enabled":true,"_links":{"self":[{"href":"https:\/\/www.hoymercedes.com.ar\/principal\/wp-json\/wp\/v2\/posts\/34671","targetHints":{"allow":["GET"]}}],"collection":[{"href":"https:\/\/www.hoymercedes.com.ar\/principal\/wp-json\/wp\/v2\/posts"}],"about":[{"href":"https:\/\/www.hoymercedes.com.ar\/principal\/wp-json\/wp\/v2\/types\/post"}],"author":[{"embeddable":true,"href":"https:\/\/www.hoymercedes.com.ar\/principal\/wp-json\/wp\/v2\/users\/2"}],"replies":[{"embeddable":true,"href":"https:\/\/www.hoymercedes.com.ar\/principal\/wp-json\/wp\/v2\/comments?post=34671"}],"version-history":[{"count":0,"href":"https:\/\/www.hoymercedes.com.ar\/principal\/wp-json\/wp\/v2\/posts\/34671\/revisions"}],"wp:attachment":[{"href":"https:\/\/www.hoymercedes.com.ar\/principal\/wp-json\/wp\/v2\/media?parent=34671"}],"wp:term":[{"taxonomy":"category","embeddable":true,"href":"https:\/\/www.hoymercedes.com.ar\/principal\/wp-json\/wp\/v2\/categories?post=34671"},{"taxonomy":"post_tag","embeddable":true,"href":"https:\/\/www.hoymercedes.com.ar\/principal\/wp-json\/wp\/v2\/tags?post=34671"}],"curies":[{"name":"wp","href":"https:\/\/api.w.org\/{rel}","templated":true}]}}