{"id":3468,"date":"2011-04-13T21:11:29","date_gmt":"2011-04-13T21:11:29","guid":{"rendered":"http:\/\/www.hoymercedes.com.ar\/principal\/?p=3468"},"modified":"2011-04-13T21:11:53","modified_gmt":"2011-04-13T21:11:53","slug":"se-realiza-un-taller-sobre-medio-ambiente-en-el-fmpv","status":"publish","type":"post","link":"https:\/\/www.hoymercedes.com.ar\/principal\/2011\/04\/13\/se-realiza-un-taller-sobre-medio-ambiente-en-el-fmpv\/","title":{"rendered":"Se realiza un taller sobre medio ambiente en el FMPV"},"content":{"rendered":"<p>Este jueves se llevar\u00e1 a cabo a partir de las 19.00\u00a0 un taller de medio ambiente para j\u00f3venes organizado por el Frente Mercedino para la Victoria en su local de calle 25 entre 14 y 16 con la presencia de la Subsecretaria de Medio Ambiente de la Naci\u00f3n, Dra. Silvia R\u00e9vora quien junto a su equipo de colaboradores se referir\u00e1n al Programa que desde la Secretar\u00eda de Medio Ambiente y Desarrollo\u00a0 Sustentable de\u00a0 la Presidencia de la Naci\u00f3n se viene llevando a cabo.<\/p>\n<p>El programa tiene como nombre \u00abJ\u00f3venes por un Ambiente Sustentable\u00bb cuyos objetivos principales son entre otros generar espacios de encuentros para reflexionar respecto a la realidad ambiental en la que vivimos. construir de manera colectiva saberes ambientales y cooperar con el cuidado del ambiente, participar en la transformaci\u00f3n del mismo hacia uno de manera mucho m\u00e1s sustentable e instalar la dimensi\u00f3n ambiental en la agenda politica de los grupo de J\u00f3venes y del Estado.<\/p>\n<p>Desde la Subsecretaria de Planificaci\u00f3n y Pol\u00edtica Ambiental consideran que se deben abrir a la juventud espacios de participaci\u00f3n y decisi\u00f3n donde puedan tomar la palabra, ser escuchados , discutir el tema ambiental con fundamentos y de manera grupal consensuar y desarrollar\u00a0 actividades relacionadas con su realidad.<\/p>\n<p>Recordamos que la Dra Silvia R\u00e9vora es vecina de nuestra ciudad y que fue nombrada en dicho cargo no hace mucho tiempo atr\u00e1s.<\/p>\n","protected":false},"excerpt":{"rendered":"<p>Este jueves se llevar\u00e1 a cabo a partir de las 19.00\u00a0 un taller de medio ambiente para j\u00f3venes organizado por &#8230; <a title=\"Se realiza un taller sobre medio ambiente en el FMPV\" class=\"read-more\" href=\"https:\/\/www.hoymercedes.com.ar\/principal\/2011\/04\/13\/se-realiza-un-taller-sobre-medio-ambiente-en-el-fmpv\/\" aria-label=\"Leer m\u00e1s sobre Se realiza un taller sobre medio ambiente en el FMPV\">Leer m\u00e1s<\/a><\/p>\n","protected":false},"author":1,"featured_media":0,"comment_status":"open","ping_status":"open","sticky":false,"template":"","format":"standard","meta":{"_monsterinsights_skip_tracking":false,"_monsterinsights_sitenote_active":false,"_monsterinsights_sitenote_note":"","_monsterinsights_sitenote_category":0,"jetpack_post_was_ever_published":false,"_jetpack_newsletter_access":"","_jetpack_dont_email_post_to_subs":false,"_jetpack_newsletter_tier_id":0,"_jetpack_memberships_contains_paywalled_content":false,"_jetpack_memberships_contains_paid_content":false,"footnotes":"","jetpack_publicize_message":"","jetpack_publicize_feature_enabled":true,"jetpack_social_post_already_shared":false,"jetpack_social_options":{"image_generator_settings":{"template":"highway","default_image_id":0,"font":"","enabled":false},"version":2},"_wpas_customize_per_network":false},"categories":[1],"tags":[],"class_list":["post-3468","post","type-post","status-publish","format-standard","hentry","category-opinion","generate-columns","tablet-grid-50","mobile-grid-100","grid-parent","grid-50"],"jetpack_publicize_connections":[],"jetpack_featured_media_url":"","wps_subtitle":"","jetpack_sharing_enabled":true,"_links":{"self":[{"href":"https:\/\/www.hoymercedes.com.ar\/principal\/wp-json\/wp\/v2\/posts\/3468","targetHints":{"allow":["GET"]}}],"collection":[{"href":"https:\/\/www.hoymercedes.com.ar\/principal\/wp-json\/wp\/v2\/posts"}],"about":[{"href":"https:\/\/www.hoymercedes.com.ar\/principal\/wp-json\/wp\/v2\/types\/post"}],"author":[{"embeddable":true,"href":"https:\/\/www.hoymercedes.com.ar\/principal\/wp-json\/wp\/v2\/users\/1"}],"replies":[{"embeddable":true,"href":"https:\/\/www.hoymercedes.com.ar\/principal\/wp-json\/wp\/v2\/comments?post=3468"}],"version-history":[{"count":0,"href":"https:\/\/www.hoymercedes.com.ar\/principal\/wp-json\/wp\/v2\/posts\/3468\/revisions"}],"wp:attachment":[{"href":"https:\/\/www.hoymercedes.com.ar\/principal\/wp-json\/wp\/v2\/media?parent=3468"}],"wp:term":[{"taxonomy":"category","embeddable":true,"href":"https:\/\/www.hoymercedes.com.ar\/principal\/wp-json\/wp\/v2\/categories?post=3468"},{"taxonomy":"post_tag","embeddable":true,"href":"https:\/\/www.hoymercedes.com.ar\/principal\/wp-json\/wp\/v2\/tags?post=3468"}],"curies":[{"name":"wp","href":"https:\/\/api.w.org\/{rel}","templated":true}]}}