{"id":34756,"date":"2014-07-30T22:55:59","date_gmt":"2014-07-31T01:55:59","guid":{"rendered":"http:\/\/www.hoymercedes.com.ar\/principal\/?p=34756"},"modified":"2014-07-30T22:55:59","modified_gmt":"2014-07-31T01:55:59","slug":"invita-fmpv-a-charla-sobre-seguridad-vial-en-el-h-c-d","status":"publish","type":"post","link":"https:\/\/www.hoymercedes.com.ar\/principal\/2014\/07\/30\/invita-fmpv-a-charla-sobre-seguridad-vial-en-el-h-c-d\/","title":{"rendered":"Invita FMpV a charla sobre seguridad vial en el H.C.D"},"content":{"rendered":"<p><strong>El Director de Estad\u00edstica del Observatorio Vial, licenciado Pablo Rojas, dar\u00e1 este jueves 31 una charla sobre tr\u00e1nsito y seguridad vial en el recinto del Honorable Concejo Deliberante, a partir de las 18, a la que fueron invitados funcionarios, instituciones, comerciantes, especialistas locales en el tema y vecinos.<\/strong><\/p>\n<p>La llegada del licenciado Rojas es propiciada por el presidente del bloque de concejales del Frente Mercedino para la Victoria, Juan Ignacio Ustarroz.<\/p>\n<p>\u201cEntendemos que la seguridad vial y el tr\u00e1nsito es una de las preocupaciones m\u00e1s importantes de todos los vecinos, es una cuesti\u00f3n que est\u00e1 permanentemente en la agenda de todos los ciudadanos, por eso invitamos a un especialista para que nos pueda brindar asesoramiento\u201d, explic\u00f3 Juani Ustarroz.<\/p>\n<p>El Observatorio Vial, dependiente del Ministerio de Interior y Transporte de la Naci\u00f3n, lleva adelante un detallado trabajo sobre tr\u00e1nsito en todo el pa\u00eds para, a partir de estudios y an\u00e1lisis, trazar diagn\u00f3sticos que permitan solucionar los problemas existentes.<\/p>\n<p>\u201cNosotros venimos insistiendo con la necesidad de plantear un diagn\u00f3stico amplio y profundo para, despu\u00e9s, tomar las medidas adecuadas. No solo por los perjuicios que han surgido de la implementaci\u00f3n del actual sistema de estacionamiento medido, sino tambi\u00e9n por los aspectos del tr\u00e1nsito que requieren soluciones urgentes\u201d, cerr\u00f3 Ustarroz.<\/p>\n<p>&nbsp;<\/p>\n<p>&nbsp;<\/p>\n<p>&nbsp;<\/p>\n","protected":false},"excerpt":{"rendered":"<p>El Director de Estad\u00edstica del Observatorio Vial, licenciado Pablo Rojas, dar\u00e1 este jueves 31 una charla sobre tr\u00e1nsito y seguridad &#8230; <a title=\"Invita FMpV a charla sobre seguridad vial en el H.C.D\" class=\"read-more\" href=\"https:\/\/www.hoymercedes.com.ar\/principal\/2014\/07\/30\/invita-fmpv-a-charla-sobre-seguridad-vial-en-el-h-c-d\/\" aria-label=\"Leer m\u00e1s sobre Invita FMpV a charla sobre seguridad vial en el H.C.D\">Leer m\u00e1s<\/a><\/p>\n","protected":false},"author":1,"featured_media":0,"comment_status":"open","ping_status":"open","sticky":false,"template":"","format":"standard","meta":{"_monsterinsights_skip_tracking":false,"_monsterinsights_sitenote_active":false,"_monsterinsights_sitenote_note":"","_monsterinsights_sitenote_category":0,"jetpack_post_was_ever_published":false,"_jetpack_newsletter_access":"","_jetpack_dont_email_post_to_subs":false,"_jetpack_newsletter_tier_id":0,"_jetpack_memberships_contains_paywalled_content":false,"_jetpack_memberships_contains_paid_content":false,"footnotes":"","jetpack_publicize_message":"","jetpack_publicize_feature_enabled":true,"jetpack_social_post_already_shared":false,"jetpack_social_options":{"image_generator_settings":{"template":"highway","default_image_id":0,"font":"","enabled":false},"version":2},"_wpas_customize_per_network":false},"categories":[5],"tags":[5706,5707,5705],"class_list":["post-34756","post","type-post","status-publish","format-standard","hentry","category-politica","tag-director-de-estadistica-del-observatorio-vial","tag-licenciado-pablo-rojas","tag-segudiad-vial","generate-columns","tablet-grid-50","mobile-grid-100","grid-parent","grid-50"],"jetpack_publicize_connections":[],"jetpack_featured_media_url":"","wps_subtitle":"Organiza Frente Mercedino","jetpack_sharing_enabled":true,"_links":{"self":[{"href":"https:\/\/www.hoymercedes.com.ar\/principal\/wp-json\/wp\/v2\/posts\/34756","targetHints":{"allow":["GET"]}}],"collection":[{"href":"https:\/\/www.hoymercedes.com.ar\/principal\/wp-json\/wp\/v2\/posts"}],"about":[{"href":"https:\/\/www.hoymercedes.com.ar\/principal\/wp-json\/wp\/v2\/types\/post"}],"author":[{"embeddable":true,"href":"https:\/\/www.hoymercedes.com.ar\/principal\/wp-json\/wp\/v2\/users\/1"}],"replies":[{"embeddable":true,"href":"https:\/\/www.hoymercedes.com.ar\/principal\/wp-json\/wp\/v2\/comments?post=34756"}],"version-history":[{"count":0,"href":"https:\/\/www.hoymercedes.com.ar\/principal\/wp-json\/wp\/v2\/posts\/34756\/revisions"}],"wp:attachment":[{"href":"https:\/\/www.hoymercedes.com.ar\/principal\/wp-json\/wp\/v2\/media?parent=34756"}],"wp:term":[{"taxonomy":"category","embeddable":true,"href":"https:\/\/www.hoymercedes.com.ar\/principal\/wp-json\/wp\/v2\/categories?post=34756"},{"taxonomy":"post_tag","embeddable":true,"href":"https:\/\/www.hoymercedes.com.ar\/principal\/wp-json\/wp\/v2\/tags?post=34756"}],"curies":[{"name":"wp","href":"https:\/\/api.w.org\/{rel}","templated":true}]}}