{"id":34767,"date":"2014-07-30T23:49:30","date_gmt":"2014-07-31T02:49:30","guid":{"rendered":"http:\/\/www.hoymercedes.com.ar\/principal\/?p=34767"},"modified":"2014-08-08T16:11:29","modified_gmt":"2014-08-08T19:11:29","slug":"partido-obrero-difundio-y-concientizo-sobre-la-actualidad-social-del-pais","status":"publish","type":"post","link":"https:\/\/www.hoymercedes.com.ar\/principal\/2014\/07\/30\/partido-obrero-difundio-y-concientizo-sobre-la-actualidad-social-del-pais\/","title":{"rendered":"Partido Obrero difundi\u00f3 y concientiz\u00f3 sobre la actualidad social del pa\u00eds"},"content":{"rendered":"<p><a href=\"https:\/\/www.hoymercedes.com.ar\/principal\/wp-content\/uploads\/2014\/07\/PartidoObrero-I.jpg\"><img loading=\"lazy\" decoding=\"async\" data-attachment-id=\"34769\" data-permalink=\"https:\/\/www.hoymercedes.com.ar\/principal\/2014\/07\/30\/partido-obrero-difundio-y-concientizo-sobre-la-actualidad-social-del-pais\/partidoobrero-i\/#main\" data-orig-file=\"https:\/\/www.hoymercedes.com.ar\/principal\/wp-content\/uploads\/2014\/07\/PartidoObrero-I.jpg\" data-orig-size=\"620,465\" data-comments-opened=\"1\" data-image-meta=\"{&quot;aperture&quot;:&quot;0&quot;,&quot;credit&quot;:&quot;&quot;,&quot;camera&quot;:&quot;&quot;,&quot;caption&quot;:&quot;&quot;,&quot;created_timestamp&quot;:&quot;0&quot;,&quot;copyright&quot;:&quot;&quot;,&quot;focal_length&quot;:&quot;0&quot;,&quot;iso&quot;:&quot;0&quot;,&quot;shutter_speed&quot;:&quot;0&quot;,&quot;title&quot;:&quot;&quot;}\" data-image-title=\"PartidoObrero-I\" data-image-description=\"\" data-image-caption=\"\" data-large-file=\"https:\/\/www.hoymercedes.com.ar\/principal\/wp-content\/uploads\/2014\/07\/PartidoObrero-I.jpg\" class=\"Img2014 aligncenter wp-image-34769 size-full\" src=\"https:\/\/www.hoymercedes.com.ar\/principal\/wp-content\/uploads\/2014\/07\/PartidoObrero-I.jpg\" alt=\"PartidoObrero-I\" width=\"620\" height=\"465\" \/><\/a><\/p>\n<p><em><strong>El Partido Obrero de nuestra ciudad, enmarcado en el Frente de Izquierda, llev\u00f3 a cabo actividades en una ma\u00f1ana de difusi\u00f3n y formaci\u00f3n ciudadana desde la esquina de 25 y 26 donde tuvieron exposiciones y entrega de materiales gr\u00e1ficos.<\/strong><\/em><\/p>\n<p>El tema de las actuales suspensiones en grandes f\u00e1bricas, los despidos vividos en diferentes puntos del pa\u00eds y las acciones en C\u00f3rdoba, donde el Partido Obrero tiene una gran presencia entre los principales temas.<\/p>\n<p>Lear, Emfer, en recientes conflictos, fueron parte de las locuciones.<\/p>\n<p>Los principales dirigentes de nuestra ciudad estuvieron presentes.<\/p>\n<p>Cada uno de ellos tom\u00f3 la palabra en diversos momentos, buscando la ciudadan\u00eda ampl\u00ede la\u00a0conciencia del negativo impacto que tienen las pol\u00edticas desplegadas, por las empresas capitalistas, de desempleo y suspensi\u00f3n de trabajadores.<\/p>\n<p>El Partido Obrero es una fuerza que en los \u00faltimos a\u00f1os ha logrado una importante base electoral a nivel pa\u00eds logrando colocar legisladores e incluso ganando elecciones.<\/p>\n<p>Entregaron la prensa obrera y material gr\u00e1fico de c\u00f3mo vienen trabajando en la provincia de C\u00f3rdoba, as\u00ed como ideas y propuestas concretar de trabajo.<\/p>\n<p>&nbsp;<\/p>\n","protected":false},"excerpt":{"rendered":"<p>El Partido Obrero de nuestra ciudad, enmarcado en el Frente de Izquierda, llev\u00f3 a cabo actividades en una ma\u00f1ana de &#8230; <a title=\"Partido Obrero difundi\u00f3 y concientiz\u00f3 sobre la actualidad social del pa\u00eds\" class=\"read-more\" href=\"https:\/\/www.hoymercedes.com.ar\/principal\/2014\/07\/30\/partido-obrero-difundio-y-concientizo-sobre-la-actualidad-social-del-pais\/\" aria-label=\"Leer m\u00e1s sobre Partido Obrero difundi\u00f3 y concientiz\u00f3 sobre la actualidad social del pa\u00eds\">Leer m\u00e1s<\/a><\/p>\n","protected":false},"author":1,"featured_media":0,"comment_status":"open","ping_status":"open","sticky":false,"template":"","format":"standard","meta":{"_monsterinsights_skip_tracking":false,"_monsterinsights_sitenote_active":false,"_monsterinsights_sitenote_note":"","_monsterinsights_sitenote_category":0,"jetpack_post_was_ever_published":false,"_jetpack_newsletter_access":"","_jetpack_dont_email_post_to_subs":false,"_jetpack_newsletter_tier_id":0,"_jetpack_memberships_contains_paywalled_content":false,"_jetpack_memberships_contains_paid_content":false,"footnotes":"","jetpack_publicize_message":"","jetpack_publicize_feature_enabled":true,"jetpack_social_post_already_shared":false,"jetpack_social_options":{"image_generator_settings":{"template":"highway","default_image_id":0,"font":"","enabled":false},"version":2},"_wpas_customize_per_network":false},"categories":[5],"tags":[3395,1045,3574,2583,5709],"class_list":["post-34767","post","type-post","status-publish","format-standard","hentry","category-politica","tag-pablo-demarco","tag-partido-obrero","tag-patricia-bojorge","tag-walter-altavista","tag-yesica-cara","generate-columns","tablet-grid-50","mobile-grid-100","grid-parent","grid-50"],"jetpack_publicize_connections":[],"jetpack_featured_media_url":"","wps_subtitle":"Durante la ma\u00f1ana mercedina","jetpack_sharing_enabled":true,"_links":{"self":[{"href":"https:\/\/www.hoymercedes.com.ar\/principal\/wp-json\/wp\/v2\/posts\/34767","targetHints":{"allow":["GET"]}}],"collection":[{"href":"https:\/\/www.hoymercedes.com.ar\/principal\/wp-json\/wp\/v2\/posts"}],"about":[{"href":"https:\/\/www.hoymercedes.com.ar\/principal\/wp-json\/wp\/v2\/types\/post"}],"author":[{"embeddable":true,"href":"https:\/\/www.hoymercedes.com.ar\/principal\/wp-json\/wp\/v2\/users\/1"}],"replies":[{"embeddable":true,"href":"https:\/\/www.hoymercedes.com.ar\/principal\/wp-json\/wp\/v2\/comments?post=34767"}],"version-history":[{"count":0,"href":"https:\/\/www.hoymercedes.com.ar\/principal\/wp-json\/wp\/v2\/posts\/34767\/revisions"}],"wp:attachment":[{"href":"https:\/\/www.hoymercedes.com.ar\/principal\/wp-json\/wp\/v2\/media?parent=34767"}],"wp:term":[{"taxonomy":"category","embeddable":true,"href":"https:\/\/www.hoymercedes.com.ar\/principal\/wp-json\/wp\/v2\/categories?post=34767"},{"taxonomy":"post_tag","embeddable":true,"href":"https:\/\/www.hoymercedes.com.ar\/principal\/wp-json\/wp\/v2\/tags?post=34767"}],"curies":[{"name":"wp","href":"https:\/\/api.w.org\/{rel}","templated":true}]}}