{"id":3478,"date":"2011-04-14T14:37:33","date_gmt":"2011-04-14T14:37:33","guid":{"rendered":"http:\/\/www.hoymercedes.com.ar\/principal\/?p=3478"},"modified":"2011-04-14T14:37:33","modified_gmt":"2011-04-14T14:37:33","slug":"jose-cestari-presento-el-proyecto-de-gobierno-2011-2015-de-la-coalicion-civica-ari","status":"publish","type":"post","link":"https:\/\/www.hoymercedes.com.ar\/principal\/2011\/04\/14\/jose-cestari-presento-el-proyecto-de-gobierno-2011-2015-de-la-coalicion-civica-ari\/","title":{"rendered":"Jos\u00e9 Cestari presento el proyecto de gobierno 2011-2015 de la Coalici\u00f3n C\u00edvica-ARI"},"content":{"rendered":"<figure id=\"attachment_3480\" aria-describedby=\"caption-attachment-3480\" style=\"width: 290px\" class=\"wp-caption alignleft\"><a href=\"https:\/\/www.hoymercedes.com.ar\/principal\/wp-content\/uploads\/2011\/04\/josecestari.jpg\"><img loading=\"lazy\" decoding=\"async\" data-attachment-id=\"3480\" data-permalink=\"https:\/\/www.hoymercedes.com.ar\/principal\/2011\/04\/14\/jose-cestari-presento-el-proyecto-de-gobierno-2011-2015-de-la-coalicion-civica-ari\/attachment\/3480\/#main\" data-orig-file=\"https:\/\/www.hoymercedes.com.ar\/principal\/wp-content\/uploads\/2011\/04\/josecestari.jpg\" data-orig-size=\"300,225\" data-comments-opened=\"1\" data-image-meta=\"{&quot;aperture&quot;:&quot;4.9&quot;,&quot;credit&quot;:&quot;&quot;,&quot;camera&quot;:&quot;&lt;Samsung D70 \/ D75 \/ S730 \/ S750&gt;&quot;,&quot;caption&quot;:&quot;&quot;,&quot;created_timestamp&quot;:&quot;1208045209&quot;,&quot;copyright&quot;:&quot;COPYRIGHT, 2007&quot;,&quot;focal_length&quot;:&quot;17.4&quot;,&quot;iso&quot;:&quot;100&quot;,&quot;shutter_speed&quot;:&quot;0.011111111111111&quot;,&quot;title&quot;:&quot;&lt;Samsung D70 \/ D75 \/ S730 \/ S750&gt;&quot;}\" data-image-title=\"jos\u00e9 cestari\" data-image-description=\"&lt;p&gt;Jos\u00e9 Cestari&lt;\/p&gt;\n\" data-image-caption=\"&lt;p&gt;Jos\u00e9 Cestari&lt;\/p&gt;\n\" data-large-file=\"https:\/\/www.hoymercedes.com.ar\/principal\/wp-content\/uploads\/2011\/04\/josecestari.jpg\" class=\"size-full wp-image-3480\" title=\"jos\u00e9 cestari\" src=\"https:\/\/www.hoymercedes.com.ar\/principal\/wp-content\/uploads\/2011\/04\/josecestari.jpg\" alt=\"\" width=\"300\" height=\"225\" \/><\/a><figcaption id=\"caption-attachment-3480\" class=\"wp-caption-text\">Jos\u00e9 Cestari<\/figcaption><\/figure>\n<p>Tal como se hab\u00eda anunciado, la Coalici\u00f3n C\u00edvica Ari de Mercedes, en su local partidario de calle 18 entre 17 y 19, hizo p\u00fablico el proyecto de gobierno denominado  participativo que elaboraron pensando el el per\u00edodo 2011-2015<\/p>\n<p>El Profesor Jos\u00e9 Cestari afirm\u00f3 entre diversos puntos que <em>\u00abdurante los\u00a0\u00faltimos\u00a010 a\u00f1os de trabajo de nuestro Partido hemos mostrado coherencia, no solo enunciando nuestros principios b\u00e1sicos de \u00e9tica, la Rep\u00fablica y la distribuci\u00f3n del ingreso, sino en la pr\u00e1ctica, de ah\u00ed que \u00a0creemos es la forma de cambiar y mejorar la pol\u00edtica.\u00bb<\/em><\/p>\n<p>M\u00e1s adelante sostuvo: <em>\u00abpresentamos el proyecto de gobierno. Nos demand\u00f3 mucho esfuerzo, es participativo ya que la gente puede consultar nuestras propuestas en www.coalici\u00f3nmercedes.com.ar\/foro, y as\u00ed opinar y sugerir alternativas.\u00bb<\/em><\/p>\n<p>Naturalmente\u00a0se di\u00f3 un momento para hablar sobre el escenario pol\u00edtico local manifestando: <em>\u00abEl PJ FPV presenta diferentes actores, todos mantienen las mismas pr\u00e1cticas para mantener a los pobres de rehenes electorales. Nosotros adherimos al concepto de ascenso social de las clases m\u00e1s pobres, buscamos y queremos una sociedad de clase media con una verdadera inclusi\u00f3n.\u00a0Deseamos transformar Mercedes para que sea una ciudad donde se respeten los derechos de los ciudadanos, se respete la limpieza, la seguridad, educaci\u00f3n y tr\u00e1nsito ordenado, donde los barrios tengan accesos importantes, y una generaci\u00f3n de empleo genuino, que el Municipio preste servicios eficientemente, que existan proyectos para los j\u00f3venes y los ancianos tengan certidumbre y bienestar. Todo esto sin corrupci\u00f3n, con transparencia y honestidad.\u00bb<\/em><\/p>\n<p><em>\u00abComo concejales hemos escuchado a los vecinos plasmando en proyectos sus necesidades. Somos la alternativa al gobierno Selvista, al que le hemos marcado la agenda de los temas prioritarios. No somos improvisados. Nos preparamos para gobernar a partir del 10 de diciembre de 2011, porque tenemos autoridad moral y no haremos a la gente lo que no nos gusta que nos hagan como ciudadanos.\u00bb<\/em><\/p>\n<p>D\u00e9bora Lacasa concejal de la fuerza mostr\u00f3 los tres ejes del programa de gobierno: Pol\u00edtico, Social y Econ\u00f3mico \u00a0y para finalizar\u00a0el concejal Jorge Retegui confirm\u00f3 lo manifestado en oportunidad   del \u00faltimo Congreso Partidario, \u00ab<em>Tenemos candidatos: a presidente Lilita Carrio,  Vicepresidente Adri\u00e1n P\u00e9rez, a  gobernador Juan Carlos Mor+an  y a Intendente de Mercedes a  Jos\u00e9 Cestari, es decir que  tenemos propuestas en todos los niveles de gobierno\u00bb<\/em><\/p>\n","protected":false},"excerpt":{"rendered":"<p>Tal como se hab\u00eda anunciado, la Coalici\u00f3n C\u00edvica Ari de Mercedes, en su local partidario de calle 18 entre 17 &#8230; <a title=\"Jos\u00e9 Cestari presento el proyecto de gobierno 2011-2015 de la Coalici\u00f3n C\u00edvica-ARI\" class=\"read-more\" href=\"https:\/\/www.hoymercedes.com.ar\/principal\/2011\/04\/14\/jose-cestari-presento-el-proyecto-de-gobierno-2011-2015-de-la-coalicion-civica-ari\/\" aria-label=\"Leer m\u00e1s sobre Jos\u00e9 Cestari presento el proyecto de gobierno 2011-2015 de la Coalici\u00f3n C\u00edvica-ARI\">Leer m\u00e1s<\/a><\/p>\n","protected":false},"author":1,"featured_media":0,"comment_status":"open","ping_status":"open","sticky":false,"template":"","format":"standard","meta":{"_monsterinsights_skip_tracking":false,"_monsterinsights_sitenote_active":false,"_monsterinsights_sitenote_note":"","_monsterinsights_sitenote_category":0,"jetpack_post_was_ever_published":false,"_jetpack_newsletter_access":"","_jetpack_dont_email_post_to_subs":false,"_jetpack_newsletter_tier_id":0,"_jetpack_memberships_contains_paywalled_content":false,"_jetpack_memberships_contains_paid_content":false,"footnotes":"","jetpack_publicize_message":"","jetpack_publicize_feature_enabled":true,"jetpack_social_post_already_shared":false,"jetpack_social_options":{"image_generator_settings":{"template":"highway","default_image_id":0,"font":"","enabled":false},"version":2},"_wpas_customize_per_network":false},"categories":[5],"tags":[671,672,200,321],"class_list":["post-3478","post","type-post","status-publish","format-standard","hentry","category-politica","tag-ari-mercedes","tag-candidatos-a-intendente-mercedes","tag-coalicion-civica-mercedes","tag-jose-cestari","generate-columns","tablet-grid-50","mobile-grid-100","grid-parent","grid-50"],"jetpack_publicize_connections":[],"jetpack_featured_media_url":"","wps_subtitle":"","jetpack_sharing_enabled":true,"_links":{"self":[{"href":"https:\/\/www.hoymercedes.com.ar\/principal\/wp-json\/wp\/v2\/posts\/3478","targetHints":{"allow":["GET"]}}],"collection":[{"href":"https:\/\/www.hoymercedes.com.ar\/principal\/wp-json\/wp\/v2\/posts"}],"about":[{"href":"https:\/\/www.hoymercedes.com.ar\/principal\/wp-json\/wp\/v2\/types\/post"}],"author":[{"embeddable":true,"href":"https:\/\/www.hoymercedes.com.ar\/principal\/wp-json\/wp\/v2\/users\/1"}],"replies":[{"embeddable":true,"href":"https:\/\/www.hoymercedes.com.ar\/principal\/wp-json\/wp\/v2\/comments?post=3478"}],"version-history":[{"count":0,"href":"https:\/\/www.hoymercedes.com.ar\/principal\/wp-json\/wp\/v2\/posts\/3478\/revisions"}],"wp:attachment":[{"href":"https:\/\/www.hoymercedes.com.ar\/principal\/wp-json\/wp\/v2\/media?parent=3478"}],"wp:term":[{"taxonomy":"category","embeddable":true,"href":"https:\/\/www.hoymercedes.com.ar\/principal\/wp-json\/wp\/v2\/categories?post=3478"},{"taxonomy":"post_tag","embeddable":true,"href":"https:\/\/www.hoymercedes.com.ar\/principal\/wp-json\/wp\/v2\/tags?post=3478"}],"curies":[{"name":"wp","href":"https:\/\/api.w.org\/{rel}","templated":true}]}}