{"id":34801,"date":"2014-07-31T20:29:06","date_gmt":"2014-07-31T23:29:06","guid":{"rendered":"http:\/\/www.hoymercedes.com.ar\/principal\/?p=34801"},"modified":"2014-07-31T20:29:06","modified_gmt":"2014-07-31T23:29:06","slug":"cestari-estamos-en-desacuerdo-con-la-ampliacion-del-estacionamiento-medido","status":"publish","type":"post","link":"https:\/\/www.hoymercedes.com.ar\/principal\/2014\/07\/31\/cestari-estamos-en-desacuerdo-con-la-ampliacion-del-estacionamiento-medido\/","title":{"rendered":"Cestari: \u201cestamos en desacuerdo con la ampliaci\u00f3n del Estacionamiento Medido\u201d"},"content":{"rendered":"<p><a href=\"https:\/\/www.hoymercedes.com.ar\/principal\/wp-content\/uploads\/2014\/07\/Cestari-Badano1.jpg\"><img loading=\"lazy\" decoding=\"async\" data-attachment-id=\"34802\" data-permalink=\"https:\/\/www.hoymercedes.com.ar\/principal\/2014\/07\/31\/cestari-estamos-en-desacuerdo-con-la-ampliacion-del-estacionamiento-medido\/cestari-badano-2\/#main\" data-orig-file=\"https:\/\/www.hoymercedes.com.ar\/principal\/wp-content\/uploads\/2014\/07\/Cestari-Badano1.jpg\" data-orig-size=\"620,413\" data-comments-opened=\"1\" data-image-meta=\"{&quot;aperture&quot;:&quot;0&quot;,&quot;credit&quot;:&quot;&quot;,&quot;camera&quot;:&quot;&quot;,&quot;caption&quot;:&quot;&quot;,&quot;created_timestamp&quot;:&quot;0&quot;,&quot;copyright&quot;:&quot;&quot;,&quot;focal_length&quot;:&quot;0&quot;,&quot;iso&quot;:&quot;0&quot;,&quot;shutter_speed&quot;:&quot;0&quot;,&quot;title&quot;:&quot;&quot;}\" data-image-title=\"Cestari-Badano\" data-image-description=\"\" data-image-caption=\"\" data-large-file=\"https:\/\/www.hoymercedes.com.ar\/principal\/wp-content\/uploads\/2014\/07\/Cestari-Badano1.jpg\" class=\"Img2014 aligncenter wp-image-34802 size-full\" src=\"https:\/\/www.hoymercedes.com.ar\/principal\/wp-content\/uploads\/2014\/07\/Cestari-Badano1.jpg\" alt=\"Cestari-Badano\" width=\"620\" height=\"413\" \/><\/a><\/p>\n<p><em><strong>Jos\u00e9 Cestari y Juan Carlos Badano, desde el MIC, estuvieron efectuando una evaluaci\u00f3n del recorrido hist\u00f3rico del estacionamiento medido en Mercedes y la \u00faltima presentaci\u00f3n efectuada por el Departamento Ejecutivo. Los ediles, que forman un bloque en el Cuerpo Deliberativo, adelantan que no acompa\u00f1ar\u00e1n el proyecto tal y como est\u00e1 presentado. Solicitar\u00e1n modificaciones.<\/strong><\/em><\/p>\n<p>En di\u00e1logo con HoyMercedes\u00a0Jos\u00e9 Cestari manifest\u00f3: \u201cEn la \u00faltima sesi\u00f3n tuvimos el veto del\u00a0 intendente sobre la reducci\u00f3n que hicimos del horario del estacionamiento los d\u00edas de semana. Ahora env\u00eda una nueva ordenanza donde el art\u00edculo 1 que apunta a la ampliaci\u00f3n ya nos presenta un aspecto de desacuerdo. En el 2 nos encontramos que quiere eliminar el d\u00eda s\u00e1bado, ante ello estamos de acuerdo, y en el tercero ampl\u00eda la prohibici\u00f3n de estacionar en la izquierda, ac\u00e1 tampoco estamos de acuerdo porque hoy en d\u00eda no existe ninguna ordenanza que proh\u00edba el estacionamiento sobre mano izquierda en el \u00e1rea de estacionamiento medido seg\u00fan las diversas ordenanzas que vimos.\u201d<\/p>\n<p>Cestari tambi\u00e9n alert\u00f3 a la ciudadan\u00eda. Coment\u00f3 que no pague multas sin tener en claro c\u00f3mo fueron los hechos, que puede haber arbitrariedad y sugiri\u00f3 a la poblaci\u00f3n que cuando va a su veh\u00edculo y se encuentre con una multa saque una foto de c\u00f3mo es la situaci\u00f3n o convoque un testigo, porque, se puede apelar a un punto de ordenanza inexistente o a carteles que no est\u00e1n abalados por una legislaci\u00f3n.<\/p>\n<p>El m\u00e1ximo referente del MIC manifest\u00f3: \u201cA la gente se la est\u00e1 multando porque estaciona en lugares donde dice un cartel prohibido estacionar, que puede ser un garaje por ejemplo, donde debe estar abalado por una legislaci\u00f3n. Hay un vac\u00edo jur\u00eddico importante. Nosotros apuntamos a mejorar el tr\u00e1nsito y esto en realidad \u00a0no est\u00e1 mejorando, los fines siguen siendo meramente recaudatorios.\u201d<\/p>\n<p>El MIC a su vez se encuentra trabajando en diversos proyectos, como varios sobre seguridad vial y colocaci\u00f3n de sem\u00e1foros.<\/p>\n<p>Sobre el tema concreto del estacionamiento medido cerr\u00f3 el asunto definitivamente el MIC afirmando que al momento de tratar el tema: \u201cVamos a acompa\u00f1ar s\u00f3lo un art\u00edculo y pidiendo modificaci\u00f3n de otro. O directamente con un despacho a parte, no en estas condiciones hoy presentadas y en comisi\u00f3n porque no nos parecen reflejen la realidad de la ciudad y sus necesidades.\u201d<\/p>\n<p><strong>Proyecto presentado por el ejecutivo<\/strong><\/p>\n<p>&nbsp;<\/p>\n<div class=\"issuuembed\" style=\"width: 620px; height: 876px;\" data-configid=\"5622510\/8783144\"><\/div>\n<p><script src=\"\/\/e.issuu.com\/embed.js\" async=\"true\"><\/script><\/p>\n","protected":false},"excerpt":{"rendered":"<p>Jos\u00e9 Cestari y Juan Carlos Badano, desde el MIC, estuvieron efectuando una evaluaci\u00f3n del recorrido hist\u00f3rico del estacionamiento medido en &#8230; <a title=\"Cestari: \u201cestamos en desacuerdo con la ampliaci\u00f3n del Estacionamiento Medido\u201d\" class=\"read-more\" href=\"https:\/\/www.hoymercedes.com.ar\/principal\/2014\/07\/31\/cestari-estamos-en-desacuerdo-con-la-ampliacion-del-estacionamiento-medido\/\" aria-label=\"Leer m\u00e1s sobre Cestari: \u201cestamos en desacuerdo con la ampliaci\u00f3n del Estacionamiento Medido\u201d\">Leer m\u00e1s<\/a><\/p>\n","protected":false},"author":1,"featured_media":0,"comment_status":"open","ping_status":"open","sticky":false,"template":"","format":"standard","meta":{"_monsterinsights_skip_tracking":false,"_monsterinsights_sitenote_active":false,"_monsterinsights_sitenote_note":"","_monsterinsights_sitenote_category":0,"jetpack_post_was_ever_published":false,"_jetpack_newsletter_access":"","_jetpack_dont_email_post_to_subs":false,"_jetpack_newsletter_tier_id":0,"_jetpack_memberships_contains_paywalled_content":false,"_jetpack_memberships_contains_paid_content":false,"footnotes":"","jetpack_publicize_message":"","jetpack_publicize_feature_enabled":true,"jetpack_social_post_already_shared":false,"jetpack_social_options":{"image_generator_settings":{"template":"highway","default_image_id":0,"font":"","enabled":false},"version":2},"_wpas_customize_per_network":false},"categories":[5],"tags":[5030,321,1956],"class_list":["post-34801","post","type-post","status-publish","format-standard","hentry","category-politica","tag-estacionamiento-medido","tag-jose-cestari","tag-mic-mercedes","generate-columns","tablet-grid-50","mobile-grid-100","grid-parent","grid-50"],"jetpack_publicize_connections":[],"jetpack_featured_media_url":"","wps_subtitle":"Alerta sobre multas que no corresponder\u00edan","jetpack_sharing_enabled":true,"_links":{"self":[{"href":"https:\/\/www.hoymercedes.com.ar\/principal\/wp-json\/wp\/v2\/posts\/34801","targetHints":{"allow":["GET"]}}],"collection":[{"href":"https:\/\/www.hoymercedes.com.ar\/principal\/wp-json\/wp\/v2\/posts"}],"about":[{"href":"https:\/\/www.hoymercedes.com.ar\/principal\/wp-json\/wp\/v2\/types\/post"}],"author":[{"embeddable":true,"href":"https:\/\/www.hoymercedes.com.ar\/principal\/wp-json\/wp\/v2\/users\/1"}],"replies":[{"embeddable":true,"href":"https:\/\/www.hoymercedes.com.ar\/principal\/wp-json\/wp\/v2\/comments?post=34801"}],"version-history":[{"count":0,"href":"https:\/\/www.hoymercedes.com.ar\/principal\/wp-json\/wp\/v2\/posts\/34801\/revisions"}],"wp:attachment":[{"href":"https:\/\/www.hoymercedes.com.ar\/principal\/wp-json\/wp\/v2\/media?parent=34801"}],"wp:term":[{"taxonomy":"category","embeddable":true,"href":"https:\/\/www.hoymercedes.com.ar\/principal\/wp-json\/wp\/v2\/categories?post=34801"},{"taxonomy":"post_tag","embeddable":true,"href":"https:\/\/www.hoymercedes.com.ar\/principal\/wp-json\/wp\/v2\/tags?post=34801"}],"curies":[{"name":"wp","href":"https:\/\/api.w.org\/{rel}","templated":true}]}}