{"id":34839,"date":"2014-08-02T22:19:37","date_gmt":"2014-08-03T01:19:37","guid":{"rendered":"http:\/\/www.hoymercedes.com.ar\/principal\/?p=34839"},"modified":"2014-08-02T22:19:37","modified_gmt":"2014-08-03T01:19:37","slug":"mic-mercedes-apoya-candidatura-de-macri-como-presidente","status":"publish","type":"post","link":"https:\/\/www.hoymercedes.com.ar\/principal\/2014\/08\/02\/mic-mercedes-apoya-candidatura-de-macri-como-presidente\/","title":{"rendered":"MIC Mercedes apoya candidatura de Macri como Presidente"},"content":{"rendered":"<p><a href=\"https:\/\/www.hoymercedes.com.ar\/principal\/wp-content\/uploads\/2014\/08\/MIC-PRO-I.jpg\"><img loading=\"lazy\" decoding=\"async\" data-attachment-id=\"34842\" data-permalink=\"https:\/\/www.hoymercedes.com.ar\/principal\/2014\/08\/02\/mic-mercedes-apoya-candidatura-de-macri-como-presidente\/mic-pro-i-2\/#main\" data-orig-file=\"https:\/\/www.hoymercedes.com.ar\/principal\/wp-content\/uploads\/2014\/08\/MIC-PRO-I.jpg\" data-orig-size=\"620,292\" data-comments-opened=\"1\" data-image-meta=\"{&quot;aperture&quot;:&quot;0&quot;,&quot;credit&quot;:&quot;&quot;,&quot;camera&quot;:&quot;&quot;,&quot;caption&quot;:&quot;&quot;,&quot;created_timestamp&quot;:&quot;0&quot;,&quot;copyright&quot;:&quot;&quot;,&quot;focal_length&quot;:&quot;0&quot;,&quot;iso&quot;:&quot;0&quot;,&quot;shutter_speed&quot;:&quot;0&quot;,&quot;title&quot;:&quot;&quot;}\" data-image-title=\"MIC-PRO-I\" data-image-description=\"\" data-image-caption=\"\" data-large-file=\"https:\/\/www.hoymercedes.com.ar\/principal\/wp-content\/uploads\/2014\/08\/MIC-PRO-I.jpg\" class=\"Img2014 aligncenter wp-image-34842 size-full\" src=\"https:\/\/www.hoymercedes.com.ar\/principal\/wp-content\/uploads\/2014\/08\/MIC-PRO-I.jpg\" alt=\"MIC-PRO-I\" width=\"620\" height=\"292\" \/><\/a><\/p>\n<p><em><strong>El s\u00e1bado 2 de agosto, el MIC en la esquina de calles 22 y 25, con la participaci\u00f3n de los concejales Jos\u00e9 Cestari y Juan Carlos Badano, militantes y fundamentalmente la juventud se sumaron a la acci\u00f3n a nivel nacional del PRO con m\u00e1s de 1.000 puestos repartidos en todo el pa\u00eds. Desde esta agrupaci\u00f3n pol\u00edtica Vecinal apoyan la gesti\u00f3n de gobierno que ha realizado Mauricio Macri en la Ciudad Aut\u00f3noma de Buenos Aires.<\/strong><\/em><\/p>\n<p>Asimismo, el MIC, sigue llevando a cabo diferentes campa\u00f1as:<\/p>\n<p>1) Junta de juguetes nuevos o usados en buen estado para entregar en nombre de los mercedinos el pr\u00f3ximo 10 de agosto d\u00eda del ni\u00f1o.<\/p>\n<p>2) Junta de tapitas de pl\u00e1stico para la Escuela Primaria Rural N\u00b0 26.<\/p>\n<p>3) Anotando personas que quieran terminar la secundaria.<\/p>\n<p><img loading=\"lazy\" decoding=\"async\" data-attachment-id=\"34843\" data-permalink=\"https:\/\/www.hoymercedes.com.ar\/principal\/2014\/08\/02\/mic-mercedes-apoya-candidatura-de-macri-como-presidente\/mic-pro-ii-2\/#main\" data-orig-file=\"https:\/\/www.hoymercedes.com.ar\/principal\/wp-content\/uploads\/2014\/08\/MIC-PRO-II.jpg\" data-orig-size=\"620,349\" data-comments-opened=\"1\" data-image-meta=\"{&quot;aperture&quot;:&quot;0&quot;,&quot;credit&quot;:&quot;&quot;,&quot;camera&quot;:&quot;&quot;,&quot;caption&quot;:&quot;&quot;,&quot;created_timestamp&quot;:&quot;0&quot;,&quot;copyright&quot;:&quot;&quot;,&quot;focal_length&quot;:&quot;0&quot;,&quot;iso&quot;:&quot;0&quot;,&quot;shutter_speed&quot;:&quot;0&quot;,&quot;title&quot;:&quot;&quot;}\" data-image-title=\"MIC-PRO-II\" data-image-description=\"\" data-image-caption=\"\" data-large-file=\"https:\/\/www.hoymercedes.com.ar\/principal\/wp-content\/uploads\/2014\/08\/MIC-PRO-II.jpg\" class=\"Img2014 aligncenter wp-image-34843 size-full\" src=\"https:\/\/www.hoymercedes.com.ar\/principal\/wp-content\/uploads\/2014\/08\/MIC-PRO-II.jpg\" alt=\"MIC-PRO-II\" width=\"620\" height=\"349\" \/><\/p>\n","protected":false},"excerpt":{"rendered":"<p>El s\u00e1bado 2 de agosto, el MIC en la esquina de calles 22 y 25, con la participaci\u00f3n de los &#8230; <a title=\"MIC Mercedes apoya candidatura de Macri como Presidente\" class=\"read-more\" href=\"https:\/\/www.hoymercedes.com.ar\/principal\/2014\/08\/02\/mic-mercedes-apoya-candidatura-de-macri-como-presidente\/\" aria-label=\"Leer m\u00e1s sobre MIC Mercedes apoya candidatura de Macri como Presidente\">Leer m\u00e1s<\/a><\/p>\n","protected":false},"author":1,"featured_media":0,"comment_status":"open","ping_status":"open","sticky":false,"template":"","format":"standard","meta":{"_monsterinsights_skip_tracking":false,"_monsterinsights_sitenote_active":false,"_monsterinsights_sitenote_note":"","_monsterinsights_sitenote_category":0,"jetpack_post_was_ever_published":false,"_jetpack_newsletter_access":"","_jetpack_dont_email_post_to_subs":false,"_jetpack_newsletter_tier_id":0,"_jetpack_memberships_contains_paywalled_content":false,"_jetpack_memberships_contains_paid_content":false,"footnotes":"","jetpack_publicize_message":"","jetpack_publicize_feature_enabled":true,"jetpack_social_post_already_shared":false,"jetpack_social_options":{"image_generator_settings":{"template":"highway","default_image_id":0,"font":"","enabled":false},"version":2},"_wpas_customize_per_network":false},"categories":[5],"tags":[5725,1956,5233,2185],"class_list":["post-34839","post","type-post","status-publish","format-standard","hentry","category-politica","tag-mic-macri","tag-mic-mercedes","tag-mic-pro","tag-pro-mercedes","generate-columns","tablet-grid-50","mobile-grid-100","grid-parent","grid-50"],"jetpack_publicize_connections":[],"jetpack_featured_media_url":"","wps_subtitle":"Mirando el 2015","jetpack_sharing_enabled":true,"_links":{"self":[{"href":"https:\/\/www.hoymercedes.com.ar\/principal\/wp-json\/wp\/v2\/posts\/34839","targetHints":{"allow":["GET"]}}],"collection":[{"href":"https:\/\/www.hoymercedes.com.ar\/principal\/wp-json\/wp\/v2\/posts"}],"about":[{"href":"https:\/\/www.hoymercedes.com.ar\/principal\/wp-json\/wp\/v2\/types\/post"}],"author":[{"embeddable":true,"href":"https:\/\/www.hoymercedes.com.ar\/principal\/wp-json\/wp\/v2\/users\/1"}],"replies":[{"embeddable":true,"href":"https:\/\/www.hoymercedes.com.ar\/principal\/wp-json\/wp\/v2\/comments?post=34839"}],"version-history":[{"count":0,"href":"https:\/\/www.hoymercedes.com.ar\/principal\/wp-json\/wp\/v2\/posts\/34839\/revisions"}],"wp:attachment":[{"href":"https:\/\/www.hoymercedes.com.ar\/principal\/wp-json\/wp\/v2\/media?parent=34839"}],"wp:term":[{"taxonomy":"category","embeddable":true,"href":"https:\/\/www.hoymercedes.com.ar\/principal\/wp-json\/wp\/v2\/categories?post=34839"},{"taxonomy":"post_tag","embeddable":true,"href":"https:\/\/www.hoymercedes.com.ar\/principal\/wp-json\/wp\/v2\/tags?post=34839"}],"curies":[{"name":"wp","href":"https:\/\/api.w.org\/{rel}","templated":true}]}}