{"id":3485,"date":"2011-04-14T14:42:34","date_gmt":"2011-04-14T14:42:34","guid":{"rendered":"http:\/\/www.hoymercedes.com.ar\/principal\/?p=3485"},"modified":"2011-04-14T14:42:34","modified_gmt":"2011-04-14T14:42:34","slug":"proyecto-sur-ojala-no-solo-sea-campana","status":"publish","type":"post","link":"https:\/\/www.hoymercedes.com.ar\/principal\/2011\/04\/14\/proyecto-sur-ojala-no-solo-sea-campana\/","title":{"rendered":"Proyecto Sur: Ojala no solo sea campa\u00f1a"},"content":{"rendered":"<figure id=\"attachment_1893\" aria-describedby=\"caption-attachment-1893\" style=\"width: 188px\" class=\"wp-caption alignleft\"><a href=\"https:\/\/www.hoymercedes.com.ar\/principal\/wp-content\/uploads\/2011\/01\/logoproyectosur.gif\"><img loading=\"lazy\" decoding=\"async\" data-attachment-id=\"1893\" data-permalink=\"https:\/\/www.hoymercedes.com.ar\/principal\/2011\/01\/30\/proyecto-sur-mercedes-dice-no-a-la-baja-de-la-imputabilidad-a-menores\/logoproyectosur\/#main\" data-orig-file=\"https:\/\/www.hoymercedes.com.ar\/principal\/wp-content\/uploads\/2011\/01\/logoproyectosur.gif\" data-orig-size=\"283,283\" data-comments-opened=\"1\" data-image-meta=\"{&quot;aperture&quot;:&quot;0&quot;,&quot;credit&quot;:&quot;&quot;,&quot;camera&quot;:&quot;&quot;,&quot;caption&quot;:&quot;&quot;,&quot;created_timestamp&quot;:&quot;0&quot;,&quot;copyright&quot;:&quot;&quot;,&quot;focal_length&quot;:&quot;0&quot;,&quot;iso&quot;:&quot;0&quot;,&quot;shutter_speed&quot;:&quot;0&quot;,&quot;title&quot;:&quot;&quot;}\" data-image-title=\"logoproyectosur\" data-image-description=\"&lt;p&gt;Proyecto Sur&lt;\/p&gt;\n\" data-image-caption=\"&lt;p&gt;Proyecto Sur&lt;\/p&gt;\n\" data-large-file=\"https:\/\/www.hoymercedes.com.ar\/principal\/wp-content\/uploads\/2011\/01\/logoproyectosur.gif\" class=\"size-full wp-image-1893\" title=\"Proyecto Sur Mercedes\" src=\"https:\/\/www.hoymercedes.com.ar\/principal\/wp-content\/uploads\/2011\/01\/logoproyectosur.gif\" alt=\"\" width=\"198\" height=\"198\" \/><\/a><figcaption id=\"caption-attachment-1893\" class=\"wp-caption-text\">Proyecto Sur Mercedes<\/figcaption><\/figure>\n<p>Desde el Movimiento Proyecto Sur Mercedes (Partido Proyecto Sur, Partido Socialista, Partido Socialista Autentico y MST) queremos saludar con agrado la iniciativa tomada por los concejales de la CC-Ari de Mercedes, la cual consta de la presentaci\u00f3n en el HCD de un proyecto de separaci\u00f3n domiciliaria de residuos s\u00f3lidos urbanos. No obstante, queremos informar a la comunidad mercedina y en particular a los autores del reciente proyecto, que desde nuestro espacio hemos presentado un proyecto de las mismas caracter\u00edsticas ante el HCD durante los primeros meses del 2010, con la diferencia que para fundamentar correctamente realizamos un trabajo de campo durante mas de un mes, al que denominamos \u201cComencemos por Casa\u201d, el cual se llev\u00f3 adelante en una zona cercana a la Casa del Pueblo, abarcando seis manzanas que van desde calle 20 a 26 y desde 33 a 37, con un total de 24 cuadras, y con la intervenci\u00f3n de las familias a quienes se les ofreci\u00f3 participar en la separaci\u00f3n de pl\u00e1sticos, vidrios y latas, a trav\u00e9s de un folleto explicativo, residuos que luego fueron recogidos por los militantes en diferentes d\u00edas y horarios. Luego los organizadores de la iniciativa analizaron los datos del trabajo que arroj\u00f3 como resultado el siguiente: de las noventa casas que se visitaron el 66,66% particip\u00f3 afirmativamente, el 25,56% no han sido encontrados en sus casas o eran casas desocupadas y s\u00f3lo el 7,78% de los visitados no quiso participar. Durante el desarrollo de la prueba pudimos observar c\u00f3mo los vecinos se sent\u00edan comprometidos y a su vez c\u00f3mo se fueron sumando todos aquellos que por distintas razones no hab\u00edan participado desde el comienzo y se fueron enterando de lo que se estaba realizando, como as\u00ed tambi\u00e9n personas de otros barrios quienes nos propusieron realizar la misma prueba con sus vecinos, lo cual nos encontramos organizando.<\/p>\n<p>Insistimos en la alegr\u00eda que nos produce saber que tambi\u00e9n otras fuerzas pol\u00edticas se interesan en el tema, lo que nos llama la atenci\u00f3n es que contando con presencia dentro del concejo y ante el inter\u00e9s sobre el tema, no est\u00e9n al tanto del proyecto presentado oportunamente, inclusive, durante la organizaci\u00f3n y participaci\u00f3n en la Asamblea Ambiental de Mercedes hemos hablado en reiteradas ocasiones sobre la necesidad de seguir el tramite este proyecto entre militantes de ambas fuerzas.<\/p>\n<p>Por ultimo, queremos manifestarnos sobre la necesidad de continuar la lucha ambiental desde distintos espacios y sobre diferentes tem\u00e1ticas, como lo venimos realizando desde los inicios de nuestro movimiento, sea en a\u00f1o electoral o no, con posturas claras respecto a la contaminaci\u00f3n tanto a nivel local como nacional, apostando a un proyecto pol\u00edtico que no se contradiga y se mantenga en sus posturas, esperanzados en que todos quienes hoy manifiestan su inter\u00e9s en la tem\u00e1tica no lo hagan solo como eslogan de campa\u00f1a<\/p>\n<p><span style=\"color: #888888;\">Fuente: Proyecto Sur<\/span><\/p>\n","protected":false},"excerpt":{"rendered":"<p>Desde el Movimiento Proyecto Sur Mercedes (Partido Proyecto Sur, Partido Socialista, Partido Socialista Autentico y MST) queremos saludar con agrado &#8230; <a title=\"Proyecto Sur: Ojala no solo sea campa\u00f1a\" class=\"read-more\" href=\"https:\/\/www.hoymercedes.com.ar\/principal\/2011\/04\/14\/proyecto-sur-ojala-no-solo-sea-campana\/\" aria-label=\"Leer m\u00e1s sobre Proyecto Sur: Ojala no solo sea campa\u00f1a\">Leer m\u00e1s<\/a><\/p>\n","protected":false},"author":1,"featured_media":0,"comment_status":"open","ping_status":"open","sticky":false,"template":"","format":"standard","meta":{"_monsterinsights_skip_tracking":false,"_monsterinsights_sitenote_active":false,"_monsterinsights_sitenote_note":"","_monsterinsights_sitenote_category":0,"jetpack_post_was_ever_published":false,"_jetpack_newsletter_access":"","_jetpack_dont_email_post_to_subs":false,"_jetpack_newsletter_tier_id":0,"_jetpack_memberships_contains_paywalled_content":false,"_jetpack_memberships_contains_paid_content":false,"footnotes":"","jetpack_publicize_message":"","jetpack_publicize_feature_enabled":true,"jetpack_social_post_already_shared":false,"jetpack_social_options":{"image_generator_settings":{"template":"highway","default_image_id":0,"font":"","enabled":false},"version":2},"_wpas_customize_per_network":false},"categories":[5],"tags":[109],"class_list":["post-3485","post","type-post","status-publish","format-standard","hentry","category-politica","tag-proyecto-sur-mercedes","generate-columns","tablet-grid-50","mobile-grid-100","grid-parent","grid-50"],"jetpack_publicize_connections":[],"jetpack_featured_media_url":"","wps_subtitle":"","jetpack_sharing_enabled":true,"_links":{"self":[{"href":"https:\/\/www.hoymercedes.com.ar\/principal\/wp-json\/wp\/v2\/posts\/3485","targetHints":{"allow":["GET"]}}],"collection":[{"href":"https:\/\/www.hoymercedes.com.ar\/principal\/wp-json\/wp\/v2\/posts"}],"about":[{"href":"https:\/\/www.hoymercedes.com.ar\/principal\/wp-json\/wp\/v2\/types\/post"}],"author":[{"embeddable":true,"href":"https:\/\/www.hoymercedes.com.ar\/principal\/wp-json\/wp\/v2\/users\/1"}],"replies":[{"embeddable":true,"href":"https:\/\/www.hoymercedes.com.ar\/principal\/wp-json\/wp\/v2\/comments?post=3485"}],"version-history":[{"count":0,"href":"https:\/\/www.hoymercedes.com.ar\/principal\/wp-json\/wp\/v2\/posts\/3485\/revisions"}],"wp:attachment":[{"href":"https:\/\/www.hoymercedes.com.ar\/principal\/wp-json\/wp\/v2\/media?parent=3485"}],"wp:term":[{"taxonomy":"category","embeddable":true,"href":"https:\/\/www.hoymercedes.com.ar\/principal\/wp-json\/wp\/v2\/categories?post=3485"},{"taxonomy":"post_tag","embeddable":true,"href":"https:\/\/www.hoymercedes.com.ar\/principal\/wp-json\/wp\/v2\/tags?post=3485"}],"curies":[{"name":"wp","href":"https:\/\/api.w.org\/{rel}","templated":true}]}}