{"id":34881,"date":"2014-08-04T13:44:03","date_gmt":"2014-08-04T16:44:03","guid":{"rendered":"http:\/\/www.hoymercedes.com.ar\/principal\/?p=34881"},"modified":"2014-08-04T13:44:03","modified_gmt":"2014-08-04T16:44:03","slug":"roban-el-conocido-comercio-madreselva","status":"publish","type":"post","link":"https:\/\/www.hoymercedes.com.ar\/principal\/2014\/08\/04\/roban-el-conocido-comercio-madreselva\/","title":{"rendered":"Roban el conocido comercio \u00abMadreselva\u00bb"},"content":{"rendered":"<p><a href=\"https:\/\/www.hoymercedes.com.ar\/principal\/wp-content\/uploads\/2014\/08\/MadreSelva.jpg\"><img loading=\"lazy\" decoding=\"async\" data-attachment-id=\"34882\" data-permalink=\"https:\/\/www.hoymercedes.com.ar\/principal\/2014\/08\/04\/roban-el-conocido-comercio-madreselva\/madreselva\/#main\" data-orig-file=\"https:\/\/www.hoymercedes.com.ar\/principal\/wp-content\/uploads\/2014\/08\/MadreSelva.jpg\" data-orig-size=\"620,579\" data-comments-opened=\"1\" data-image-meta=\"{&quot;aperture&quot;:&quot;0&quot;,&quot;credit&quot;:&quot;&quot;,&quot;camera&quot;:&quot;&quot;,&quot;caption&quot;:&quot;&quot;,&quot;created_timestamp&quot;:&quot;0&quot;,&quot;copyright&quot;:&quot;&quot;,&quot;focal_length&quot;:&quot;0&quot;,&quot;iso&quot;:&quot;0&quot;,&quot;shutter_speed&quot;:&quot;0&quot;,&quot;title&quot;:&quot;&quot;}\" data-image-title=\"MadreSelva\" data-image-description=\"\" data-image-caption=\"\" data-large-file=\"https:\/\/www.hoymercedes.com.ar\/principal\/wp-content\/uploads\/2014\/08\/MadreSelva.jpg\" class=\"Img2014 aligncenter wp-image-34882 size-full\" src=\"https:\/\/www.hoymercedes.com.ar\/principal\/wp-content\/uploads\/2014\/08\/MadreSelva.jpg\" alt=\"MadreSelva\" width=\"620\" height=\"579\" \/><\/a><\/p>\n<p><em><strong>El reconocido local \u201cMadreSelva\u201d sufri\u00f3 un importante robo durante el fin de semana. Se sospecha ten\u00edan el lugar \u201cmarcado\u201d. Gran cantidad de elementos y mercader\u00edas sustra\u00eddos.\u00a0 Forzaron una puerta.<\/strong><\/em><\/p>\n<p>Fue durante la madrugada del domingo. Este lunes el local abri\u00f3 sus puertas normalmente, pero con la l\u00f3gica investigaci\u00f3n de por medio.<\/p>\n<p>El\u00a0 local de 32 y 21 vivi\u00f3 el robo con delincuentes que han podido, se sospecha, trabajar con gran calma por la cantidad de elementos que sustrajeron.<\/p>\n<p>Adem\u00e1s de mercader\u00edas robaron dinero. Por el lugar en que se encuentra el comercio no hay registros de c\u00e1maras de seguridad directas del Centro de Monitoreo Municipal, pero, se est\u00e1 viendo las salidas y accesos as\u00ed como tambi\u00e9n si hay locales o familias cercanas que posean dado que piensan los investigadores podr\u00edan ser delincuentes for\u00e1neos, no s\u00f3lo de nuestra ciudad, sino incluso de otra nacionalidad.<\/p>\n<p>&nbsp;<\/p>\n<p>&nbsp;<\/p>\n<p>&nbsp;<\/p>\n","protected":false},"excerpt":{"rendered":"<p>El reconocido local \u201cMadreSelva\u201d sufri\u00f3 un importante robo durante el fin de semana. Se sospecha ten\u00edan el lugar \u201cmarcado\u201d. Gran &#8230; <a title=\"Roban el conocido comercio \u00abMadreselva\u00bb\" class=\"read-more\" href=\"https:\/\/www.hoymercedes.com.ar\/principal\/2014\/08\/04\/roban-el-conocido-comercio-madreselva\/\" aria-label=\"Leer m\u00e1s sobre Roban el conocido comercio \u00abMadreselva\u00bb\">Leer m\u00e1s<\/a><\/p>\n","protected":false},"author":1,"featured_media":0,"comment_status":"open","ping_status":"open","sticky":false,"template":"","format":"standard","meta":{"_monsterinsights_skip_tracking":false,"_monsterinsights_sitenote_active":false,"_monsterinsights_sitenote_note":"","_monsterinsights_sitenote_category":0,"jetpack_post_was_ever_published":false,"_jetpack_newsletter_access":"","_jetpack_dont_email_post_to_subs":false,"_jetpack_newsletter_tier_id":0,"_jetpack_memberships_contains_paywalled_content":false,"_jetpack_memberships_contains_paid_content":false,"footnotes":"","jetpack_publicize_message":"","jetpack_publicize_feature_enabled":true,"jetpack_social_post_already_shared":false,"jetpack_social_options":{"image_generator_settings":{"template":"highway","default_image_id":0,"font":"","enabled":false},"version":2},"_wpas_customize_per_network":false},"categories":[85],"tags":[5733,3424,5734,2302],"class_list":["post-34881","post","type-post","status-publish","format-standard","hentry","category-policial","tag-madre-selva","tag-policiales-mercedes","tag-robo-centro-mercedes","tag-robo-en-mercedes","generate-columns","tablet-grid-50","mobile-grid-100","grid-parent","grid-50"],"jetpack_publicize_connections":[],"jetpack_featured_media_url":"","wps_subtitle":"Inseguridad en Mercedes","jetpack_sharing_enabled":true,"_links":{"self":[{"href":"https:\/\/www.hoymercedes.com.ar\/principal\/wp-json\/wp\/v2\/posts\/34881","targetHints":{"allow":["GET"]}}],"collection":[{"href":"https:\/\/www.hoymercedes.com.ar\/principal\/wp-json\/wp\/v2\/posts"}],"about":[{"href":"https:\/\/www.hoymercedes.com.ar\/principal\/wp-json\/wp\/v2\/types\/post"}],"author":[{"embeddable":true,"href":"https:\/\/www.hoymercedes.com.ar\/principal\/wp-json\/wp\/v2\/users\/1"}],"replies":[{"embeddable":true,"href":"https:\/\/www.hoymercedes.com.ar\/principal\/wp-json\/wp\/v2\/comments?post=34881"}],"version-history":[{"count":0,"href":"https:\/\/www.hoymercedes.com.ar\/principal\/wp-json\/wp\/v2\/posts\/34881\/revisions"}],"wp:attachment":[{"href":"https:\/\/www.hoymercedes.com.ar\/principal\/wp-json\/wp\/v2\/media?parent=34881"}],"wp:term":[{"taxonomy":"category","embeddable":true,"href":"https:\/\/www.hoymercedes.com.ar\/principal\/wp-json\/wp\/v2\/categories?post=34881"},{"taxonomy":"post_tag","embeddable":true,"href":"https:\/\/www.hoymercedes.com.ar\/principal\/wp-json\/wp\/v2\/tags?post=34881"}],"curies":[{"name":"wp","href":"https:\/\/api.w.org\/{rel}","templated":true}]}}