{"id":3490,"date":"2011-04-14T15:26:37","date_gmt":"2011-04-14T15:26:37","guid":{"rendered":"http:\/\/www.hoymercedes.com.ar\/principal\/?p=3490"},"modified":"2011-04-14T15:26:52","modified_gmt":"2011-04-14T15:26:52","slug":"el-%e2%80%9cconsenso-de-mercedes%e2%80%9d-como-propuesta-de-porvenir","status":"publish","type":"post","link":"https:\/\/www.hoymercedes.com.ar\/principal\/2011\/04\/14\/el-%e2%80%9cconsenso-de-mercedes%e2%80%9d-como-propuesta-de-porvenir\/","title":{"rendered":"El \u201cConsenso de Mercedes\u201d como propuesta de porvenir"},"content":{"rendered":"<p><strong><span style=\"color: #000080;\">Alejandro Francisco Molle <\/span><\/strong><span style=\"color: #000000;\">(1)<\/span><\/p>\n<p>Quiz\u00e1s resulte extra\u00f1o (por lo reiterativo que he sido), sin embargo soy de los que piensa que preocuparse \u2013o, mejor dicho, ocuparse \u2013 del porvenir de la ciudad y partido que nos vio nacer, merece esta y otras muchas notas m\u00e1s. Veo, a tal, como algo no suficientemente valorado o s\u00f3lo de disputas altisonantes como cuando pudo llegar a establecerse aquella f\u00e1brica ETA (de explosivos para la explotaci\u00f3n petrolera), o el de un hipermercado. Si tan s\u00f3lo nos limit\u00e1ramos a hechos muy puntuales, estamos fritos, sin porvenir. Nos autoestafamos y estafamos a quienes nos hereden como mercedinos.<\/p>\n<p>Tras la cr\u00edsis de los a\u00f1os iniciales del siglo XXI, en los \u00faltimos tiempos ha comenzado a hablarse de la necesidad del dise\u00f1o de pol\u00edticas de estado, medidas, compromisos, prop\u00f3sitos o definiciones perdurables en el tiempo m\u00e1s all\u00e1 de un cuatrienio de gobierno. Un derrotero com\u00fan en temas de gravitaci\u00f3n colectiva.<\/p>\n<p>Veamos un ejemplo. Durante la administraci\u00f3n municipal del dirigente del Conservadorismo, don Francisco Ferrer (1936-1940) \u2013calificado por el arquitecto Juan Jos\u00e9 Mar\u00edn (jefe comunal por la UCR)- \u201ccomo uno de los mejores Intendentes de la ciudad\u201d, Ferrer lanz\u00f3 una propuesta: el ensanche de la avenida 29 de 16 a 8. \u00bfCu\u00e1ntos a\u00f1os han transcurrido sin haberse podido revertir el cuello de botella que todav\u00eda persiste?. Si, por caso, dentro de tan extenso lapso su hubiese destinado en el presupuesto municipal una partida anual para el pago de la expropiaciones, el cuello de marras no existir\u00eda.<\/p>\n<p>Fijar prioridades es una materia pendiente y para remedio de ello estamos ante una proximidad electoral, en la que bien podr\u00edan acordarse. Desde \u201cUnidad y Lealtad\u201d invitamos a ello, a sentarnos y consensuar.<\/p>\n<p>En la campa\u00f1a electoral de 1991 el por entonces candidato a Intendente municipal, Dr. Juan Antonio Portesi, hablaba de la necesidad del recambio de la red de ca\u00f1er\u00edas de agua corriente, cloacales y pluviales del microcentro por ser obsoletas. No fue escuchado. Desde 1991 a hoy dentro del \u00e1rea mencionada ha visto el incremento demogr\u00e1fico y edilicio por la construcci\u00f3n de edificios en propiedad horizontal y si a los existentes le sumamos el que acaba de anunciarse como Edificio Par\u00eds en 26, entre 23 y 25, las redes van a explotar y el desobturador municipal terminar\u00e1 quedando estacionado sobre la calle 25.<\/p>\n<p>Otro tema de indudable importancia es el redise\u00f1o de la zonificaci\u00f3n territorial. \u00bfHacia donde debe expandirse Mercedes?.<\/p>\n<p>Tambi\u00e9n deber\u00e1 tenerse en cuenta los terrenos ferroviarios. No hay que andar con vueltas; hay que \u201cmanotearlos\u201d como hizo el gobernador de San Luis, Alberto Rodr\u00edguez Sa\u00e1, con los predios de v\u00edas anterior y posterior de la estaci\u00f3n San Luis del ex ferrocarril San Mart\u00edn, actualmente inactivo. De similar modo y sin sonrojarse deber\u00eda actuarse con los de La Trocha, de 15 a 29, parquizarlos, iluminarlos, al igual de lo que hizo en Trenque Lauquen mi amigo el extinto Intendente Municipal Jorge Barrachia en el predio de la estaci\u00f3n del Sarmiento.<\/p>\n<p>Pendiente est\u00e1, tambi\u00e9n, la perforaci\u00f3n de nuevos pozos de agua corriente, porque en algunos barrios \u2013como en La Trocha en donde la escasez es notoria- con raz\u00f3n los vecinos as\u00ed lo manifestaron en una reuni\u00f3n de trabajo.<\/p>\n<p>No importa quien gane en octubre porque si entre todos los concurrentes de cabezas de listas o de agrupaciones suscriben el CONSENSO DE MERCEDES el camino estar\u00e1 allanado.<\/p>\n<p>De las charlas que me animo a proponer saldr\u00e1n otros temas sobre los que podr\u00e1 encarar \u2013con el decidido apoyo pol\u00edtico de todos los sectores- el jefe comunal que resulte electo.<\/p>\n<p>&nbsp;<\/p>\n<p>El autor es secretario adjunto de la Agrupaci\u00f3n Justicialista \u201cUnidad y Lealtad\u201d.<\/p>\n<p>&nbsp;<\/p>\n","protected":false},"excerpt":{"rendered":"<p>Alejandro Francisco Molle (1) Quiz\u00e1s resulte extra\u00f1o (por lo reiterativo que he sido), sin embargo soy de los que piensa &#8230; <a title=\"El \u201cConsenso de Mercedes\u201d como propuesta de porvenir\" class=\"read-more\" href=\"https:\/\/www.hoymercedes.com.ar\/principal\/2011\/04\/14\/el-%e2%80%9cconsenso-de-mercedes%e2%80%9d-como-propuesta-de-porvenir\/\" aria-label=\"Leer m\u00e1s sobre El \u201cConsenso de Mercedes\u201d como propuesta de porvenir\">Leer m\u00e1s<\/a><\/p>\n","protected":false},"author":1,"featured_media":0,"comment_status":"open","ping_status":"open","sticky":false,"template":"","format":"standard","meta":{"_monsterinsights_skip_tracking":false,"_monsterinsights_sitenote_active":false,"_monsterinsights_sitenote_note":"","_monsterinsights_sitenote_category":0,"jetpack_post_was_ever_published":false,"_jetpack_newsletter_access":"","_jetpack_dont_email_post_to_subs":false,"_jetpack_newsletter_tier_id":0,"_jetpack_memberships_contains_paywalled_content":false,"_jetpack_memberships_contains_paid_content":false,"footnotes":"","jetpack_publicize_message":"","jetpack_publicize_feature_enabled":true,"jetpack_social_post_already_shared":false,"jetpack_social_options":{"image_generator_settings":{"template":"highway","default_image_id":0,"font":"","enabled":false},"version":2},"_wpas_customize_per_network":false},"categories":[8],"tags":[566,673],"class_list":["post-3490","post","type-post","status-publish","format-standard","hentry","category-sociedad","tag-alejandro-molle","tag-justicialismo-mercedes","generate-columns","tablet-grid-50","mobile-grid-100","grid-parent","grid-50"],"jetpack_publicize_connections":[],"jetpack_featured_media_url":"","wps_subtitle":"","jetpack_sharing_enabled":true,"_links":{"self":[{"href":"https:\/\/www.hoymercedes.com.ar\/principal\/wp-json\/wp\/v2\/posts\/3490","targetHints":{"allow":["GET"]}}],"collection":[{"href":"https:\/\/www.hoymercedes.com.ar\/principal\/wp-json\/wp\/v2\/posts"}],"about":[{"href":"https:\/\/www.hoymercedes.com.ar\/principal\/wp-json\/wp\/v2\/types\/post"}],"author":[{"embeddable":true,"href":"https:\/\/www.hoymercedes.com.ar\/principal\/wp-json\/wp\/v2\/users\/1"}],"replies":[{"embeddable":true,"href":"https:\/\/www.hoymercedes.com.ar\/principal\/wp-json\/wp\/v2\/comments?post=3490"}],"version-history":[{"count":0,"href":"https:\/\/www.hoymercedes.com.ar\/principal\/wp-json\/wp\/v2\/posts\/3490\/revisions"}],"wp:attachment":[{"href":"https:\/\/www.hoymercedes.com.ar\/principal\/wp-json\/wp\/v2\/media?parent=3490"}],"wp:term":[{"taxonomy":"category","embeddable":true,"href":"https:\/\/www.hoymercedes.com.ar\/principal\/wp-json\/wp\/v2\/categories?post=3490"},{"taxonomy":"post_tag","embeddable":true,"href":"https:\/\/www.hoymercedes.com.ar\/principal\/wp-json\/wp\/v2\/tags?post=3490"}],"curies":[{"name":"wp","href":"https:\/\/api.w.org\/{rel}","templated":true}]}}