{"id":34933,"date":"2014-08-06T23:00:57","date_gmt":"2014-08-07T02:00:57","guid":{"rendered":"http:\/\/www.hoymercedes.com.ar\/principal\/?p=34933"},"modified":"2014-08-06T23:00:57","modified_gmt":"2014-08-07T02:00:57","slug":"carlos-selva-disparo-contra-martin-insaurralde-ante-versiones-de-pase-al-fr","status":"publish","type":"post","link":"https:\/\/www.hoymercedes.com.ar\/principal\/2014\/08\/06\/carlos-selva-disparo-contra-martin-insaurralde-ante-versiones-de-pase-al-fr\/","title":{"rendered":"Carlos Selva dispar\u00f3 contra Mart\u00edn Insaurralde ante versiones de pase al FR"},"content":{"rendered":"<p><a href=\"https:\/\/www.hoymercedes.com.ar\/principal\/wp-content\/uploads\/2014\/08\/Selva-ElBanquete-FotoInfoban.jpg\"><img loading=\"lazy\" decoding=\"async\" data-attachment-id=\"34935\" data-permalink=\"https:\/\/www.hoymercedes.com.ar\/principal\/2014\/08\/06\/carlos-selva-disparo-contra-martin-insaurralde-ante-versiones-de-pase-al-fr\/selva-elbanquete-fotoinfoban\/#main\" data-orig-file=\"https:\/\/www.hoymercedes.com.ar\/principal\/wp-content\/uploads\/2014\/08\/Selva-ElBanquete-FotoInfoban.jpg\" data-orig-size=\"620,348\" data-comments-opened=\"1\" data-image-meta=\"{&quot;aperture&quot;:&quot;2.4&quot;,&quot;credit&quot;:&quot;&quot;,&quot;camera&quot;:&quot;500&quot;,&quot;caption&quot;:&quot;&quot;,&quot;created_timestamp&quot;:&quot;1406928343&quot;,&quot;copyright&quot;:&quot;&quot;,&quot;focal_length&quot;:&quot;3.35&quot;,&quot;iso&quot;:&quot;800&quot;,&quot;shutter_speed&quot;:&quot;0.068797&quot;,&quot;title&quot;:&quot;&quot;}\" data-image-title=\"Selva-ElBanquete-FotoInfoban\" data-image-description=\"\" data-image-caption=\"\" data-large-file=\"https:\/\/www.hoymercedes.com.ar\/principal\/wp-content\/uploads\/2014\/08\/Selva-ElBanquete-FotoInfoban.jpg\" class=\"Img2014 aligncenter wp-image-34935 size-full\" src=\"https:\/\/www.hoymercedes.com.ar\/principal\/wp-content\/uploads\/2014\/08\/Selva-ElBanquete-FotoInfoban.jpg\" alt=\"Selva-ElBanquete-FotoInfoban\" width=\"620\" height=\"348\" \/><\/a><\/p>\n<p><em><strong>El intendente Carlos Selva cuestion\u00f3 la figura de Mart\u00edn Insaurralde y un potencial pase al Frente Renovador. De esta manera Selva se pone una vez m\u00e1s en l\u00ednea con Dario Guistozzi, qui\u00e9n en el pasado tambi\u00e9n reneg\u00f3 del Diputado del Frente para la Victoria.<\/strong><\/em><\/p>\n<p>Al medio provincial Infoban expres\u00f3 que Selva manifest\u00f3 que: \u201cInsaurralde no representa este espacio pol\u00edtico\u201d.<\/p>\n<p>Selva estuvo en el bar \u201cEl Banquete\u201d, de Tigre y en propia tierra de Massa fustig\u00f3 la figura de Insaurralde. Selva sostuvo: \u201cDar\u00edo (Giustozzi), Jes\u00fas (Cariglino), Gustavo (Posse) y Felipe (Sol\u00e1) vienen de los cimientos propios de esta estructura y tienen claro lo que representamos. No nos sentamos para hablar en contra de nadie sino para decir que el Frente Renovador tiene candidatos de su propia estructura en condiciones de gobernar la provincia. Las posibles llegadas no las vamos a rechazar, estar\u00edamos haciendo lo mismo que La C\u00e1mpora, pero tenemos claro que la limitaci\u00f3n es que tiene que ser alguien que represente al Frente Renovador. Insaurralde no representa este espacio pol\u00edtico\u201d, remarc\u00f3 contundentemente.<\/p>\n<p>Tambi\u00e9n tuvo conceptos hacia la gesti\u00f3n de Daniel Scioli: \u201cLuego de muchos a\u00f1os con un estado provincial ausente, fueron los municipios los que tuvimos que hacernos cargo de esta problem\u00e1tica destinando muchos recursos propios. Esta nueva realidad que marca el gobernador es producto de seis a\u00f1os sin gesti\u00f3n. Hoy la polic\u00eda que nace por el decreto no tiene nada que ver con lo que est\u00e1bamos planteando\u201d<\/p>\n<p>Carlos Selva contin\u00faa su camino de expositor y hacedor pol\u00edtica a nivel provincial mostr\u00e1ndose y opinando en distintos foros.<\/p>\n<p>&nbsp;<\/p>\n<p>&nbsp;<\/p>\n<p>&nbsp;<\/p>\n","protected":false},"excerpt":{"rendered":"<p>El intendente Carlos Selva cuestion\u00f3 la figura de Mart\u00edn Insaurralde y un potencial pase al Frente Renovador. De esta manera &#8230; <a title=\"Carlos Selva dispar\u00f3 contra Mart\u00edn Insaurralde ante versiones de pase al FR\" class=\"read-more\" href=\"https:\/\/www.hoymercedes.com.ar\/principal\/2014\/08\/06\/carlos-selva-disparo-contra-martin-insaurralde-ante-versiones-de-pase-al-fr\/\" aria-label=\"Leer m\u00e1s sobre Carlos Selva dispar\u00f3 contra Mart\u00edn Insaurralde ante versiones de pase al FR\">Leer m\u00e1s<\/a><\/p>\n","protected":false},"author":1,"featured_media":0,"comment_status":"open","ping_status":"open","sticky":false,"template":"","format":"standard","meta":{"_monsterinsights_skip_tracking":false,"_monsterinsights_sitenote_active":false,"_monsterinsights_sitenote_note":"","_monsterinsights_sitenote_category":0,"jetpack_post_was_ever_published":false,"_jetpack_newsletter_access":"","_jetpack_dont_email_post_to_subs":false,"_jetpack_newsletter_tier_id":0,"_jetpack_memberships_contains_paywalled_content":false,"_jetpack_memberships_contains_paid_content":false,"footnotes":"","jetpack_publicize_message":"","jetpack_publicize_feature_enabled":true,"jetpack_social_post_already_shared":false,"jetpack_social_options":{"image_generator_settings":{"template":"highway","default_image_id":0,"font":"","enabled":false},"version":2},"_wpas_customize_per_network":false},"categories":[5],"tags":[5752,4586],"class_list":["post-34933","post","type-post","status-publish","format-standard","hentry","category-politica","tag-carlos-selva-contra-insaurralde","tag-selva-frente-renovador","generate-columns","tablet-grid-50","mobile-grid-100","grid-parent","grid-50"],"jetpack_publicize_connections":[],"jetpack_featured_media_url":"","wps_subtitle":"Armado provincial ","jetpack_sharing_enabled":true,"_links":{"self":[{"href":"https:\/\/www.hoymercedes.com.ar\/principal\/wp-json\/wp\/v2\/posts\/34933","targetHints":{"allow":["GET"]}}],"collection":[{"href":"https:\/\/www.hoymercedes.com.ar\/principal\/wp-json\/wp\/v2\/posts"}],"about":[{"href":"https:\/\/www.hoymercedes.com.ar\/principal\/wp-json\/wp\/v2\/types\/post"}],"author":[{"embeddable":true,"href":"https:\/\/www.hoymercedes.com.ar\/principal\/wp-json\/wp\/v2\/users\/1"}],"replies":[{"embeddable":true,"href":"https:\/\/www.hoymercedes.com.ar\/principal\/wp-json\/wp\/v2\/comments?post=34933"}],"version-history":[{"count":0,"href":"https:\/\/www.hoymercedes.com.ar\/principal\/wp-json\/wp\/v2\/posts\/34933\/revisions"}],"wp:attachment":[{"href":"https:\/\/www.hoymercedes.com.ar\/principal\/wp-json\/wp\/v2\/media?parent=34933"}],"wp:term":[{"taxonomy":"category","embeddable":true,"href":"https:\/\/www.hoymercedes.com.ar\/principal\/wp-json\/wp\/v2\/categories?post=34933"},{"taxonomy":"post_tag","embeddable":true,"href":"https:\/\/www.hoymercedes.com.ar\/principal\/wp-json\/wp\/v2\/tags?post=34933"}],"curies":[{"name":"wp","href":"https:\/\/api.w.org\/{rel}","templated":true}]}}