{"id":34958,"date":"2014-08-07T23:52:41","date_gmt":"2014-08-08T02:52:41","guid":{"rendered":"http:\/\/www.hoymercedes.com.ar\/principal\/?p=34958"},"modified":"2014-08-07T23:52:41","modified_gmt":"2014-08-08T02:52:41","slug":"banda-xxi-los-reyes-del-cuarteto-y-los-nocheros-en-fiesta-del-salame","status":"publish","type":"post","link":"https:\/\/www.hoymercedes.com.ar\/principal\/2014\/08\/07\/banda-xxi-los-reyes-del-cuarteto-y-los-nocheros-en-fiesta-del-salame\/","title":{"rendered":"Banda XXI, Los Reyes del Cuarteto y Los Nocheros en Fiesta del Salame"},"content":{"rendered":"<p><a href=\"https:\/\/www.hoymercedes.com.ar\/principal\/wp-content\/uploads\/2014\/08\/Los-Nocheros.jpg\"><img loading=\"lazy\" decoding=\"async\" data-attachment-id=\"34959\" data-permalink=\"https:\/\/www.hoymercedes.com.ar\/principal\/2014\/08\/07\/banda-xxi-los-reyes-del-cuarteto-y-los-nocheros-en-fiesta-del-salame\/los-nocheros\/#main\" data-orig-file=\"https:\/\/www.hoymercedes.com.ar\/principal\/wp-content\/uploads\/2014\/08\/Los-Nocheros.jpg\" data-orig-size=\"620,509\" data-comments-opened=\"1\" data-image-meta=\"{&quot;aperture&quot;:&quot;0&quot;,&quot;credit&quot;:&quot;&quot;,&quot;camera&quot;:&quot;&quot;,&quot;caption&quot;:&quot;&quot;,&quot;created_timestamp&quot;:&quot;0&quot;,&quot;copyright&quot;:&quot;&quot;,&quot;focal_length&quot;:&quot;0&quot;,&quot;iso&quot;:&quot;0&quot;,&quot;shutter_speed&quot;:&quot;0&quot;,&quot;title&quot;:&quot;&quot;}\" data-image-title=\"Los-Nocheros\" data-image-description=\"\" data-image-caption=\"\" data-large-file=\"https:\/\/www.hoymercedes.com.ar\/principal\/wp-content\/uploads\/2014\/08\/Los-Nocheros.jpg\" class=\"aligncenter size-full wp-image-34959\" src=\"https:\/\/www.hoymercedes.com.ar\/principal\/wp-content\/uploads\/2014\/08\/Los-Nocheros.jpg\" alt=\"Los-Nocheros\" width=\"620\" height=\"509\" \/><\/a><\/p>\n<p><em><strong>Banda XXI, Los Reyes del Cuarteto y Los Nocheros est\u00e1n confirmados para la pr\u00f3xima Fiesta Nacional del Salame que ser\u00e1 especial ya que es la n\u00famero 40. El municipio est\u00e1 trabajando en su armado y organizaci\u00f3n y por ello que se dio a conocer la grilla de los tres d\u00edas.<\/strong><\/em><\/p>\n<p>Los artistas y actividades programadas son las siguientes<\/p>\n<p>&nbsp;<\/p>\n<p><strong>Viernes\u00a0 12 de septiembre<\/strong><\/p>\n<p>12.00 Hs. Apertura del Predio<\/p>\n<p>18.00 Hs. Recepci\u00f3n de autoridades<\/p>\n<p>18.30 Hs. Acto protocolar de apertura<\/p>\n<p>19.00 Hs. Apertura de la Noche de Gala<\/p>\n<p>Actuaci\u00f3n de Tropical Diamante<\/p>\n<p>Actuaci\u00f3n de Camilo Rojas y su Banda Pirata<\/p>\n<p>Actuaci\u00f3n de la S\u00faper Tropical Marbella<\/p>\n<p>22.00 Hs.\u00a0 Actuaci\u00f3n The P\u00e9rez Garc\u00eda<\/p>\n<p>23.30 Hs. Actuaci\u00f3n especial de Los Reyes del Cuarteto<\/p>\n<p>&nbsp;<\/p>\n<p><strong>S\u00e1bado 13 de septiembre<\/strong><\/p>\n<p>09.00 Hs. Apertura al p\u00fablico del predio<\/p>\n<p>10 a 12 Hs Patio folcl\u00f3rico con grupos de danzas locales<\/p>\n<p>12.00 Hs. Pe\u00f1a Folcl\u00f3rica en la Carpa de los Productores<\/p>\n<p>14.00 Hs. Demostraci\u00f3n de elaboraci\u00f3n de salames.<\/p>\n<p>16.00 Hs. Demostraci\u00f3n de elaboraci\u00f3n de salames<\/p>\n<p>18.00 Hs. Actuaci\u00f3n especial de Fabricio Rodr\u00edguez (escenario Angel Cabral)<\/p>\n<p>19.30 Hs. Apertura en el escenario mayor Angel Cabral<\/p>\n<p>Actuaci\u00f3n de H\u00e9ctor Ihitz \u201cEl carpintero cantor\u201d<\/p>\n<p>Actuaci\u00f3n\u00a0 de Fernando Pazos y La Yunta<\/p>\n<p>Actuaci\u00f3n humor\u00edstica del Pato Benegas<\/p>\n<p>Desfile de modas a cargo de Beto Bondanza<\/p>\n<p>22.00 Hs. Actuaci\u00f3n especial de Claudia Lome\u00f1a<\/p>\n<p>Presentaci\u00f3n de las reinas visitantes<\/p>\n<p>23.00 hs\u00a0 Actuaci\u00f3n especial de Banda XXI<\/p>\n<p>&nbsp;<\/p>\n<p><strong>Domingo 14 de septiembre<\/strong><\/p>\n<p>09.00 Hs. Apertura al p\u00fablico del predio<\/p>\n<p>09.30 Hs\u00a0 Patio Folcl\u00f3rico con cuerpos de danzas locales<\/p>\n<p>11.00 Hs\u00a0\u00a0 Demostraci\u00f3n de elaboraci\u00f3n de salames.<\/p>\n<p>13. 00 Hs\u00a0 Apertura en el escenario mayor \u00c1ngel Cabral<\/p>\n<p>Actuaci\u00f3n de Los Pregoneros<\/p>\n<p>Actuaci\u00f3n de Alejandro Aldonza<\/p>\n<p>15.00Hs \u00a0\u00a0Actuaci\u00f3n humor\u00edstica de Andr\u00e9s Teruel<\/p>\n<p>16.00 Hs\u00a0 Acto de Coronaci\u00f3n del Salame Campe\u00f3n<\/p>\n<p>Remate de los lotes de salames ganadores.<\/p>\n<p>17.30 Hs. Actuaci\u00f3n especial de Los Nocheros<\/p>\n","protected":false},"excerpt":{"rendered":"<p>Banda XXI, Los Reyes del Cuarteto y Los Nocheros est\u00e1n confirmados para la pr\u00f3xima Fiesta Nacional del Salame que ser\u00e1 &#8230; <a title=\"Banda XXI, Los Reyes del Cuarteto y Los Nocheros en Fiesta del Salame\" class=\"read-more\" href=\"https:\/\/www.hoymercedes.com.ar\/principal\/2014\/08\/07\/banda-xxi-los-reyes-del-cuarteto-y-los-nocheros-en-fiesta-del-salame\/\" aria-label=\"Leer m\u00e1s sobre Banda XXI, Los Reyes del Cuarteto y Los Nocheros en Fiesta del Salame\">Leer m\u00e1s<\/a><\/p>\n","protected":false},"author":1,"featured_media":0,"comment_status":"open","ping_status":"open","sticky":false,"template":"","format":"standard","meta":{"_monsterinsights_skip_tracking":false,"_monsterinsights_sitenote_active":false,"_monsterinsights_sitenote_note":"","_monsterinsights_sitenote_category":0,"jetpack_post_was_ever_published":false,"_jetpack_newsletter_access":"","_jetpack_dont_email_post_to_subs":false,"_jetpack_newsletter_tier_id":0,"_jetpack_memberships_contains_paywalled_content":false,"_jetpack_memberships_contains_paid_content":false,"footnotes":"","jetpack_publicize_message":"","jetpack_publicize_feature_enabled":true,"jetpack_social_post_already_shared":false,"jetpack_social_options":{"image_generator_settings":{"template":"highway","default_image_id":0,"font":"","enabled":false},"version":2},"_wpas_customize_per_network":false},"categories":[30],"tags":[1110],"class_list":["post-34958","post","type-post","status-publish","format-standard","hentry","category-municipio","tag-fiesta-del-salame","generate-columns","tablet-grid-50","mobile-grid-100","grid-parent","grid-50"],"jetpack_publicize_connections":[],"jetpack_featured_media_url":"","wps_subtitle":"Conoc\u00e9 la grilla","jetpack_sharing_enabled":true,"_links":{"self":[{"href":"https:\/\/www.hoymercedes.com.ar\/principal\/wp-json\/wp\/v2\/posts\/34958","targetHints":{"allow":["GET"]}}],"collection":[{"href":"https:\/\/www.hoymercedes.com.ar\/principal\/wp-json\/wp\/v2\/posts"}],"about":[{"href":"https:\/\/www.hoymercedes.com.ar\/principal\/wp-json\/wp\/v2\/types\/post"}],"author":[{"embeddable":true,"href":"https:\/\/www.hoymercedes.com.ar\/principal\/wp-json\/wp\/v2\/users\/1"}],"replies":[{"embeddable":true,"href":"https:\/\/www.hoymercedes.com.ar\/principal\/wp-json\/wp\/v2\/comments?post=34958"}],"version-history":[{"count":0,"href":"https:\/\/www.hoymercedes.com.ar\/principal\/wp-json\/wp\/v2\/posts\/34958\/revisions"}],"wp:attachment":[{"href":"https:\/\/www.hoymercedes.com.ar\/principal\/wp-json\/wp\/v2\/media?parent=34958"}],"wp:term":[{"taxonomy":"category","embeddable":true,"href":"https:\/\/www.hoymercedes.com.ar\/principal\/wp-json\/wp\/v2\/categories?post=34958"},{"taxonomy":"post_tag","embeddable":true,"href":"https:\/\/www.hoymercedes.com.ar\/principal\/wp-json\/wp\/v2\/tags?post=34958"}],"curies":[{"name":"wp","href":"https:\/\/api.w.org\/{rel}","templated":true}]}}