{"id":34966,"date":"2014-08-08T16:06:22","date_gmt":"2014-08-08T19:06:22","guid":{"rendered":"http:\/\/www.hoymercedes.com.ar\/principal\/?p=34966"},"modified":"2014-08-12T22:11:37","modified_gmt":"2014-08-13T01:11:37","slug":"toro-mecanico-para-los-chicos-de-san-jose-este-domingo","status":"publish","type":"post","link":"https:\/\/www.hoymercedes.com.ar\/principal\/2014\/08\/08\/toro-mecanico-para-los-chicos-de-san-jose-este-domingo\/","title":{"rendered":"Toro mec\u00e1nico para los chicos de San Jos\u00e9 \u00e9ste domingo"},"content":{"rendered":"<p><a href=\"https:\/\/www.hoymercedes.com.ar\/principal\/wp-content\/uploads\/2014\/08\/DiaNi\u00f1oBenitez.jpg\"><img loading=\"lazy\" decoding=\"async\" data-attachment-id=\"34967\" data-permalink=\"https:\/\/www.hoymercedes.com.ar\/principal\/2014\/08\/08\/toro-mecanico-para-los-chicos-de-san-jose-este-domingo\/dianinobenitez\/#main\" data-orig-file=\"https:\/\/www.hoymercedes.com.ar\/principal\/wp-content\/uploads\/2014\/08\/DiaNi\u00f1oBenitez.jpg\" data-orig-size=\"620,371\" data-comments-opened=\"1\" data-image-meta=\"{&quot;aperture&quot;:&quot;0&quot;,&quot;credit&quot;:&quot;&quot;,&quot;camera&quot;:&quot;&quot;,&quot;caption&quot;:&quot;&quot;,&quot;created_timestamp&quot;:&quot;0&quot;,&quot;copyright&quot;:&quot;&quot;,&quot;focal_length&quot;:&quot;0&quot;,&quot;iso&quot;:&quot;0&quot;,&quot;shutter_speed&quot;:&quot;0&quot;,&quot;title&quot;:&quot;&quot;}\" data-image-title=\"DiaNi\u00f1oBenitez\" data-image-description=\"\" data-image-caption=\"\" data-large-file=\"https:\/\/www.hoymercedes.com.ar\/principal\/wp-content\/uploads\/2014\/08\/DiaNi\u00f1oBenitez.jpg\" class=\"Img2014 aligncenter wp-image-34967 size-full\" src=\"https:\/\/www.hoymercedes.com.ar\/principal\/wp-content\/uploads\/2014\/08\/DiaNi\u00f1oBenitez.jpg\" alt=\"DiaNi\u00f1oBenitez\" width=\"620\" height=\"371\" \/><\/a><\/p>\n<p><em><strong>El pr\u00f3ximo domingo se llevar\u00e1 a cabo en el barrio San Jos\u00e9 un encuentro para todos los chicos y sus familias con el \u201cToro Buffalo Bill\u201d siendo una invitaci\u00f3n del equipo de trabajo de Juan Carlos Ben\u00edtez, el concejal del Pro.<\/strong><\/em><\/p>\n<p>Desde las 15.00hs se invita a los vecinos de San Jos\u00e9 a la canchita de calle 54 y 17 a disfrutar de una actividad recreativa que incluir\u00e1 como atractivo un toro mec\u00e1nico.<\/p>\n<p>La invitaci\u00f3n est\u00e1 organizada por la agrupaci\u00f3n pol\u00edtica que lidera Juan Carlos Ben\u00edtez<\/p>\n","protected":false},"excerpt":{"rendered":"<p>El pr\u00f3ximo domingo se llevar\u00e1 a cabo en el barrio San Jos\u00e9 un encuentro para todos los chicos y sus &#8230; <a title=\"Toro mec\u00e1nico para los chicos de San Jos\u00e9 \u00e9ste domingo\" class=\"read-more\" href=\"https:\/\/www.hoymercedes.com.ar\/principal\/2014\/08\/08\/toro-mecanico-para-los-chicos-de-san-jose-este-domingo\/\" aria-label=\"Leer m\u00e1s sobre Toro mec\u00e1nico para los chicos de San Jos\u00e9 \u00e9ste domingo\">Leer m\u00e1s<\/a><\/p>\n","protected":false},"author":1,"featured_media":0,"comment_status":"open","ping_status":"open","sticky":false,"template":"","format":"standard","meta":{"_monsterinsights_skip_tracking":false,"_monsterinsights_sitenote_active":false,"_monsterinsights_sitenote_note":"","_monsterinsights_sitenote_category":0,"jetpack_post_was_ever_published":false,"_jetpack_newsletter_access":"","_jetpack_dont_email_post_to_subs":false,"_jetpack_newsletter_tier_id":0,"_jetpack_memberships_contains_paywalled_content":false,"_jetpack_memberships_contains_paid_content":false,"footnotes":"","jetpack_publicize_message":"","jetpack_publicize_feature_enabled":true,"jetpack_social_post_already_shared":false,"jetpack_social_options":{"image_generator_settings":{"template":"highway","default_image_id":0,"font":"","enabled":false},"version":2},"_wpas_customize_per_network":false},"categories":[8],"tags":[313],"class_list":["post-34966","post","type-post","status-publish","format-standard","hentry","category-sociedad","tag-juan-carlos-benitez","generate-columns","tablet-grid-50","mobile-grid-100","grid-parent","grid-50"],"jetpack_publicize_connections":[],"jetpack_featured_media_url":"","wps_subtitle":"Invita J. C. Ben\u00edtez","jetpack_sharing_enabled":true,"_links":{"self":[{"href":"https:\/\/www.hoymercedes.com.ar\/principal\/wp-json\/wp\/v2\/posts\/34966","targetHints":{"allow":["GET"]}}],"collection":[{"href":"https:\/\/www.hoymercedes.com.ar\/principal\/wp-json\/wp\/v2\/posts"}],"about":[{"href":"https:\/\/www.hoymercedes.com.ar\/principal\/wp-json\/wp\/v2\/types\/post"}],"author":[{"embeddable":true,"href":"https:\/\/www.hoymercedes.com.ar\/principal\/wp-json\/wp\/v2\/users\/1"}],"replies":[{"embeddable":true,"href":"https:\/\/www.hoymercedes.com.ar\/principal\/wp-json\/wp\/v2\/comments?post=34966"}],"version-history":[{"count":0,"href":"https:\/\/www.hoymercedes.com.ar\/principal\/wp-json\/wp\/v2\/posts\/34966\/revisions"}],"wp:attachment":[{"href":"https:\/\/www.hoymercedes.com.ar\/principal\/wp-json\/wp\/v2\/media?parent=34966"}],"wp:term":[{"taxonomy":"category","embeddable":true,"href":"https:\/\/www.hoymercedes.com.ar\/principal\/wp-json\/wp\/v2\/categories?post=34966"},{"taxonomy":"post_tag","embeddable":true,"href":"https:\/\/www.hoymercedes.com.ar\/principal\/wp-json\/wp\/v2\/tags?post=34966"}],"curies":[{"name":"wp","href":"https:\/\/api.w.org\/{rel}","templated":true}]}}