{"id":34986,"date":"2014-08-09T00:40:38","date_gmt":"2014-08-09T03:40:38","guid":{"rendered":"http:\/\/www.hoymercedes.com.ar\/principal\/?p=34986"},"modified":"2014-08-09T00:40:38","modified_gmt":"2014-08-09T03:40:38","slug":"proyecto-del-fmpv-para-que-comercios-vendan-con-tarjeta-en-cuotas-y-sin-interes","status":"publish","type":"post","link":"https:\/\/www.hoymercedes.com.ar\/principal\/2014\/08\/09\/proyecto-del-fmpv-para-que-comercios-vendan-con-tarjeta-en-cuotas-y-sin-interes\/","title":{"rendered":"Proyecto del FMpV para que comercios vendan con tarjeta en cuotas y sin inter\u00e9s"},"content":{"rendered":"<p><a href=\"https:\/\/www.hoymercedes.com.ar\/principal\/wp-content\/uploads\/2014\/08\/Concejales-FrenteMercedino.jpg\"><img loading=\"lazy\" decoding=\"async\" data-attachment-id=\"34987\" data-permalink=\"https:\/\/www.hoymercedes.com.ar\/principal\/2014\/08\/09\/proyecto-del-fmpv-para-que-comercios-vendan-con-tarjeta-en-cuotas-y-sin-interes\/concejales-frentemercedino\/#main\" data-orig-file=\"https:\/\/www.hoymercedes.com.ar\/principal\/wp-content\/uploads\/2014\/08\/Concejales-FrenteMercedino.jpg\" data-orig-size=\"620,211\" data-comments-opened=\"1\" data-image-meta=\"{&quot;aperture&quot;:&quot;3.8&quot;,&quot;credit&quot;:&quot;&quot;,&quot;camera&quot;:&quot;COOLPIX L310&quot;,&quot;caption&quot;:&quot;&quot;,&quot;created_timestamp&quot;:&quot;1397590207&quot;,&quot;copyright&quot;:&quot;&quot;,&quot;focal_length&quot;:&quot;10.2&quot;,&quot;iso&quot;:&quot;400&quot;,&quot;shutter_speed&quot;:&quot;0.0769230769231&quot;,&quot;title&quot;:&quot;&quot;}\" data-image-title=\"Concejales-FrenteMercedino\" data-image-description=\"\" data-image-caption=\"\" data-large-file=\"https:\/\/www.hoymercedes.com.ar\/principal\/wp-content\/uploads\/2014\/08\/Concejales-FrenteMercedino.jpg\" class=\"aligncenter size-full wp-image-34987\" src=\"https:\/\/www.hoymercedes.com.ar\/principal\/wp-content\/uploads\/2014\/08\/Concejales-FrenteMercedino.jpg\" alt=\"Concejales-FrenteMercedino\" width=\"620\" height=\"211\" \/><\/a><\/p>\n<p><em><strong>(FM) Con el objetivo de dinamizar el mercado interno y favorecer el consumo, el bloque de concejales del Frente Mercedino para la Victoria presentar\u00e1 en la sesi\u00f3n de este lunes un importante proyecto para que los comercios de la ciudad puedan volver a vender con tarjetas de cr\u00e9dito en cuotas y sin inter\u00e9s.<\/strong><\/em><\/p>\n<p>\u201cTenemos un escenario en el que los comercios necesitan ofrecerles a los vecinos distintas motivaciones, como de hecho estamos viendo hoy, sobre todo en los locales del centro, una serie de ofertas y promociones. Este proyecto va justamente en ese sentido, en el de dinamizar el mercado interno\u201d, explic\u00f3 el presidente del bloque de concejales del FMpV, Juan Ignacio Ustarroz.<\/p>\n<p>La propuesta consiste espec\u00edficamente en eximir a las tarjetas de cr\u00e9dito del pago de la tasa por publicidad y propaganda a la que los obliga la exhibici\u00f3n, en las vidrieras, de sus calcoman\u00edas y carteles. A cambio, les permitir\u00e1n a los comerciantes volver a ofrecer la venta de sus productos hasta en 12 cuotas sin inter\u00e9s o, directamente, distintos descuentos.<\/p>\n<p>\u201cExiste un convenio entre la CAME (Confederaci\u00f3n Argentina de la Mediana Empresa) y la ATACYC (C\u00e1mara de Tarjetas de Cr\u00e9dito y Compra) para aplicar en los municipios, para la compra-venta con tarjeta hasta en doce cuotas y sin inter\u00e9s. Es una herramienta muy importante que nosotros proponemos poner a disposici\u00f3n de los comercios de nuestra ciudad y que tambi\u00e9n les va a servir much\u00edsimo a los consumidores\u201d, agreg\u00f3 Ustarroz.<\/p>\n<p>La aprobaci\u00f3n de este proyecto requiere de una modificaci\u00f3n en la Ordenanza Fiscal e Impositiva, tr\u00e1mite que, seg\u00fan Ustarroz, no deber\u00eda ser obst\u00e1culo para llevarlo adelante. \u201cNadie desconoce que el comercio es uno de los principales motores de la econom\u00eda mercedina. Fomentar el consumo, incentivar nuestro mercado, es un argumento m\u00e1s que suficiente para avanzar. Para nosotros es una prioridad\u201d, explic\u00f3.<\/p>\n<p>El principal referente del Frente Mercedino record\u00f3 que, seg\u00fan la C\u00e1mara Econ\u00f3mica Mercedina, si se toman en cuenta los d\u00edas festivos (D\u00eda del Padre, D\u00eda de la Madre, D\u00eda del Ni\u00f1o, etc.) el porcentaje de aumento en las ventas es importante pero inferior al crecimiento interanual de otras localidades cercanas.<\/p>\n<p>\u201cEste proyecto apunta a darle competitividad al comercio de nuestra ciudad, permitirles un crecimiento que luego redunde en m\u00e1s y mejores beneficios para todos. Promover un c\u00edrculo virtuoso y acompa\u00f1ar el excelente trabajo que viene realizando justamente la C\u00e1mara Econ\u00f3mica, con su presidente Juan Carlos Cardinale y el resto de sus integrantes\u201d, manifest\u00f3 \u2018Juani\u2019, quien en su condici\u00f3n de gerente regional de la ANSES tambi\u00e9n record\u00f3 otros convenios suscriptos con locales de Mercedes justamente para incentivar el consumo.<\/p>\n<p>\u201cTenemos acuerdos con corralones de Mercedes que les ofrecen descuentos a los vecinos que han salido beneficiados en el Procrear. Advert\u00edamos que mucha gente se iba a buscar mejores precios a otras ciudades y lo hemos podido revertir con la buena voluntad de los corralones de nuestra ciudad y la certeza de que la medida nos favorece a todos. Y lo mismo sucede con los beneficios de la tarjeta Argenta para los jubilados\u201d, expres\u00f3.<\/p>\n<p>\u201cEste proyecto recorre id\u00e9ntico camino \u2013concluy\u00f3 Ustarroz-. Que el dinero de los mercedinos se quede en Mercedes. Que los comerciantes puedan contar con otra herramienta para sostener su negocio y que los vecinos puedan sumar otra opci\u00f3n ventajosa para sus econom\u00edas dom\u00e9sticas. Por eso esperamos el acompa\u00f1amiento del resto de los bloques en la sesi\u00f3n del lunes\u201d.<\/p>\n","protected":false},"excerpt":{"rendered":"<p>(FM) Con el objetivo de dinamizar el mercado interno y favorecer el consumo, el bloque de concejales del Frente Mercedino &#8230; <a title=\"Proyecto del FMpV para que comercios vendan con tarjeta en cuotas y sin inter\u00e9s\" class=\"read-more\" href=\"https:\/\/www.hoymercedes.com.ar\/principal\/2014\/08\/09\/proyecto-del-fmpv-para-que-comercios-vendan-con-tarjeta-en-cuotas-y-sin-interes\/\" aria-label=\"Leer m\u00e1s sobre Proyecto del FMpV para que comercios vendan con tarjeta en cuotas y sin inter\u00e9s\">Leer m\u00e1s<\/a><\/p>\n","protected":false},"author":1,"featured_media":0,"comment_status":"open","ping_status":"open","sticky":false,"template":"","format":"standard","meta":{"_monsterinsights_skip_tracking":false,"_monsterinsights_sitenote_active":false,"_monsterinsights_sitenote_note":"","_monsterinsights_sitenote_category":0,"jetpack_post_was_ever_published":false,"_jetpack_newsletter_access":"","_jetpack_dont_email_post_to_subs":false,"_jetpack_newsletter_tier_id":0,"_jetpack_memberships_contains_paywalled_content":false,"_jetpack_memberships_contains_paid_content":false,"footnotes":"","jetpack_publicize_message":"","jetpack_publicize_feature_enabled":true,"jetpack_social_post_already_shared":false,"jetpack_social_options":{"image_generator_settings":{"template":"highway","default_image_id":0,"font":"","enabled":false},"version":2},"_wpas_customize_per_network":false},"categories":[5],"tags":[1007,5765],"class_list":["post-34986","post","type-post","status-publish","format-standard","hentry","category-politica","tag-frente-mercedino","tag-proyecto-frente-mercedino","generate-columns","tablet-grid-50","mobile-grid-100","grid-parent","grid-50"],"jetpack_publicize_connections":[],"jetpack_featured_media_url":"","wps_subtitle":"Buscando dinamizar la econom\u00eda","jetpack_sharing_enabled":true,"_links":{"self":[{"href":"https:\/\/www.hoymercedes.com.ar\/principal\/wp-json\/wp\/v2\/posts\/34986","targetHints":{"allow":["GET"]}}],"collection":[{"href":"https:\/\/www.hoymercedes.com.ar\/principal\/wp-json\/wp\/v2\/posts"}],"about":[{"href":"https:\/\/www.hoymercedes.com.ar\/principal\/wp-json\/wp\/v2\/types\/post"}],"author":[{"embeddable":true,"href":"https:\/\/www.hoymercedes.com.ar\/principal\/wp-json\/wp\/v2\/users\/1"}],"replies":[{"embeddable":true,"href":"https:\/\/www.hoymercedes.com.ar\/principal\/wp-json\/wp\/v2\/comments?post=34986"}],"version-history":[{"count":0,"href":"https:\/\/www.hoymercedes.com.ar\/principal\/wp-json\/wp\/v2\/posts\/34986\/revisions"}],"wp:attachment":[{"href":"https:\/\/www.hoymercedes.com.ar\/principal\/wp-json\/wp\/v2\/media?parent=34986"}],"wp:term":[{"taxonomy":"category","embeddable":true,"href":"https:\/\/www.hoymercedes.com.ar\/principal\/wp-json\/wp\/v2\/categories?post=34986"},{"taxonomy":"post_tag","embeddable":true,"href":"https:\/\/www.hoymercedes.com.ar\/principal\/wp-json\/wp\/v2\/tags?post=34986"}],"curies":[{"name":"wp","href":"https:\/\/api.w.org\/{rel}","templated":true}]}}