{"id":34989,"date":"2014-08-09T00:54:52","date_gmt":"2014-08-09T03:54:52","guid":{"rendered":"http:\/\/www.hoymercedes.com.ar\/principal\/?p=34989"},"modified":"2014-08-09T01:00:23","modified_gmt":"2014-08-09T04:00:23","slug":"refuerzan-patrullaje-en-la-via-publica-con-la-incorporacion-de-nuevos-patrulleros","status":"publish","type":"post","link":"https:\/\/www.hoymercedes.com.ar\/principal\/2014\/08\/09\/refuerzan-patrullaje-en-la-via-publica-con-la-incorporacion-de-nuevos-patrulleros\/","title":{"rendered":"Refuerzan patrullaje en la v\u00eda p\u00fablica con la incorporaci\u00f3n de nuevas camionetas"},"content":{"rendered":"<p><a href=\"https:\/\/www.hoymercedes.com.ar\/principal\/wp-content\/uploads\/2014\/08\/Patrulleros-2014-I.jpg\"><img loading=\"lazy\" decoding=\"async\" data-attachment-id=\"34990\" data-permalink=\"https:\/\/www.hoymercedes.com.ar\/principal\/2014\/08\/09\/refuerzan-patrullaje-en-la-via-publica-con-la-incorporacion-de-nuevos-patrulleros\/patrulleros-2014-i\/#main\" data-orig-file=\"https:\/\/www.hoymercedes.com.ar\/principal\/wp-content\/uploads\/2014\/08\/Patrulleros-2014-I.jpg\" data-orig-size=\"697,327\" data-comments-opened=\"1\" data-image-meta=\"{&quot;aperture&quot;:&quot;0&quot;,&quot;credit&quot;:&quot;&quot;,&quot;camera&quot;:&quot;&quot;,&quot;caption&quot;:&quot;&quot;,&quot;created_timestamp&quot;:&quot;0&quot;,&quot;copyright&quot;:&quot;&quot;,&quot;focal_length&quot;:&quot;0&quot;,&quot;iso&quot;:&quot;0&quot;,&quot;shutter_speed&quot;:&quot;0&quot;,&quot;title&quot;:&quot;&quot;}\" data-image-title=\"Patrulleros-2014-I\" data-image-description=\"\" data-image-caption=\"\" data-large-file=\"https:\/\/www.hoymercedes.com.ar\/principal\/wp-content\/uploads\/2014\/08\/Patrulleros-2014-I.jpg\" class=\"Img2014 aligncenter wp-image-34990 size-medium\" src=\"https:\/\/www.hoymercedes.com.ar\/principal\/wp-content\/uploads\/2014\/08\/Patrulleros-2014-I-630x295.jpg\" alt=\"Patrulleros-2014-I\" width=\"630\" height=\"295\" srcset=\"https:\/\/www.hoymercedes.com.ar\/principal\/wp-content\/uploads\/2014\/08\/Patrulleros-2014-I-630x295.jpg 630w, https:\/\/www.hoymercedes.com.ar\/principal\/wp-content\/uploads\/2014\/08\/Patrulleros-2014-I.jpg 697w\" sizes=\"auto, (max-width: 630px) 100vw, 630px\" \/><\/a><\/p>\n<p><em><strong>(Por Semanario D\u00e9cadas) El viernes al mediod\u00eda, el intendente Carlos Selva, junto a representantes de las fuerzas policiales entreg\u00f3 4 patrulleros.\u00a0La nueva flota consta de tres camionetas Ford Ranger para uso urbano y una Toyota para el uso rural.<\/strong><\/em><\/p>\n<p>Al respecto el intendente mencionaba: <em>\u201cesto tiene que ver con volver a dotar de m\u00e1s m\u00f3viles a las calles de Mercedes. Fue un trabajo que se comenz\u00f3 desde hace mucho tiempo, en un convenio que firm\u00e1ramos con la provincia de Buenos Aires\u201d.<\/em><\/p>\n<p>En relaci\u00f3n concreta a los m\u00f3viles de nuestra ciudad que est\u00e1n en circulaci\u00f3n, remarcaba que \u201cMercedes siempre ha mantenido la misma cantidad, siempre, por supuesto con el deterioro que el uso le proporciona\u201d.<\/p>\n<p>Cabe remarcar que la municipalidad se alz\u00f3 con los costos en balizamiento y ploteo que cada m\u00f3vil requer\u00eda.<\/p>\n<p>\u201cLe vamos a pedir al personal que este afectado al uso del m\u00f3vil, el mayor grado de cuidado del veh\u00edculo, ya que los costos de mantenimientos son muy elevados\u201d, cerraba el jefe comunal.<\/p>\n<p>&nbsp;<\/p>\n<p>&nbsp;<\/p>\n<p>&nbsp;<\/p>\n<p>&nbsp;<\/p>\n<p>&nbsp;<\/p>\n<p>&nbsp;<\/p>\n<p>&nbsp;<\/p>\n<p>&nbsp;<\/p>\n<p>&nbsp;<\/p>\n","protected":false},"excerpt":{"rendered":"<p>(Por Semanario D\u00e9cadas) El viernes al mediod\u00eda, el intendente Carlos Selva, junto a representantes de las fuerzas policiales entreg\u00f3 4 &#8230; <a title=\"Refuerzan patrullaje en la v\u00eda p\u00fablica con la incorporaci\u00f3n de nuevas camionetas\" class=\"read-more\" href=\"https:\/\/www.hoymercedes.com.ar\/principal\/2014\/08\/09\/refuerzan-patrullaje-en-la-via-publica-con-la-incorporacion-de-nuevos-patrulleros\/\" aria-label=\"Leer m\u00e1s sobre Refuerzan patrullaje en la v\u00eda p\u00fablica con la incorporaci\u00f3n de nuevas camionetas\">Leer m\u00e1s<\/a><\/p>\n","protected":false},"author":1,"featured_media":0,"comment_status":"open","ping_status":"open","sticky":false,"template":"","format":"standard","meta":{"_monsterinsights_skip_tracking":false,"_monsterinsights_sitenote_active":false,"_monsterinsights_sitenote_note":"","_monsterinsights_sitenote_category":0,"jetpack_post_was_ever_published":false,"_jetpack_newsletter_access":"","_jetpack_dont_email_post_to_subs":false,"_jetpack_newsletter_tier_id":0,"_jetpack_memberships_contains_paywalled_content":false,"_jetpack_memberships_contains_paid_content":false,"footnotes":"","jetpack_publicize_message":"","jetpack_publicize_feature_enabled":true,"jetpack_social_post_already_shared":false,"jetpack_social_options":{"image_generator_settings":{"template":"highway","default_image_id":0,"font":"","enabled":false},"version":2},"_wpas_customize_per_network":false},"categories":[85],"tags":[1141,5766,126],"class_list":["post-34989","post","type-post","status-publish","format-standard","hentry","category-policial","tag-nuevos-patrulleros-mercedes","tag-policia-comunal","tag-policia-mercedes","generate-columns","tablet-grid-50","mobile-grid-100","grid-parent","grid-50"],"jetpack_publicize_connections":[],"jetpack_featured_media_url":"","wps_subtitle":"Polic\u00eda Comunal","jetpack_sharing_enabled":true,"_links":{"self":[{"href":"https:\/\/www.hoymercedes.com.ar\/principal\/wp-json\/wp\/v2\/posts\/34989","targetHints":{"allow":["GET"]}}],"collection":[{"href":"https:\/\/www.hoymercedes.com.ar\/principal\/wp-json\/wp\/v2\/posts"}],"about":[{"href":"https:\/\/www.hoymercedes.com.ar\/principal\/wp-json\/wp\/v2\/types\/post"}],"author":[{"embeddable":true,"href":"https:\/\/www.hoymercedes.com.ar\/principal\/wp-json\/wp\/v2\/users\/1"}],"replies":[{"embeddable":true,"href":"https:\/\/www.hoymercedes.com.ar\/principal\/wp-json\/wp\/v2\/comments?post=34989"}],"version-history":[{"count":0,"href":"https:\/\/www.hoymercedes.com.ar\/principal\/wp-json\/wp\/v2\/posts\/34989\/revisions"}],"wp:attachment":[{"href":"https:\/\/www.hoymercedes.com.ar\/principal\/wp-json\/wp\/v2\/media?parent=34989"}],"wp:term":[{"taxonomy":"category","embeddable":true,"href":"https:\/\/www.hoymercedes.com.ar\/principal\/wp-json\/wp\/v2\/categories?post=34989"},{"taxonomy":"post_tag","embeddable":true,"href":"https:\/\/www.hoymercedes.com.ar\/principal\/wp-json\/wp\/v2\/tags?post=34989"}],"curies":[{"name":"wp","href":"https:\/\/api.w.org\/{rel}","templated":true}]}}