{"id":35012,"date":"2014-08-10T23:25:33","date_gmt":"2014-08-11T02:25:33","guid":{"rendered":"http:\/\/www.hoymercedes.com.ar\/principal\/?p=35012"},"modified":"2014-08-12T22:08:22","modified_gmt":"2014-08-13T01:08:22","slug":"castelucci-en-barrio-rosedal-celebro-junto-a-las-familias-dia-del-nino","status":"publish","type":"post","link":"https:\/\/www.hoymercedes.com.ar\/principal\/2014\/08\/10\/castelucci-en-barrio-rosedal-celebro-junto-a-las-familias-dia-del-nino\/","title":{"rendered":"Castelucci en Barrio Rosedal celebr\u00f3 junto a las familias D\u00eda del Ni\u00f1o"},"content":{"rendered":"<p><a href=\"https:\/\/www.hoymercedes.com.ar\/principal\/wp-content\/uploads\/2014\/08\/Castelucci-Rosedal-DiaNi\u00f1o-I.jpg\"><img loading=\"lazy\" decoding=\"async\" data-attachment-id=\"35017\" data-permalink=\"https:\/\/www.hoymercedes.com.ar\/principal\/2014\/08\/10\/castelucci-en-barrio-rosedal-celebro-junto-a-las-familias-dia-del-nino\/castelucci-rosedal-dianino-i\/#main\" data-orig-file=\"https:\/\/www.hoymercedes.com.ar\/principal\/wp-content\/uploads\/2014\/08\/Castelucci-Rosedal-DiaNi\u00f1o-I.jpg\" data-orig-size=\"620,465\" data-comments-opened=\"1\" data-image-meta=\"{&quot;aperture&quot;:&quot;0&quot;,&quot;credit&quot;:&quot;&quot;,&quot;camera&quot;:&quot;&quot;,&quot;caption&quot;:&quot;&quot;,&quot;created_timestamp&quot;:&quot;0&quot;,&quot;copyright&quot;:&quot;&quot;,&quot;focal_length&quot;:&quot;0&quot;,&quot;iso&quot;:&quot;0&quot;,&quot;shutter_speed&quot;:&quot;0&quot;,&quot;title&quot;:&quot;&quot;}\" data-image-title=\"Castelucci-Rosedal-DiaNi\u00f1o-I\" data-image-description=\"\" data-image-caption=\"\" data-large-file=\"https:\/\/www.hoymercedes.com.ar\/principal\/wp-content\/uploads\/2014\/08\/Castelucci-Rosedal-DiaNi\u00f1o-I.jpg\" class=\"Img2014 aligncenter wp-image-35017 size-full\" src=\"https:\/\/www.hoymercedes.com.ar\/principal\/wp-content\/uploads\/2014\/08\/Castelucci-Rosedal-DiaNi\u00f1o-I.jpg\" alt=\"Castelucci-Rosedal-DiaNi\u00f1o-I\" width=\"620\" height=\"465\" \/><\/a><\/p>\n<p><em><strong>En plaza de 24 y 117 tambi\u00e9n celebraron el d\u00eda del ni\u00f1o. Mariano Castelucci estuvo presente y fue parte del encuentro familiar que se propuso para todos los chicos de la zona.<\/strong><\/em><\/p>\n<p>El encuentro fue \u00e9sta s\u00e1bado en el barrio El Rosedal organizado por la Sociedad de Fomento.<\/p>\n<p>Desde la Agrupaci\u00f3n comentaron: <em>\u00abCon un sol radiante , los ni\u00f1os disfrutaron de las actividades organizadas\u00a0 por la sociedad de fomento del Barrio El Rosedal, acompa\u00f1ados por la juventud de la agrupaci\u00f3n Arturo Jauretche , quienes obsequiaron a cada peque\u00f1o golosinas y juguetes como regalos en su d\u00eda.\u00bb<\/em><\/p>\n<p>El d\u00eda del ni\u00f1o cont\u00f3 as\u00ed con un nuevo espacio de entretenimiento, festejo y encuentro familiar.\u00a0<img loading=\"lazy\" decoding=\"async\" data-attachment-id=\"35018\" data-permalink=\"https:\/\/www.hoymercedes.com.ar\/principal\/2014\/08\/10\/castelucci-en-barrio-rosedal-celebro-junto-a-las-familias-dia-del-nino\/castelucci-rosedal-dianino-ii\/#main\" data-orig-file=\"https:\/\/www.hoymercedes.com.ar\/principal\/wp-content\/uploads\/2014\/08\/Castelucci-Rosedal-DiaNi\u00f1o-II.jpg\" data-orig-size=\"620,465\" data-comments-opened=\"1\" data-image-meta=\"{&quot;aperture&quot;:&quot;0&quot;,&quot;credit&quot;:&quot;&quot;,&quot;camera&quot;:&quot;&quot;,&quot;caption&quot;:&quot;&quot;,&quot;created_timestamp&quot;:&quot;0&quot;,&quot;copyright&quot;:&quot;&quot;,&quot;focal_length&quot;:&quot;0&quot;,&quot;iso&quot;:&quot;0&quot;,&quot;shutter_speed&quot;:&quot;0&quot;,&quot;title&quot;:&quot;&quot;}\" data-image-title=\"Castelucci-Rosedal-DiaNi\u00f1o-II\" data-image-description=\"\" data-image-caption=\"\" data-large-file=\"https:\/\/www.hoymercedes.com.ar\/principal\/wp-content\/uploads\/2014\/08\/Castelucci-Rosedal-DiaNi\u00f1o-II.jpg\" class=\"Img2014 aligncenter wp-image-35018 size-full\" src=\"https:\/\/www.hoymercedes.com.ar\/principal\/wp-content\/uploads\/2014\/08\/Castelucci-Rosedal-DiaNi\u00f1o-II.jpg\" alt=\"Castelucci-Rosedal-DiaNi\u00f1o-II\" width=\"620\" height=\"465\" \/><\/p>\n<p>&nbsp;<\/p>\n<p>&nbsp;<\/p>\n<p>&nbsp;<\/p>\n<p>&nbsp;<\/p>\n<p>&nbsp;<\/p>\n","protected":false},"excerpt":{"rendered":"<p>En plaza de 24 y 117 tambi\u00e9n celebraron el d\u00eda del ni\u00f1o. Mariano Castelucci estuvo presente y fue parte del &#8230; <a title=\"Castelucci en Barrio Rosedal celebr\u00f3 junto a las familias D\u00eda del Ni\u00f1o\" class=\"read-more\" href=\"https:\/\/www.hoymercedes.com.ar\/principal\/2014\/08\/10\/castelucci-en-barrio-rosedal-celebro-junto-a-las-familias-dia-del-nino\/\" aria-label=\"Leer m\u00e1s sobre Castelucci en Barrio Rosedal celebr\u00f3 junto a las familias D\u00eda del Ni\u00f1o\">Leer m\u00e1s<\/a><\/p>\n","protected":false},"author":1,"featured_media":0,"comment_status":"open","ping_status":"open","sticky":false,"template":"","format":"standard","meta":{"_monsterinsights_skip_tracking":false,"_monsterinsights_sitenote_active":false,"_monsterinsights_sitenote_note":"","_monsterinsights_sitenote_category":0,"jetpack_post_was_ever_published":false,"_jetpack_newsletter_access":"","_jetpack_dont_email_post_to_subs":false,"_jetpack_newsletter_tier_id":0,"_jetpack_memberships_contains_paywalled_content":false,"_jetpack_memberships_contains_paid_content":false,"footnotes":"","jetpack_publicize_message":"","jetpack_publicize_feature_enabled":true,"jetpack_social_post_already_shared":false,"jetpack_social_options":{"image_generator_settings":{"template":"highway","default_image_id":0,"font":"","enabled":false},"version":2},"_wpas_customize_per_network":false},"categories":[5],"tags":[5779,5778,513],"class_list":["post-35012","post","type-post","status-publish","format-standard","hentry","category-politica","tag-barrio-rosedal","tag-dia-del-nino-mercedes","tag-mariano-castelucci","generate-columns","tablet-grid-50","mobile-grid-100","grid-parent","grid-50"],"jetpack_publicize_connections":[],"jetpack_featured_media_url":"","wps_subtitle":"D\u00eda del ni\u00f1o en Mercedes","jetpack_sharing_enabled":true,"_links":{"self":[{"href":"https:\/\/www.hoymercedes.com.ar\/principal\/wp-json\/wp\/v2\/posts\/35012","targetHints":{"allow":["GET"]}}],"collection":[{"href":"https:\/\/www.hoymercedes.com.ar\/principal\/wp-json\/wp\/v2\/posts"}],"about":[{"href":"https:\/\/www.hoymercedes.com.ar\/principal\/wp-json\/wp\/v2\/types\/post"}],"author":[{"embeddable":true,"href":"https:\/\/www.hoymercedes.com.ar\/principal\/wp-json\/wp\/v2\/users\/1"}],"replies":[{"embeddable":true,"href":"https:\/\/www.hoymercedes.com.ar\/principal\/wp-json\/wp\/v2\/comments?post=35012"}],"version-history":[{"count":0,"href":"https:\/\/www.hoymercedes.com.ar\/principal\/wp-json\/wp\/v2\/posts\/35012\/revisions"}],"wp:attachment":[{"href":"https:\/\/www.hoymercedes.com.ar\/principal\/wp-json\/wp\/v2\/media?parent=35012"}],"wp:term":[{"taxonomy":"category","embeddable":true,"href":"https:\/\/www.hoymercedes.com.ar\/principal\/wp-json\/wp\/v2\/categories?post=35012"},{"taxonomy":"post_tag","embeddable":true,"href":"https:\/\/www.hoymercedes.com.ar\/principal\/wp-json\/wp\/v2\/tags?post=35012"}],"curies":[{"name":"wp","href":"https:\/\/api.w.org\/{rel}","templated":true}]}}