{"id":35020,"date":"2014-08-11T00:04:28","date_gmt":"2014-08-11T03:04:28","guid":{"rendered":"http:\/\/www.hoymercedes.com.ar\/principal\/?p=35020"},"modified":"2014-08-11T00:04:28","modified_gmt":"2014-08-11T03:04:28","slug":"gran-asistencia-de-publico-en-festival-folklorico-en-la-trocha","status":"publish","type":"post","link":"https:\/\/www.hoymercedes.com.ar\/principal\/2014\/08\/11\/gran-asistencia-de-publico-en-festival-folklorico-en-la-trocha\/","title":{"rendered":"Gran asistencia de p\u00fablico en festival folkl\u00f3rico en La Trocha"},"content":{"rendered":"<p><a href=\"https:\/\/www.hoymercedes.com.ar\/principal\/wp-content\/uploads\/2014\/08\/DiaNi\u00f1o-Folklore-LaTrocha-III.jpg\"><img loading=\"lazy\" decoding=\"async\" data-attachment-id=\"35022\" data-permalink=\"https:\/\/www.hoymercedes.com.ar\/principal\/2014\/08\/11\/gran-asistencia-de-publico-en-festival-folklorico-en-la-trocha\/dianino-folklore-latrocha-iii\/#main\" data-orig-file=\"https:\/\/www.hoymercedes.com.ar\/principal\/wp-content\/uploads\/2014\/08\/DiaNi\u00f1o-Folklore-LaTrocha-III.jpg\" data-orig-size=\"620,326\" data-comments-opened=\"1\" data-image-meta=\"{&quot;aperture&quot;:&quot;0&quot;,&quot;credit&quot;:&quot;&quot;,&quot;camera&quot;:&quot;&quot;,&quot;caption&quot;:&quot;&quot;,&quot;created_timestamp&quot;:&quot;0&quot;,&quot;copyright&quot;:&quot;&quot;,&quot;focal_length&quot;:&quot;0&quot;,&quot;iso&quot;:&quot;0&quot;,&quot;shutter_speed&quot;:&quot;0&quot;,&quot;title&quot;:&quot;&quot;}\" data-image-title=\"DiaNi\u00f1o-Folklore-LaTrocha-III\" data-image-description=\"\" data-image-caption=\"\" data-large-file=\"https:\/\/www.hoymercedes.com.ar\/principal\/wp-content\/uploads\/2014\/08\/DiaNi\u00f1o-Folklore-LaTrocha-III.jpg\" class=\"Img2014 aligncenter wp-image-35022 size-full\" src=\"https:\/\/www.hoymercedes.com.ar\/principal\/wp-content\/uploads\/2014\/08\/DiaNi\u00f1o-Folklore-LaTrocha-III.jpg\" alt=\"DiaNi\u00f1o-Folklore-LaTrocha-III\" width=\"620\" height=\"326\" \/><\/a><\/p>\n<p>&nbsp;<\/p>\n<p><em><strong>Con un gran marco de p\u00fablico se llev\u00f3 a cabo durante la tarde de \u00e9ste domingo, d\u00eda del ni\u00f1o, el anunciado Festival Folkl\u00f3rico en el Complejo Cultural La Trocha. La convocatoria incluy\u00f3 juegos, paseo de artesanos, gastronom\u00eda y el escenario con m\u00fasica para toda la familia.<\/strong><\/em><\/p>\n<p>La tarde que finalmente fue de Sol convoc\u00f3 a cientos de mercedinos al predio de avenida 40.<\/p>\n<p>Hubo agrupaciones gauchas y una cantina a beneficio de la Escuela N\u00b026<\/p>\n<p>Fernando Luna fue el locutor que durante la jornada fue amenizando y anunciando cada uno de los artistas que se presentaron en La Trocha.<\/p>\n<p><a href=\"https:\/\/www.hoymercedes.com.ar\/principal\/wp-content\/uploads\/2014\/08\/DiaNi\u00f1o-Folklore-LaTrocha.jpg\"><img loading=\"lazy\" decoding=\"async\" data-attachment-id=\"35023\" data-permalink=\"https:\/\/www.hoymercedes.com.ar\/principal\/2014\/08\/11\/gran-asistencia-de-publico-en-festival-folklorico-en-la-trocha\/dianino-folklore-latrocha\/#main\" data-orig-file=\"https:\/\/www.hoymercedes.com.ar\/principal\/wp-content\/uploads\/2014\/08\/DiaNi\u00f1o-Folklore-LaTrocha.jpg\" data-orig-size=\"620,349\" data-comments-opened=\"1\" data-image-meta=\"{&quot;aperture&quot;:&quot;0&quot;,&quot;credit&quot;:&quot;&quot;,&quot;camera&quot;:&quot;&quot;,&quot;caption&quot;:&quot;&quot;,&quot;created_timestamp&quot;:&quot;0&quot;,&quot;copyright&quot;:&quot;&quot;,&quot;focal_length&quot;:&quot;0&quot;,&quot;iso&quot;:&quot;0&quot;,&quot;shutter_speed&quot;:&quot;0&quot;,&quot;title&quot;:&quot;&quot;}\" data-image-title=\"DiaNi\u00f1o-Folklore-LaTrocha\" data-image-description=\"\" data-image-caption=\"\" data-large-file=\"https:\/\/www.hoymercedes.com.ar\/principal\/wp-content\/uploads\/2014\/08\/DiaNi\u00f1o-Folklore-LaTrocha.jpg\" class=\"Img2014 aligncenter wp-image-35023 size-full\" src=\"https:\/\/www.hoymercedes.com.ar\/principal\/wp-content\/uploads\/2014\/08\/DiaNi\u00f1o-Folklore-LaTrocha.jpg\" alt=\"DiaNi\u00f1o-Folklore-LaTrocha\" width=\"620\" height=\"349\" \/><\/a><\/p>\n<p>Adem\u00e1s de la familia mercedina se pudo ver al Diputado Nacional Eduardo De Pedro, al Presidente del Bloque de Concejales del Frente Mercedino, Juan Ustarroz y varios de sus compa\u00f1eros de bancada.<\/p>\n<p>Entre otros se presentaron Mario Batista, Sebasti\u00e1n Neiro, Tr\u00edo Pampa, Grupo Herencia Atamisque\u00f1a, Ponce de Le\u00f3n y la S\u00faper Tropical Marbella, quienes expresaron todo su talento ante el p\u00fablico que disfrut\u00f3 del Sol, el aire libre y las propuestas familiares<\/p>\n<p><img loading=\"lazy\" decoding=\"async\" data-attachment-id=\"35024\" data-permalink=\"https:\/\/www.hoymercedes.com.ar\/principal\/2014\/08\/11\/gran-asistencia-de-publico-en-festival-folklorico-en-la-trocha\/dianino-folklore-latrocha-ii\/#main\" data-orig-file=\"https:\/\/www.hoymercedes.com.ar\/principal\/wp-content\/uploads\/2014\/08\/DiaNi\u00f1o-Folklore-LaTrocha-II.jpg\" data-orig-size=\"620,349\" data-comments-opened=\"1\" data-image-meta=\"{&quot;aperture&quot;:&quot;0&quot;,&quot;credit&quot;:&quot;&quot;,&quot;camera&quot;:&quot;&quot;,&quot;caption&quot;:&quot;&quot;,&quot;created_timestamp&quot;:&quot;0&quot;,&quot;copyright&quot;:&quot;&quot;,&quot;focal_length&quot;:&quot;0&quot;,&quot;iso&quot;:&quot;0&quot;,&quot;shutter_speed&quot;:&quot;0&quot;,&quot;title&quot;:&quot;&quot;}\" data-image-title=\"DiaNi\u00f1o-Folklore-LaTrocha-II\" data-image-description=\"\" data-image-caption=\"\" data-large-file=\"https:\/\/www.hoymercedes.com.ar\/principal\/wp-content\/uploads\/2014\/08\/DiaNi\u00f1o-Folklore-LaTrocha-II.jpg\" class=\"Img2014 aligncenter wp-image-35024 size-full\" src=\"https:\/\/www.hoymercedes.com.ar\/principal\/wp-content\/uploads\/2014\/08\/DiaNi\u00f1o-Folklore-LaTrocha-II.jpg\" alt=\"DiaNi\u00f1o-Folklore-LaTrocha-II\" width=\"620\" height=\"349\" \/><\/p>\n<p>&nbsp;<\/p>\n<p><span style=\"color: #808080;\">Fotos: Frente Mercedino \/ Facebook<\/span><\/p>\n<p>&nbsp;<\/p>\n","protected":false},"excerpt":{"rendered":"<p>&nbsp; Con un gran marco de p\u00fablico se llev\u00f3 a cabo durante la tarde de \u00e9ste domingo, d\u00eda del ni\u00f1o, &#8230; <a title=\"Gran asistencia de p\u00fablico en festival folkl\u00f3rico en La Trocha\" class=\"read-more\" href=\"https:\/\/www.hoymercedes.com.ar\/principal\/2014\/08\/11\/gran-asistencia-de-publico-en-festival-folklorico-en-la-trocha\/\" aria-label=\"Leer m\u00e1s sobre Gran asistencia de p\u00fablico en festival folkl\u00f3rico en La Trocha\">Leer m\u00e1s<\/a><\/p>\n","protected":false},"author":1,"featured_media":0,"comment_status":"open","ping_status":"open","sticky":false,"template":"","format":"standard","meta":{"_monsterinsights_skip_tracking":false,"_monsterinsights_sitenote_active":false,"_monsterinsights_sitenote_note":"","_monsterinsights_sitenote_category":0,"jetpack_post_was_ever_published":false,"_jetpack_newsletter_access":"","_jetpack_dont_email_post_to_subs":false,"_jetpack_newsletter_tier_id":0,"_jetpack_memberships_contains_paywalled_content":false,"_jetpack_memberships_contains_paid_content":false,"footnotes":"","jetpack_publicize_message":"","jetpack_publicize_feature_enabled":true,"jetpack_social_post_already_shared":false,"jetpack_social_options":{"image_generator_settings":{"template":"highway","default_image_id":0,"font":"","enabled":false},"version":2},"_wpas_customize_per_network":false},"categories":[104],"tags":[4450,585,5780],"class_list":["post-35020","post","type-post","status-publish","format-standard","hentry","category-cultura","tag-complejo-cultural-la-trocha","tag-juan-ustarroz","tag-pena-foljlorica","generate-columns","tablet-grid-50","mobile-grid-100","grid-parent","grid-50"],"jetpack_publicize_connections":[],"jetpack_featured_media_url":"","wps_subtitle":"En el d\u00eda del ni\u00f1o","jetpack_sharing_enabled":true,"_links":{"self":[{"href":"https:\/\/www.hoymercedes.com.ar\/principal\/wp-json\/wp\/v2\/posts\/35020","targetHints":{"allow":["GET"]}}],"collection":[{"href":"https:\/\/www.hoymercedes.com.ar\/principal\/wp-json\/wp\/v2\/posts"}],"about":[{"href":"https:\/\/www.hoymercedes.com.ar\/principal\/wp-json\/wp\/v2\/types\/post"}],"author":[{"embeddable":true,"href":"https:\/\/www.hoymercedes.com.ar\/principal\/wp-json\/wp\/v2\/users\/1"}],"replies":[{"embeddable":true,"href":"https:\/\/www.hoymercedes.com.ar\/principal\/wp-json\/wp\/v2\/comments?post=35020"}],"version-history":[{"count":0,"href":"https:\/\/www.hoymercedes.com.ar\/principal\/wp-json\/wp\/v2\/posts\/35020\/revisions"}],"wp:attachment":[{"href":"https:\/\/www.hoymercedes.com.ar\/principal\/wp-json\/wp\/v2\/media?parent=35020"}],"wp:term":[{"taxonomy":"category","embeddable":true,"href":"https:\/\/www.hoymercedes.com.ar\/principal\/wp-json\/wp\/v2\/categories?post=35020"},{"taxonomy":"post_tag","embeddable":true,"href":"https:\/\/www.hoymercedes.com.ar\/principal\/wp-json\/wp\/v2\/tags?post=35020"}],"curies":[{"name":"wp","href":"https:\/\/api.w.org\/{rel}","templated":true}]}}