{"id":35034,"date":"2014-08-11T00:12:43","date_gmt":"2014-08-11T03:12:43","guid":{"rendered":"http:\/\/www.hoymercedes.com.ar\/principal\/?p=35034"},"modified":"2014-08-12T22:05:52","modified_gmt":"2014-08-13T01:05:52","slug":"concejo-deliberante-conoce-elorden-del-dia-completo","status":"publish","type":"post","link":"https:\/\/www.hoymercedes.com.ar\/principal\/2014\/08\/11\/concejo-deliberante-conoce-elorden-del-dia-completo\/","title":{"rendered":"Concejo deliberante: Conoc\u00e9 elorden del d\u00eda completo"},"content":{"rendered":"<p><em><strong>Este lunes se volver\u00e1 a reunir el Concejo Deliberante de nuestra ciudad con un variado temario de los distintos asuntos que son parte de la agenda ciudadana.<\/strong><\/em><\/p>\n<p>Ser\u00e1 desde las 19.00hs en el recinto del cuerpo deliberativo de calle 29 entre 24 y 26.<\/p>\n<p>Conoc\u00e9 el orden del d\u00eda completo:<\/p>\n<p>&nbsp;<\/p>\n<div data-configid=\"5622510\/8897178\" style=\"width: 620px; height: 876px;\" class=\"issuuembed\"><\/div>\n<p><script type=\"text\/javascript\" src=\"\/\/e.issuu.com\/embed.js\" async=\"true\"><\/script><\/p>\n","protected":false},"excerpt":{"rendered":"<p>Este lunes se volver\u00e1 a reunir el Concejo Deliberante de nuestra ciudad con un variado temario de los distintos asuntos &#8230; <a title=\"Concejo deliberante: Conoc\u00e9 elorden del d\u00eda completo\" class=\"read-more\" href=\"https:\/\/www.hoymercedes.com.ar\/principal\/2014\/08\/11\/concejo-deliberante-conoce-elorden-del-dia-completo\/\" aria-label=\"Leer m\u00e1s sobre Concejo deliberante: Conoc\u00e9 elorden del d\u00eda completo\">Leer m\u00e1s<\/a><\/p>\n","protected":false},"author":1,"featured_media":0,"comment_status":"open","ping_status":"open","sticky":false,"template":"","format":"standard","meta":{"_monsterinsights_skip_tracking":false,"_monsterinsights_sitenote_active":false,"_monsterinsights_sitenote_note":"","_monsterinsights_sitenote_category":0,"jetpack_post_was_ever_published":false,"_jetpack_newsletter_access":"","_jetpack_dont_email_post_to_subs":false,"_jetpack_newsletter_tier_id":0,"_jetpack_memberships_contains_paywalled_content":false,"_jetpack_memberships_contains_paid_content":false,"footnotes":"","jetpack_publicize_message":"","jetpack_publicize_feature_enabled":true,"jetpack_social_post_already_shared":false,"jetpack_social_options":{"image_generator_settings":{"template":"highway","default_image_id":0,"font":"","enabled":false},"version":2},"_wpas_customize_per_network":false},"categories":[5],"tags":[45],"class_list":["post-35034","post","type-post","status-publish","format-standard","hentry","category-politica","tag-concejo-deliberante-mercedes","generate-columns","tablet-grid-50","mobile-grid-100","grid-parent","grid-50"],"jetpack_publicize_connections":[],"jetpack_featured_media_url":"","wps_subtitle":"Se re\u00fane \u00e9ste lunes","jetpack_sharing_enabled":true,"_links":{"self":[{"href":"https:\/\/www.hoymercedes.com.ar\/principal\/wp-json\/wp\/v2\/posts\/35034","targetHints":{"allow":["GET"]}}],"collection":[{"href":"https:\/\/www.hoymercedes.com.ar\/principal\/wp-json\/wp\/v2\/posts"}],"about":[{"href":"https:\/\/www.hoymercedes.com.ar\/principal\/wp-json\/wp\/v2\/types\/post"}],"author":[{"embeddable":true,"href":"https:\/\/www.hoymercedes.com.ar\/principal\/wp-json\/wp\/v2\/users\/1"}],"replies":[{"embeddable":true,"href":"https:\/\/www.hoymercedes.com.ar\/principal\/wp-json\/wp\/v2\/comments?post=35034"}],"version-history":[{"count":0,"href":"https:\/\/www.hoymercedes.com.ar\/principal\/wp-json\/wp\/v2\/posts\/35034\/revisions"}],"wp:attachment":[{"href":"https:\/\/www.hoymercedes.com.ar\/principal\/wp-json\/wp\/v2\/media?parent=35034"}],"wp:term":[{"taxonomy":"category","embeddable":true,"href":"https:\/\/www.hoymercedes.com.ar\/principal\/wp-json\/wp\/v2\/categories?post=35034"},{"taxonomy":"post_tag","embeddable":true,"href":"https:\/\/www.hoymercedes.com.ar\/principal\/wp-json\/wp\/v2\/tags?post=35034"}],"curies":[{"name":"wp","href":"https:\/\/api.w.org\/{rel}","templated":true}]}}