{"id":35037,"date":"2014-08-11T13:43:48","date_gmt":"2014-08-11T16:43:48","guid":{"rendered":"http:\/\/www.hoymercedes.com.ar\/principal\/?p=35037"},"modified":"2014-08-11T13:43:48","modified_gmt":"2014-08-11T16:43:48","slug":"para-el-mic-la-solidaridad-es-un-valor-que-se-conserva-en-mercedes","status":"publish","type":"post","link":"https:\/\/www.hoymercedes.com.ar\/principal\/2014\/08\/11\/para-el-mic-la-solidaridad-es-un-valor-que-se-conserva-en-mercedes\/","title":{"rendered":"Para el MIC la solidaridad es un valor que se conserva en Mercedes"},"content":{"rendered":"<p><a href=\"https:\/\/www.hoymercedes.com.ar\/principal\/wp-content\/uploads\/2014\/08\/Mic-Juguetes-I.jpg\"><img loading=\"lazy\" decoding=\"async\" data-attachment-id=\"35038\" data-permalink=\"https:\/\/www.hoymercedes.com.ar\/principal\/2014\/08\/11\/para-el-mic-la-solidaridad-es-un-valor-que-se-conserva-en-mercedes\/mic-juguetes-i\/#main\" data-orig-file=\"https:\/\/www.hoymercedes.com.ar\/principal\/wp-content\/uploads\/2014\/08\/Mic-Juguetes-I.jpg\" data-orig-size=\"620,465\" data-comments-opened=\"1\" data-image-meta=\"{&quot;aperture&quot;:&quot;0&quot;,&quot;credit&quot;:&quot;&quot;,&quot;camera&quot;:&quot;&quot;,&quot;caption&quot;:&quot;&quot;,&quot;created_timestamp&quot;:&quot;0&quot;,&quot;copyright&quot;:&quot;&quot;,&quot;focal_length&quot;:&quot;0&quot;,&quot;iso&quot;:&quot;0&quot;,&quot;shutter_speed&quot;:&quot;0&quot;,&quot;title&quot;:&quot;&quot;}\" data-image-title=\"Mic-Juguetes-I\" data-image-description=\"\" data-image-caption=\"\" data-large-file=\"https:\/\/www.hoymercedes.com.ar\/principal\/wp-content\/uploads\/2014\/08\/Mic-Juguetes-I.jpg\" class=\"Img2014 aligncenter wp-image-35038 size-full\" src=\"https:\/\/www.hoymercedes.com.ar\/principal\/wp-content\/uploads\/2014\/08\/Mic-Juguetes-I.jpg\" alt=\"Mic-Juguetes-I\" width=\"620\" height=\"465\" \/><\/a><\/p>\n<p><em><strong>El MIC llev\u00f3 a cabo diversas gestiones y actividades solidarias. Las mismas se enmarcan en parte de las cotidianas actividades partidarias y de vinculaci\u00f3n comunal. En \u00e9sta ocasi\u00f3n entregaron juguetes en diversas instituciones.<\/strong><\/em><\/p>\n<p>Desde el MIC manifestaron:<em> \u201cEl Mercedes Independiente Comunal (MIC) es una Agrupaci\u00f3n Vecinal que se maneja con recursos propios, por lo cual gestion\u00f3 una campa\u00f1a de solidaridad para que los mercedinos donen juguetes nuevos o en buen estado para poder entregar en diferentes lugares de Mercedes.<img loading=\"lazy\" decoding=\"async\" data-attachment-id=\"35039\" data-permalink=\"https:\/\/www.hoymercedes.com.ar\/principal\/2014\/08\/11\/para-el-mic-la-solidaridad-es-un-valor-que-se-conserva-en-mercedes\/mic-juguetes-ii\/#main\" data-orig-file=\"https:\/\/www.hoymercedes.com.ar\/principal\/wp-content\/uploads\/2014\/08\/Mic-Juguetes-II.jpg\" data-orig-size=\"620,465\" data-comments-opened=\"1\" data-image-meta=\"{&quot;aperture&quot;:&quot;0&quot;,&quot;credit&quot;:&quot;&quot;,&quot;camera&quot;:&quot;&quot;,&quot;caption&quot;:&quot;&quot;,&quot;created_timestamp&quot;:&quot;0&quot;,&quot;copyright&quot;:&quot;&quot;,&quot;focal_length&quot;:&quot;0&quot;,&quot;iso&quot;:&quot;0&quot;,&quot;shutter_speed&quot;:&quot;0&quot;,&quot;title&quot;:&quot;&quot;}\" data-image-title=\"Mic-Juguetes-II\" data-image-description=\"\" data-image-caption=\"\" data-large-file=\"https:\/\/www.hoymercedes.com.ar\/principal\/wp-content\/uploads\/2014\/08\/Mic-Juguetes-II.jpg\" class=\"Img2014 aligncenter wp-image-35039 size-full\" src=\"https:\/\/www.hoymercedes.com.ar\/principal\/wp-content\/uploads\/2014\/08\/Mic-Juguetes-II.jpg\" alt=\"Mic-Juguetes-II\" width=\"620\" height=\"465\" \/><br class=\"Apple-interchange-newline\" \/><br class=\"Apple-interchange-newline\" \/><\/em><\/p>\n<p><em>Es as\u00ed que este domingo 10 de agosto los concejales del MIC, Jos\u00e9 Cestari y Juan Carlos Badano, junto al Presidente Agust\u00edn Bavastro, el Vicepresidente Cristi\u00e1n Torne, la secretaria Anal\u00eda Gallardo, el referente de la Juventud Nicol\u00e1s Quiroga y la encargada de eventos Patricia Brugna realizaron lo siguiente:<\/em><\/p>\n<p><em>1)\u00a0\u00a0\u00a0 Visitaron el Hospital Zonal de Agudos Blas L. Dubarry, previa autorizaci\u00f3n del Director del mismo Rodolfo Pr\u00edncipi, para entregar juguetes en nombre de los mercedinos solidarios a los ni\u00f1os que se encontraban en el sector de pediatr\u00eda y en la guardia del nosocomio. Se comparti\u00f3 un momento de alegr\u00eda con los ni\u00f1os y sus padres.<\/em><\/p>\n<p><em>2)\u00a0\u00a0\u00a0 Visitaron el Instituto Nicol\u00e1s Lowe, donde fueron recibidos por el personal a cargo y en nombre de los mercedinos solidarios se entregaron juguetes a los ni\u00f1os y participaron de un momento de afecto con los mismos. Asimismo se entreg\u00f3 ropa donada por diferentes personas que se recolect\u00f3 en el local del MIC de Avenida 17 entre calles 12 y 14.<img loading=\"lazy\" decoding=\"async\" data-attachment-id=\"35040\" data-permalink=\"https:\/\/www.hoymercedes.com.ar\/principal\/2014\/08\/11\/para-el-mic-la-solidaridad-es-un-valor-que-se-conserva-en-mercedes\/mic-juguetes-iii\/#main\" data-orig-file=\"https:\/\/www.hoymercedes.com.ar\/principal\/wp-content\/uploads\/2014\/08\/Mic-Juguetes-III.jpg\" data-orig-size=\"620,465\" data-comments-opened=\"1\" data-image-meta=\"{&quot;aperture&quot;:&quot;0&quot;,&quot;credit&quot;:&quot;&quot;,&quot;camera&quot;:&quot;&quot;,&quot;caption&quot;:&quot;&quot;,&quot;created_timestamp&quot;:&quot;0&quot;,&quot;copyright&quot;:&quot;Copyright 2007&quot;,&quot;focal_length&quot;:&quot;0&quot;,&quot;iso&quot;:&quot;0&quot;,&quot;shutter_speed&quot;:&quot;0&quot;,&quot;title&quot;:&quot;&quot;}\" data-image-title=\"Mic-Juguetes-III\" data-image-description=\"\" data-image-caption=\"\" data-large-file=\"https:\/\/www.hoymercedes.com.ar\/principal\/wp-content\/uploads\/2014\/08\/Mic-Juguetes-III.jpg\" class=\"Img2014 aligncenter wp-image-35040 size-full\" src=\"https:\/\/www.hoymercedes.com.ar\/principal\/wp-content\/uploads\/2014\/08\/Mic-Juguetes-III.jpg\" alt=\"Mic-Juguetes-III\" width=\"620\" height=\"465\" \/><\/em><\/p>\n<p><em>3)\u00a0\u00a0\u00a0 Se visit\u00f3 a los vecinos del Barrio G\u00fcemes, que realizaron un evento muy importante en la calle 45 entre 36 y 38 para conmemorar el d\u00eda del ni\u00f1o. Se felicit\u00f3 al actual Presidente, Omar Moriconi, y a toda la comisi\u00f3n directiva de la Sociedad de Fomento del Barrio G\u00fcemes, no solo por el evento llevado a cabo sino tambi\u00e9n por el proyecto de la separaci\u00f3n de residuos en bolsas de diferentes colores, un ejemplo a seguir por otras barriadas y los concejales del MIC se comprometieron a trabajar en Proyectos que complemente esta actividad tan necesaria en nuestra ciudad.<\/em><\/p>\n<p><em>Los militantes del MIC siguen muy entusiasmados en este tipo de eventos y esta semana se recibir\u00e1n donaciones de juguetes nuevos o en buen estado para continuar distribuyendo el fin de semana pr\u00f3ximo (mi\u00e9rcoles 13\u00a0 de 20 a 21 hs y s\u00e1bado 16 de 11 a 13 hs en el local del MIC de Avenida 17 entre calles 12 y 14. Tambi\u00e9n se pueden llevar al Kiosco Garabatos de calle 16 entre 31 y 33 y a la Librer\u00eda San Patricio de esquina de Avenida 17 y calle 14.\u201d<\/em><\/p>\n<p><em><img loading=\"lazy\" decoding=\"async\" data-attachment-id=\"35041\" data-permalink=\"https:\/\/www.hoymercedes.com.ar\/principal\/2014\/08\/11\/para-el-mic-la-solidaridad-es-un-valor-que-se-conserva-en-mercedes\/mic-juguetes-v\/#main\" data-orig-file=\"https:\/\/www.hoymercedes.com.ar\/principal\/wp-content\/uploads\/2014\/08\/Mic-Juguetes-V.jpg\" data-orig-size=\"620,465\" data-comments-opened=\"1\" data-image-meta=\"{&quot;aperture&quot;:&quot;0&quot;,&quot;credit&quot;:&quot;&quot;,&quot;camera&quot;:&quot;&quot;,&quot;caption&quot;:&quot;&quot;,&quot;created_timestamp&quot;:&quot;0&quot;,&quot;copyright&quot;:&quot;Copyright 2007&quot;,&quot;focal_length&quot;:&quot;0&quot;,&quot;iso&quot;:&quot;0&quot;,&quot;shutter_speed&quot;:&quot;0&quot;,&quot;title&quot;:&quot;&quot;}\" data-image-title=\"Mic-Juguetes-V\" data-image-description=\"\" data-image-caption=\"\" data-large-file=\"https:\/\/www.hoymercedes.com.ar\/principal\/wp-content\/uploads\/2014\/08\/Mic-Juguetes-V.jpg\" class=\"Img2014 aligncenter wp-image-35041 size-full\" src=\"https:\/\/www.hoymercedes.com.ar\/principal\/wp-content\/uploads\/2014\/08\/Mic-Juguetes-V.jpg\" alt=\"Mic-Juguetes-V\" width=\"620\" height=\"465\" \/><\/em><\/p>\n","protected":false},"excerpt":{"rendered":"<p>El MIC llev\u00f3 a cabo diversas gestiones y actividades solidarias. Las mismas se enmarcan en parte de las cotidianas actividades &#8230; <a title=\"Para el MIC la solidaridad es un valor que se conserva en Mercedes\" class=\"read-more\" href=\"https:\/\/www.hoymercedes.com.ar\/principal\/2014\/08\/11\/para-el-mic-la-solidaridad-es-un-valor-que-se-conserva-en-mercedes\/\" aria-label=\"Leer m\u00e1s sobre Para el MIC la solidaridad es un valor que se conserva en Mercedes\">Leer m\u00e1s<\/a><\/p>\n","protected":false},"author":1,"featured_media":0,"comment_status":"open","ping_status":"open","sticky":false,"template":"","format":"standard","meta":{"_monsterinsights_skip_tracking":false,"_monsterinsights_sitenote_active":false,"_monsterinsights_sitenote_note":"","_monsterinsights_sitenote_category":0,"jetpack_post_was_ever_published":false,"_jetpack_newsletter_access":"","_jetpack_dont_email_post_to_subs":false,"_jetpack_newsletter_tier_id":0,"_jetpack_memberships_contains_paywalled_content":false,"_jetpack_memberships_contains_paid_content":false,"footnotes":"","jetpack_publicize_message":"","jetpack_publicize_feature_enabled":true,"jetpack_social_post_already_shared":false,"jetpack_social_options":{"image_generator_settings":{"template":"highway","default_image_id":0,"font":"","enabled":false},"version":2},"_wpas_customize_per_network":false},"categories":[5],"tags":[321,4098,3908,1956,5233],"class_list":["post-35037","post","type-post","status-publish","format-standard","hentry","category-politica","tag-jose-cestari","tag-juan-carlos-badano","tag-mercedes-independiente-comunal","tag-mic-mercedes","tag-mic-pro","generate-columns","tablet-grid-50","mobile-grid-100","grid-parent","grid-50"],"jetpack_publicize_connections":[],"jetpack_featured_media_url":"","wps_subtitle":"En el d\u00eda del ni\u00f1o","jetpack_sharing_enabled":true,"_links":{"self":[{"href":"https:\/\/www.hoymercedes.com.ar\/principal\/wp-json\/wp\/v2\/posts\/35037","targetHints":{"allow":["GET"]}}],"collection":[{"href":"https:\/\/www.hoymercedes.com.ar\/principal\/wp-json\/wp\/v2\/posts"}],"about":[{"href":"https:\/\/www.hoymercedes.com.ar\/principal\/wp-json\/wp\/v2\/types\/post"}],"author":[{"embeddable":true,"href":"https:\/\/www.hoymercedes.com.ar\/principal\/wp-json\/wp\/v2\/users\/1"}],"replies":[{"embeddable":true,"href":"https:\/\/www.hoymercedes.com.ar\/principal\/wp-json\/wp\/v2\/comments?post=35037"}],"version-history":[{"count":0,"href":"https:\/\/www.hoymercedes.com.ar\/principal\/wp-json\/wp\/v2\/posts\/35037\/revisions"}],"wp:attachment":[{"href":"https:\/\/www.hoymercedes.com.ar\/principal\/wp-json\/wp\/v2\/media?parent=35037"}],"wp:term":[{"taxonomy":"category","embeddable":true,"href":"https:\/\/www.hoymercedes.com.ar\/principal\/wp-json\/wp\/v2\/categories?post=35037"},{"taxonomy":"post_tag","embeddable":true,"href":"https:\/\/www.hoymercedes.com.ar\/principal\/wp-json\/wp\/v2\/tags?post=35037"}],"curies":[{"name":"wp","href":"https:\/\/api.w.org\/{rel}","templated":true}]}}