{"id":35056,"date":"2014-08-11T21:20:16","date_gmt":"2014-08-12T00:20:16","guid":{"rendered":"http:\/\/www.hoymercedes.com.ar\/principal\/?p=35056"},"modified":"2014-08-11T21:20:16","modified_gmt":"2014-08-12T00:20:16","slug":"carlos-selva-no-claudicamos-con-ninguna-de-las-posturas-que-tomamos-el-ano-pasado","status":"publish","type":"post","link":"https:\/\/www.hoymercedes.com.ar\/principal\/2014\/08\/11\/carlos-selva-no-claudicamos-con-ninguna-de-las-posturas-que-tomamos-el-ano-pasado\/","title":{"rendered":"Carlos Selva: \u201cNo claudicamos con ninguna de las posturas que tomamos el a\u00f1o pasado\u201d"},"content":{"rendered":"<p><em><strong><a href=\"https:\/\/www.hoymercedes.com.ar\/principal\/wp-content\/uploads\/2014\/08\/selva-massa.jpg\"><img loading=\"lazy\" decoding=\"async\" data-attachment-id=\"35057\" data-permalink=\"https:\/\/www.hoymercedes.com.ar\/principal\/2014\/08\/11\/carlos-selva-no-claudicamos-con-ninguna-de-las-posturas-que-tomamos-el-ano-pasado\/selva-massa-9\/#main\" data-orig-file=\"https:\/\/www.hoymercedes.com.ar\/principal\/wp-content\/uploads\/2014\/08\/selva-massa.jpg\" data-orig-size=\"620,414\" data-comments-opened=\"1\" data-image-meta=\"{&quot;aperture&quot;:&quot;0&quot;,&quot;credit&quot;:&quot;&quot;,&quot;camera&quot;:&quot;&quot;,&quot;caption&quot;:&quot;&quot;,&quot;created_timestamp&quot;:&quot;0&quot;,&quot;copyright&quot;:&quot;&quot;,&quot;focal_length&quot;:&quot;0&quot;,&quot;iso&quot;:&quot;0&quot;,&quot;shutter_speed&quot;:&quot;0&quot;,&quot;title&quot;:&quot;&quot;}\" data-image-title=\"selva-massa\" data-image-description=\"\" data-image-caption=\"\" data-large-file=\"https:\/\/www.hoymercedes.com.ar\/principal\/wp-content\/uploads\/2014\/08\/selva-massa.jpg\" class=\"Img2014 aligncenter wp-image-35057 size-full\" src=\"https:\/\/www.hoymercedes.com.ar\/principal\/wp-content\/uploads\/2014\/08\/selva-massa.jpg\" alt=\"selva-massa\" width=\"620\" height=\"414\" \/><\/a>El Frente Renovador renov\u00f3 su alianza con la militancia y dirigentes a un a\u00f1o del triunfo en las elecciones Primarias con un almuerzo de camarader\u00eda que se desarroll\u00f3 en el Polideportivo de la localidad de almirante Brown.<\/strong><\/em><\/p>\n<p>El intendente Carlos Selva particip\u00f3, junto a Sergio Massa, Dar\u00edo Giustozzi y dem\u00e1s diputados e intendentes de la provincia, de la conmemoraci\u00f3n del triunfo en las Primarias del a\u00f1o pasado que termin\u00f3 fortaleciendo al candidato del Frente Renovador a la diputaci\u00f3n nacional a\u00fan m\u00e1s para consolidarse con una victoria m\u00e1s holgada en las generales de octubre.<\/p>\n<p>El Frente Renovador decidi\u00f3 reunirse en el Polideportivo de almirante Brown pero no con \u00e1nimo de festejo, sino m\u00e1s bien de reforzar la alianza con la ciudadan\u00eda. \u201cReafirmamos el compromiso con la confianza que nos dio la gente el a\u00f1o pasado. Est\u00e1 muy bueno juntarse con dirigentes y militantes, pero la cosa no est\u00e1 para festejar nada y desentenderse de los problemas de la gente A quienes votaron al Frente renovador, y a quienes no tambi\u00e9n, les aseguramos que no claudicamos con ninguna de las posturas que tomamos el a\u00f1o pasado. Seguimos sosteniendo que el impuesto al trabajo no puede seguir as\u00ed; que la inflaci\u00f3n le come el salario al argentino y que la inseguridad nos quita la libertad de vivir con tranquilidad. Seguimos con esos mismos temas, pero con el problema que todos ellos se agravaron porque quienes gobiernan no tomaron las decisiones de fondo que se deben tomar\u201d, sostuvo el primer mandatario mercedino.<\/p>\n<p>En el acto fueron varios los que tomaron las palabras y en \u00faltima instancia fue Sergio Massa quien dej\u00f3 varias frases de fuste. \u201cLa verdadera agenda es la de la pelea contra los buitres que los argentinos sufren todos los d\u00edas. La inseguridad es un buitre que hace que la gente tenga miedo, la inflaci\u00f3n es un buitre que hace que a la gente no le alcance ni el salario ni la jubilaci\u00f3n, la droga es un buitre que camina en los barrios y por eso le tenemos que dar un combate fuerte, los impuestos son buitres que le quitan peso al salario de los trabajadores y de las PYMES\u201d, afirm\u00f3 el diputado nacional.<\/p>\n","protected":false},"excerpt":{"rendered":"<p>El Frente Renovador renov\u00f3 su alianza con la militancia y dirigentes a un a\u00f1o del triunfo en las elecciones Primarias &#8230; <a title=\"Carlos Selva: \u201cNo claudicamos con ninguna de las posturas que tomamos el a\u00f1o pasado\u201d\" class=\"read-more\" href=\"https:\/\/www.hoymercedes.com.ar\/principal\/2014\/08\/11\/carlos-selva-no-claudicamos-con-ninguna-de-las-posturas-que-tomamos-el-ano-pasado\/\" aria-label=\"Leer m\u00e1s sobre Carlos Selva: \u201cNo claudicamos con ninguna de las posturas que tomamos el a\u00f1o pasado\u201d\">Leer m\u00e1s<\/a><\/p>\n","protected":false},"author":1,"featured_media":0,"comment_status":"open","ping_status":"open","sticky":false,"template":"","format":"standard","meta":{"_monsterinsights_skip_tracking":false,"_monsterinsights_sitenote_active":false,"_monsterinsights_sitenote_note":"","_monsterinsights_sitenote_category":0,"jetpack_post_was_ever_published":false,"_jetpack_newsletter_access":"","_jetpack_dont_email_post_to_subs":false,"_jetpack_newsletter_tier_id":0,"_jetpack_memberships_contains_paywalled_content":false,"_jetpack_memberships_contains_paid_content":false,"footnotes":"","jetpack_publicize_message":"","jetpack_publicize_feature_enabled":true,"jetpack_social_post_already_shared":false,"jetpack_social_options":{"image_generator_settings":{"template":"highway","default_image_id":0,"font":"","enabled":false},"version":2},"_wpas_customize_per_network":false},"categories":[5],"tags":[39,3537],"class_list":["post-35056","post","type-post","status-publish","format-standard","hentry","category-politica","tag-carlos-selva","tag-frente-renovador","generate-columns","tablet-grid-50","mobile-grid-100","grid-parent","grid-50"],"jetpack_publicize_connections":[],"jetpack_featured_media_url":"","wps_subtitle":"Pol\u00edtica provincial ","jetpack_sharing_enabled":true,"_links":{"self":[{"href":"https:\/\/www.hoymercedes.com.ar\/principal\/wp-json\/wp\/v2\/posts\/35056","targetHints":{"allow":["GET"]}}],"collection":[{"href":"https:\/\/www.hoymercedes.com.ar\/principal\/wp-json\/wp\/v2\/posts"}],"about":[{"href":"https:\/\/www.hoymercedes.com.ar\/principal\/wp-json\/wp\/v2\/types\/post"}],"author":[{"embeddable":true,"href":"https:\/\/www.hoymercedes.com.ar\/principal\/wp-json\/wp\/v2\/users\/1"}],"replies":[{"embeddable":true,"href":"https:\/\/www.hoymercedes.com.ar\/principal\/wp-json\/wp\/v2\/comments?post=35056"}],"version-history":[{"count":0,"href":"https:\/\/www.hoymercedes.com.ar\/principal\/wp-json\/wp\/v2\/posts\/35056\/revisions"}],"wp:attachment":[{"href":"https:\/\/www.hoymercedes.com.ar\/principal\/wp-json\/wp\/v2\/media?parent=35056"}],"wp:term":[{"taxonomy":"category","embeddable":true,"href":"https:\/\/www.hoymercedes.com.ar\/principal\/wp-json\/wp\/v2\/categories?post=35056"},{"taxonomy":"post_tag","embeddable":true,"href":"https:\/\/www.hoymercedes.com.ar\/principal\/wp-json\/wp\/v2\/tags?post=35056"}],"curies":[{"name":"wp","href":"https:\/\/api.w.org\/{rel}","templated":true}]}}