{"id":35086,"date":"2014-08-12T10:23:34","date_gmt":"2014-08-12T13:23:34","guid":{"rendered":"http:\/\/www.hoymercedes.com.ar\/principal\/?p=35086"},"modified":"2014-08-12T10:23:34","modified_gmt":"2014-08-12T13:23:34","slug":"cestari-no-queremos-ser-cabeza-dura-como-el-intendente","status":"publish","type":"post","link":"https:\/\/www.hoymercedes.com.ar\/principal\/2014\/08\/12\/cestari-no-queremos-ser-cabeza-dura-como-el-intendente\/","title":{"rendered":"Cestari: \u00abNo queremos ser cabeza dura como el Intendente\u00bb"},"content":{"rendered":"<p><a href=\"https:\/\/www.hoymercedes.com.ar\/principal\/wp-content\/uploads\/2014\/08\/JoseCestari.MIC-Mercedes.jpg\"><img loading=\"lazy\" decoding=\"async\" data-attachment-id=\"35087\" data-permalink=\"https:\/\/www.hoymercedes.com.ar\/principal\/2014\/08\/12\/cestari-no-queremos-ser-cabeza-dura-como-el-intendente\/josecestari-mic-mercedes-2\/#main\" data-orig-file=\"https:\/\/www.hoymercedes.com.ar\/principal\/wp-content\/uploads\/2014\/08\/JoseCestari.MIC-Mercedes.jpg\" data-orig-size=\"618,412\" data-comments-opened=\"1\" data-image-meta=\"{&quot;aperture&quot;:&quot;4.5&quot;,&quot;credit&quot;:&quot;&quot;,&quot;camera&quot;:&quot;NIKON D90&quot;,&quot;caption&quot;:&quot;&quot;,&quot;created_timestamp&quot;:&quot;1289562676&quot;,&quot;copyright&quot;:&quot;Paula Soruco Fotograf\\u00eda&quot;,&quot;focal_length&quot;:&quot;35&quot;,&quot;iso&quot;:&quot;200&quot;,&quot;shutter_speed&quot;:&quot;0.0333333333333&quot;,&quot;title&quot;:&quot;&quot;}\" data-image-title=\"JoseCestari.MIC-Mercedes\" data-image-description=\"\" data-image-caption=\"\" data-large-file=\"https:\/\/www.hoymercedes.com.ar\/principal\/wp-content\/uploads\/2014\/08\/JoseCestari.MIC-Mercedes.jpg\" class=\"Img2014 aligncenter wp-image-35087 size-full\" src=\"https:\/\/www.hoymercedes.com.ar\/principal\/wp-content\/uploads\/2014\/08\/JoseCestari.MIC-Mercedes.jpg\" alt=\"JoseCestari.MIC-Mercedes\" width=\"618\" height=\"412\" \/><\/a><\/p>\n<p><strong>Por MIC <\/strong><\/p>\n<p>El d\u00eda lunes 11 de agosto se llev\u00f3 a cabo una nueva Sesi\u00f3n Ordinaria en el HCD.<\/p>\n<p>Entre la gran cantidad de proyectos presentados el bloque oficialista propuso que el Cuerpo se constituya en Comisi\u00f3n y tratara el Expediente 3485\/14 DE que propon\u00eda modificaciones a la Ordenanza 7186\/12 (de implementaci\u00f3n del\u00a0\u00a0estacionamiento medido y pago en un \u00e1rea de Mercedes).<\/p>\n<p>Proyecto de Ordenanza<\/p>\n<p>Art. 1\u00b0. Modif\u00edcase el art\u00edculo 1\u00b0 de la Ordenanza 7186\/12 el que quedar\u00e1 redactado de la siguiente manera \u201c Establ\u00e9cese el estacionamiento por tiempo, medido y pago, en la zona c\u00e9ntrica de la ciudad de Mercedes. A los fines de la aplicaci\u00f3n de la presente Ordenanza se entender\u00e1 por zona c\u00e9ntrica de la ciudad, el \u00e1rea delimitada por las calles 14, 19, 30 y 33, incluidas estas (zona 1), y la delimitada por calle 33 a 37 y de 24 a 26, incluidas estas (zona 2).\u201d<\/p>\n<p>Art. 2\u00b0. Modif\u00edcase el art\u00edculo 2\u00b0 de la Ordenanza 7186\/12 eliminando la frase \u201cDurante los d\u00edas s\u00e1bados de 9.00 horas a 13.00 horas\u201d<\/p>\n<p>Art. 3\u00b0. Ampl\u00edase la zona de estacionamiento exclusivamente sobre mano derecha a las manzanas comprendidas en la zona delimitada por las calles 10 a 40 y 17 a 37.<\/p>\n<p>El Bloque MIC ante los antecedentes de la falta de un estudio de impacto de la implementaci\u00f3n del Estacionamiento medido y pago por parte del Intendente, que es meramente recaudatorio y no ordena el tr\u00e1nsito vial, que Carlos Selva vet\u00f3 la Ordenanza 7504\/14 que propon\u00eda reducir el horario de estacionamiento medido y pago de lunes a viernes de 8.00 horas a 14.00 horas, que el jefe Comunal no cumpli\u00f3 con el art. 23 \u00b0 de la Ordenanza 7186\/12 \u201cEstablecer los primeros tres (3) meses del funcionamiento del estacionamiento medido a partir de la sanci\u00f3n de la presente Ordenanza, como prueba piloto, debiendo conformarse, cumplido el plazo, una comisi\u00f3n integrada por tres miembros del HCD y tres representantes del DE a efectos de realizar una evaluaci\u00f3n de la aplicaci\u00f3n del estacionamiento medido\u201d, que casi todos los controles de tr\u00e1nsito est\u00e1n abocados al \u00e1rea en cuesti\u00f3n, descuidando otras zonas importantes de la ciudad, etc. Y que no somos necios, ni cabeza dura como el Intendente, que actuamos racionalmente buscando no hacer le\u00f1a del \u00e1rbol ca\u00eddo sino buscar una mejora para los vecinos de Mercedes, que le\u00edmos la Petici\u00f3n Particular presentada por frentistas y comerciantes de la calle 19 solicitando la ampliaci\u00f3n del estacionamiento Medido y Pago en esa arteria de comunicaci\u00f3n, que dialogamos con los frentistas y comerciantes de la calle 19 y la calle 33 para escuchar su opini\u00f3n, que uno de los puntos que nos solicit\u00f3 la Uni\u00f3n de Comerciantes Mercedinos; S\u00e1bados libres: la actividad del d\u00eda s\u00e1bado tiene caracter\u00edsticas particulares. En este d\u00eda, mucha gente que trabaja durante la semana aprovecha para salir distendida y con m\u00e1s tiempo para realizar sus compras. Adem\u00e1s es importante destacar que se sale en familia, sobre todo las madres que deben salir con sus hijos (que en este d\u00eda no van a la escuela), para efectuar las adquisiciones necesarias, y tambi\u00e9n para disfrutar. Por supuesto esto demanda un mayor tiempo de estad\u00eda en el \u00e1rea en cuesti\u00f3n, por lo que resulta injusto penalizar al pueblo en un d\u00eda tradicional de compras y desfrute\u201d.<\/p>\n<p>Ante esta situaci\u00f3n, el Bloque MIC, consider\u00f3 no ser cabeza dura, no ser necios, votar con racionabilidad sin hacer le\u00f1a del \u00e1rbol ca\u00eddo y buscar lo mejor para los vecinos de Mercedes, que es nuestra verdad relativa y no absoluta.<\/p>\n<p>Por eso propusimos votar la Ordenanza (Expediente 3585\/14), aprobando los art\u00edculos 1\u00b0 y 2\u00b0, si el Bloque oficialista sacaba el rid\u00edculo art\u00edculo 3\u00b0 que intentaba reducir las d\u00e1rsenas para estacionar fuera del \u00e1rea de estacionamiento medido, posiblemente generando m\u00e1s desorden al tr\u00e1nsito vehicular.<\/p>\n<p>&nbsp;<\/p>\n<p>&nbsp;<\/p>\n<p>&nbsp;<\/p>\n","protected":false},"excerpt":{"rendered":"<p>Por MIC El d\u00eda lunes 11 de agosto se llev\u00f3 a cabo una nueva Sesi\u00f3n Ordinaria en el HCD. Entre &#8230; <a title=\"Cestari: \u00abNo queremos ser cabeza dura como el Intendente\u00bb\" class=\"read-more\" href=\"https:\/\/www.hoymercedes.com.ar\/principal\/2014\/08\/12\/cestari-no-queremos-ser-cabeza-dura-como-el-intendente\/\" aria-label=\"Leer m\u00e1s sobre Cestari: \u00abNo queremos ser cabeza dura como el Intendente\u00bb\">Leer m\u00e1s<\/a><\/p>\n","protected":false},"author":1,"featured_media":0,"comment_status":"open","ping_status":"open","sticky":false,"template":"","format":"standard","meta":{"_monsterinsights_skip_tracking":false,"_monsterinsights_sitenote_active":false,"_monsterinsights_sitenote_note":"","_monsterinsights_sitenote_category":0,"jetpack_post_was_ever_published":false,"_jetpack_newsletter_access":"","_jetpack_dont_email_post_to_subs":false,"_jetpack_newsletter_tier_id":0,"_jetpack_memberships_contains_paywalled_content":false,"_jetpack_memberships_contains_paid_content":false,"footnotes":"","jetpack_publicize_message":"","jetpack_publicize_feature_enabled":true,"jetpack_social_post_already_shared":false,"jetpack_social_options":{"image_generator_settings":{"template":"highway","default_image_id":0,"font":"","enabled":false},"version":2},"_wpas_customize_per_network":false},"categories":[5],"tags":[321,10,1956,5790],"class_list":["post-35086","post","type-post","status-publish","format-standard","hentry","category-politica","tag-jose-cestari","tag-mercedes","tag-mic-mercedes","tag-pro-mic","generate-columns","tablet-grid-50","mobile-grid-100","grid-parent","grid-50"],"jetpack_publicize_connections":[],"jetpack_featured_media_url":"","wps_subtitle":"Acci\u00f3n deliberativa ","jetpack_sharing_enabled":true,"_links":{"self":[{"href":"https:\/\/www.hoymercedes.com.ar\/principal\/wp-json\/wp\/v2\/posts\/35086","targetHints":{"allow":["GET"]}}],"collection":[{"href":"https:\/\/www.hoymercedes.com.ar\/principal\/wp-json\/wp\/v2\/posts"}],"about":[{"href":"https:\/\/www.hoymercedes.com.ar\/principal\/wp-json\/wp\/v2\/types\/post"}],"author":[{"embeddable":true,"href":"https:\/\/www.hoymercedes.com.ar\/principal\/wp-json\/wp\/v2\/users\/1"}],"replies":[{"embeddable":true,"href":"https:\/\/www.hoymercedes.com.ar\/principal\/wp-json\/wp\/v2\/comments?post=35086"}],"version-history":[{"count":0,"href":"https:\/\/www.hoymercedes.com.ar\/principal\/wp-json\/wp\/v2\/posts\/35086\/revisions"}],"wp:attachment":[{"href":"https:\/\/www.hoymercedes.com.ar\/principal\/wp-json\/wp\/v2\/media?parent=35086"}],"wp:term":[{"taxonomy":"category","embeddable":true,"href":"https:\/\/www.hoymercedes.com.ar\/principal\/wp-json\/wp\/v2\/categories?post=35086"},{"taxonomy":"post_tag","embeddable":true,"href":"https:\/\/www.hoymercedes.com.ar\/principal\/wp-json\/wp\/v2\/tags?post=35086"}],"curies":[{"name":"wp","href":"https:\/\/api.w.org\/{rel}","templated":true}]}}