{"id":35091,"date":"2014-08-12T15:35:37","date_gmt":"2014-08-12T18:35:37","guid":{"rendered":"http:\/\/www.hoymercedes.com.ar\/principal\/?p=35091"},"modified":"2014-08-12T15:41:32","modified_gmt":"2014-08-12T18:41:32","slug":"camila-rolon-brindaron-charla-sobre-medio-ambiente-a-jovenes","status":"publish","type":"post","link":"https:\/\/www.hoymercedes.com.ar\/principal\/2014\/08\/12\/camila-rolon-brindaron-charla-sobre-medio-ambiente-a-jovenes\/","title":{"rendered":"Camila Rol\u00f3n: Brindaron charla sobre medio ambiente a j\u00f3venes"},"content":{"rendered":"<p><a href=\"https:\/\/www.hoymercedes.com.ar\/principal\/wp-content\/uploads\/2014\/08\/camilarolon.jpg\"><img loading=\"lazy\" decoding=\"async\" data-attachment-id=\"35092\" data-permalink=\"https:\/\/www.hoymercedes.com.ar\/principal\/2014\/08\/12\/camila-rolon-brindaron-charla-sobre-medio-ambiente-a-jovenes\/camilarolon\/#main\" data-orig-file=\"https:\/\/www.hoymercedes.com.ar\/principal\/wp-content\/uploads\/2014\/08\/camilarolon.jpg\" data-orig-size=\"620,463\" data-comments-opened=\"1\" data-image-meta=\"{&quot;aperture&quot;:&quot;0&quot;,&quot;credit&quot;:&quot;&quot;,&quot;camera&quot;:&quot;&quot;,&quot;caption&quot;:&quot;&quot;,&quot;created_timestamp&quot;:&quot;0&quot;,&quot;copyright&quot;:&quot;&quot;,&quot;focal_length&quot;:&quot;0&quot;,&quot;iso&quot;:&quot;0&quot;,&quot;shutter_speed&quot;:&quot;0&quot;,&quot;title&quot;:&quot;&quot;}\" data-image-title=\"camilarolon\" data-image-description=\"\" data-image-caption=\"\" data-large-file=\"https:\/\/www.hoymercedes.com.ar\/principal\/wp-content\/uploads\/2014\/08\/camilarolon.jpg\" class=\"Img2014 aligncenter wp-image-35092 size-full\" src=\"https:\/\/www.hoymercedes.com.ar\/principal\/wp-content\/uploads\/2014\/08\/camilarolon.jpg\" alt=\"camilarolon\" width=\"620\" height=\"463\" \/><\/a><\/p>\n<p><em><strong>Organizado por la Sociedad de Fomento del barrio Seminario se llev\u00f3 a cabo un encuentro donde se dialog\u00f3 en torno al medio ambiente. Participaron los alumnos del ciclo secundario del Instituto Madre Camila y del Instituto Padre Ansaldo.<\/strong><\/em><\/p>\n<p>La charla fue especialmente para los j\u00f3venes de\u00a0 4to y 5to a\u00f1o de la mencionada instituci\u00f3n educativa.<\/p>\n<p>Carlos Mosso, presidente de la Sociedad de Fomento, coment\u00f3 que les resulta muy importante trabajar con las generaciones futuras sobre temas muy sensibles para nuestras comunidades a la vez que adelant\u00f3 en el futuro se har\u00e1 algo similar sobre seguridad vial, algo que vienen trabajando desde hace un tiempo.<\/p>\n<p>Estuvieron presentes y presentaron ideas los j\u00f3venes del Programa Envi\u00f3n as\u00ed como integrantes de la Asociaci\u00f3n Civil S.O.S H\u00e1bitat en relaci\u00f3n al cuidado del agua potable, dulce de consumo y R\u00edo Luj\u00e1n.<\/p>\n<p>El cierre de la actividad estuvo a cargo de la Escuela Municipal de Danzas que efectu\u00f3 un baile. Una zamba dedicada al medio ambiente y los \u00e1rboles.<\/p>\n<p>La actividad, promovida por la Uni\u00f3n de Padres, prev\u00e9 tener nuevos correlatos con diferentes tem\u00e1ticas sociales.<\/p>\n<p>Desde la barriada sostuvieron: \u201cL<em>a Comisi\u00f3n del Barrio Seminario, agradece enormemente a las autoridades de Camila Rolon, Uni\u00f3n de Padres, por la colaboraci\u00f3n, a las autoridades y alumnos de ambas Instituciones por la participaci\u00f3n, a los expositores, realmente quedamos muy conformes por la jornada que no ser\u00e1 la \u00faltima y por diferentes temas.\u201d<\/em><\/p>\n<p>&nbsp;<\/p>\n<p>&nbsp;<\/p>\n<p>&nbsp;<\/p>\n","protected":false},"excerpt":{"rendered":"<p>Organizado por la Sociedad de Fomento del barrio Seminario se llev\u00f3 a cabo un encuentro donde se dialog\u00f3 en torno &#8230; <a title=\"Camila Rol\u00f3n: Brindaron charla sobre medio ambiente a j\u00f3venes\" class=\"read-more\" href=\"https:\/\/www.hoymercedes.com.ar\/principal\/2014\/08\/12\/camila-rolon-brindaron-charla-sobre-medio-ambiente-a-jovenes\/\" aria-label=\"Leer m\u00e1s sobre Camila Rol\u00f3n: Brindaron charla sobre medio ambiente a j\u00f3venes\">Leer m\u00e1s<\/a><\/p>\n","protected":false},"author":1,"featured_media":0,"comment_status":"open","ping_status":"open","sticky":false,"template":"","format":"standard","meta":{"_monsterinsights_skip_tracking":false,"_monsterinsights_sitenote_active":false,"_monsterinsights_sitenote_note":"","_monsterinsights_sitenote_category":0,"jetpack_post_was_ever_published":false,"_jetpack_newsletter_access":"","_jetpack_dont_email_post_to_subs":false,"_jetpack_newsletter_tier_id":0,"_jetpack_memberships_contains_paywalled_content":false,"_jetpack_memberships_contains_paid_content":false,"footnotes":"","jetpack_publicize_message":"","jetpack_publicize_feature_enabled":true,"jetpack_social_post_already_shared":false,"jetpack_social_options":{"image_generator_settings":{"template":"highway","default_image_id":0,"font":"","enabled":false},"version":2},"_wpas_customize_per_network":false},"categories":[23],"tags":[3692,14],"class_list":["post-35091","post","type-post","status-publish","format-standard","hentry","category-educacion","tag-barrio-seminario","tag-camila-rolon","generate-columns","tablet-grid-50","mobile-grid-100","grid-parent","grid-50"],"jetpack_publicize_connections":[],"jetpack_featured_media_url":"","wps_subtitle":"Organizado por Barrio Seminario","jetpack_sharing_enabled":true,"_links":{"self":[{"href":"https:\/\/www.hoymercedes.com.ar\/principal\/wp-json\/wp\/v2\/posts\/35091","targetHints":{"allow":["GET"]}}],"collection":[{"href":"https:\/\/www.hoymercedes.com.ar\/principal\/wp-json\/wp\/v2\/posts"}],"about":[{"href":"https:\/\/www.hoymercedes.com.ar\/principal\/wp-json\/wp\/v2\/types\/post"}],"author":[{"embeddable":true,"href":"https:\/\/www.hoymercedes.com.ar\/principal\/wp-json\/wp\/v2\/users\/1"}],"replies":[{"embeddable":true,"href":"https:\/\/www.hoymercedes.com.ar\/principal\/wp-json\/wp\/v2\/comments?post=35091"}],"version-history":[{"count":0,"href":"https:\/\/www.hoymercedes.com.ar\/principal\/wp-json\/wp\/v2\/posts\/35091\/revisions"}],"wp:attachment":[{"href":"https:\/\/www.hoymercedes.com.ar\/principal\/wp-json\/wp\/v2\/media?parent=35091"}],"wp:term":[{"taxonomy":"category","embeddable":true,"href":"https:\/\/www.hoymercedes.com.ar\/principal\/wp-json\/wp\/v2\/categories?post=35091"},{"taxonomy":"post_tag","embeddable":true,"href":"https:\/\/www.hoymercedes.com.ar\/principal\/wp-json\/wp\/v2\/tags?post=35091"}],"curies":[{"name":"wp","href":"https:\/\/api.w.org\/{rel}","templated":true}]}}